{"id":10046,"date":"2011-05-06T07:31:48","date_gmt":"2011-05-06T05:31:48","guid":{"rendered":"http:\/\/grzegorzjaszczura.pl\/?p=10046"},"modified":"2011-05-06T12:58:53","modified_gmt":"2011-05-06T10:58:53","slug":"www-zlikwidujzus-com","status":"publish","type":"post","link":"https:\/\/grzegorzjaszczura.pl\/?p=10046","title":{"rendered":"www.zlikwidujzus.com"},"content":{"rendered":"<p style=\"text-align: justify;\"><strong><a href=\"http:\/\/grzegorzjaszczura.pl\/http:\/\/grzegorzjaszczura.pl\/wp-content\/uploads\/2011\/05\/Zdj\u0119cie0293.jpg\"><img loading=\"lazy\" decoding=\"async\" class=\"alignleft size-thumbnail wp-image-10108\" title=\"Zdj\u0119cie0293\" src=\"http:\/\/grzegorzjaszczura.pl\/http:\/\/grzegorzjaszczura.pl\/wp-content\/uploads\/2011\/05\/Zdj\u0119cie0293-150x150.jpg\" alt=\"\" width=\"150\" height=\"150\" \/><\/a>Jako przedsi\u0119biorca, codziennie spotykam si\u0119 z coraz bardziej skomplikowanymi i antyprzedsi\u0119biorczymi nowymi aktami urz\u0119dniczymi, opracowywanymi przez te czy inne biurwy. Wspomina\u0142 o tym prof. K. Rybi\u0144ski w swoim przem\u00f3wieniu na ostatnim Kongresie Nowej Prawicy. <!--more-->Zob.: <\/strong><a href=\"http:\/\/www.youtube.com\/watch?v=4WalxvB1HIU&amp;feature=youtu.be\">http:\/\/www.youtube.com\/watch?v=4WalxvB1HIU&amp;feature=youtu.be<\/a><strong>.<\/strong><\/p>\n<p style=\"text-align: justify;\"><strong>Ale dzisiaj chcia\u0142bym przekaza\u0107 informacj\u0119 o akcji skierowanej przeciwko jednemu z gorszych spadk\u00f3w (zachowk\u00f3w) po <span style=\"color: #ff0000;\">systemie komunistycznym<\/span>, czyli <span style=\"color: #ff0000;\">ZUS-ie<\/span>. System ubezpiecze\u0144 spo\u0142ecznych w naszym kraju jest sztywny, opracowany przez W\u0142adze pa\u0144stwa, kt\u00f3rego wykonywanie zagwarantowane jest przymusem pa\u0144stwowym. Jest antywolnorynkowy. Mo\u017cna by jedynie uzna\u0107, \u017ce pasuje do takowego systemu promowanego przez lewicow\u0105 <span style=\"color: #ff0000;\">Uni\u0119 Europejsk\u0105<\/span>. Niejednokrotnie tzw. &#8222;zbieg ubezpiecze\u0144&#8221;, doprowadza do sytuacji co najmniej kontrowersyjnych, zawsze niekorzystnych dla przedsi\u0119biorc\u00f3w. System ubezpiecze\u0144 spo\u0142ecznych powinien by\u0107 zast\u0105piony nowym regulowanym przez prawa rynku sposobem na ubezpieczenia spo\u0142eczne, w kt\u00f3rym decyduj\u0105ce zdanie mieliby sami zainteresowani a nie Rz\u0105d. Im szybciej tym lepiej, odwrotnie ni\u017c realizuj\u0105 to wspomniane biurwy.<\/strong><\/p>\n<p style=\"text-align: justify;\"><strong>A\u017c dziw, \u017ce <span style=\"color: #ff0000;\">ZUS<\/span> ma zupe\u0142nie inne zdanie: <span style=\"color: #ff0000;\"><em>&#8222;<\/em><\/span><\/strong><span style=\"color: #ff0000;\"><em>Cho\u0107 w obiegowej opinii <strong>ZUS<\/strong> jest dzieckiem  komunizmu i jako taki powinien odej\u015b\u0107 wraz z nim w mrok historii, to  jednak <strong>wci\u0105\u017c istnieje i ma si\u0119 ca\u0142kiem dobrze<\/strong>. <strong>By\u0107 mo\u017ce dlatego, \u017ce z  komunizmem nie ma nic wsp\u00f3lnego <\/strong><\/em><span style=\"color: #000000;\">(!-wykrzyknik m\u00f3j)<\/span><em>, a jego tradycja si\u0119ga roku 1934. [&#8230;] Krytykom biurokracji pewnie trudno b\u0119dzie w  to uwierzy\u0107, ale fakt jest faktem: <strong>Zak\u0142ad Ubezpiecze\u0144 Spo\u0142ecznych  powsta\u0142 jako lekarstwo na administracyjn\u0105 niewydolno\u015b\u0107 dzia\u0142aj\u0105cych  wcze\u015bniej w Polsce instytucji ubezpieczeniowych<\/strong>. <strong>I co gorsza &#8211; decyzja  ta okaza\u0142a si\u0119 &#8222;strza\u0142em w dziesi\u0105tk\u0119&#8221;<\/strong>.&#8221;<\/em><\/span> <strong>Takie &#8222;m\u0105dro\u015bci&#8221; mo\u017cesz przeczyta\u0107<a href=\"http:\/\/www.zus.pl\/default.asp?p=2&amp;id=345\"> na oficjalnej stronie <\/a><span style=\"color: #ff0000;\">ZUS-u<\/span>! Totalnym absurdem jest to, \u017ce ten <span style=\"color: #ff0000;\">ZUS<\/span> powsta\u0142 jako lekarstwo i wg autora na stronie <span style=\"color: #ff0000;\">ZUS-u<\/span> by\u0142 to strza\u0142 w dziesi\u0105tk\u0119 (!!!), ale to by\u0142o to &#8222;gorsze&#8221; co mog\u0142o nast\u0105pi\u0107 (?). Absurd! Na dodatek: <span style=\"color: #ff0000;\">&#8222;ma si\u0119 ca\u0142kiem dobrze&#8221;<\/span>!!! Na dodatek przymus ubezpieczenia, akurat u nich w <span style=\"color: #ff0000;\">ZUS-ie<\/span>, wymuszony na obywatelach, nie jest sk\u0142adnikiem systemu totalitarnego, czyli <span style=\"color: #ff0000;\">komunizmu<\/span> (ew. faszyzmu, <em>vel<\/em> <span style=\"color: #ff0000;\">socjalizmu<\/span>)!!!<br \/>\n<\/strong><\/p>\n<p style=\"text-align: justify;\"><strong>Przechodz\u0105c do <em>meritum<\/em>. Otrzyma\u0142em przed kilkoma dniami zaproszenie od pana Andrzeja Krug\u0142ego na <\/strong><strong><span style=\"color: #0000ff;\">Manifestacj\u0119 Przedsi\u0119biorc\u00f3w &#8222;przeciwko bezprawiu <span style=\"color: #ff0000;\">ZUS<\/span>&#8222;<\/span>. <span style=\"color: #0000ff;\">Odb\u0119dzie si\u0119 ona w dniu 12.05.2011 r. o godz. 11.00. pod Sejmem w Warszawie. <\/span>Zach\u0119cam wszystkich przedsi\u0119biorc\u00f3w do wzi\u0119cia w niej udzia\u0142u. O tym &#8222;zbiegu ubezpiecze\u0144&#8221;, kt\u00f3ry mo\u017cna by napisa\u0107, zawsze skierowany jest przeciwko przedsi\u0119biorcy, mo\u017cesz przeczyta\u0107 w <a href=\"http:\/\/kontakt24.tvn.pl\/artykul,-quot-manifa-przeciw-bezprawiu-zus-quot-przedsiebiorcy-praca-nakladcza-zus-klopoty,95966.html\">tek\u015bcie pana A. Krug\u0142ego<\/a>. Tyczy si\u0119 to przyk\u0142adu &#8222;bezprawnego dobezpieczenia&#8221; tych, kt\u00f3rzy prowadzili prac\u0119 nak\u0142adcz\u0105, przy jednoczesnym prowadzeniu dzia\u0142alno\u015bci gospodarczej.<\/strong><\/p>\n<p style=\"text-align: justify;\"><strong>Czy inny przyk\u0142ad:<\/strong><\/p>\n<p style=\"text-align: justify;\"><span style=\"color: #0000ff;\"><strong><em>&#8222;Warto wiedzie\u0107, \u017ce to swoiste &#8222;polowanie na czarownice&#8221; prowadzone przez ZUS dotyczy r\u00f3wnie\u017c os\u00f3b ze zbiegiem tytu\u0142\u00f3w ubezpieczenia ze wzgl\u0119du na prowadzon\u0105 dzia\u0142alno\u015b\u0107 gospodarcz\u0105 i wykonywaniem umowy &#8211; zlecenia, tak\u017ce tzw. &#8222;zawieszeniowc\u00f3w&#8221; czyli os\u00f3b zawieszaj\u0105cych okresowo swoj\u0105 dzia\u0142alno\u015b\u0107 ze wzgl\u0119du na jej sezonowo\u015b\u0107 (w pewnym okresie roku musieliby dop\u0142aca\u0107 do interesu) oraz s\u0142ynnej sprawy z matkami, kt\u00f3re prowadzi\u0142y dzia\u0142alno\u015b\u0107<\/em> <em>gospodarcz\u0105, a jednocze\u015bnie korzysta\u0142y z urlop\u00f3w macierzy\u0144skich i wychowawczych.&#8221;<\/em><\/strong><\/span><\/p>\n<p style=\"text-align: justify;\"><strong>P\u00f3ki tego przymusu <span style=\"color: #ff0000;\">ZUS-u<\/span> nie obalimy, ka\u017cdy musi sam pomy\u015ble\u0107 o sobie na emeryturze, poniewa\u017c nie wierz\u0119, \u017ce zrobi to za przedsi\u0119biorc\u00f3w nasze pa\u0144stwo czy czerwona <span style=\"color: #ff0000;\">Unia Europejska<\/span>. Akurat takiego cudu nie b\u0119dzie na pewno! <em>Je donne une garantie.<\/em><br \/>\n<\/strong><\/p>\n<p style=\"text-align: justify;\"><strong>Zobacz tak\u017ce specjaln\u0105 stron\u0119 internetow\u0105 za\u0142o\u017con\u0105 przeciwko<span style=\"color: #ff0000;\"> ZUS-owi<\/span>!: <\/strong><a href=\"http:\/\/www.zlikwidujzus.com\/\">http:\/\/www.zlikwidujzus.com\/<\/a><strong>.<\/strong><\/p>\n<p>Informacja dot. manifestacji przeciwko poczynaniom <span style=\"color: #ff0000;\">ZUS<\/span><span style=\"color: #ff0000;\"> <\/span>: <a href=\"http:\/\/kontakt24.tvn.pl\/artykul,-quot-manifa-przeciw-bezprawiu-zus-quot-przedsiebiorcy-praca-nakladcza-zus-klopoty,95966.html\">http:\/\/kontakt24.tvn.pl\/artykul,-quot-manifa-przeciw-bezprawiu-zus-quot-przedsiebiorcy-praca-nakladcza-zus-klopoty,95966.html<\/a><\/p>\n<p>Dyskusja internaut\u00f3w na stronie: <a href=\"http:\/\/www.zlikwidujzus.com\/forum\/viewthread.php?forum_id=4&amp;thread_id=334&amp;rowstart=2980\">http:\/\/www.zlikwidujzus.com\/forum\/viewthread.php?forum_id=4&amp;thread_id=334&amp;rowstart=2980<\/a>.<\/p>\n<p style=\"text-align: justify;\"><strong><br \/>\n<\/strong><\/p>\n","protected":false},"excerpt":{"rendered":"<p>Jako przedsi\u0119biorca, codziennie spotykam si\u0119 z coraz bardziej skomplikowanymi i antyprzedsi\u0119biorczymi nowymi aktami urz\u0119dniczymi, opracowywanymi przez te czy inne biurwy. Wspomina\u0142 o tym prof. K. Rybi\u0144ski w swoim przem\u00f3wieniu na ostatnim Kongresie Nowej Prawicy.<\/p>\n","protected":false},"author":2,"featured_media":0,"comment_status":"open","ping_status":"open","sticky":false,"template":"","format":"standard","meta":{"_monsterinsights_skip_tracking":false,"_monsterinsights_sitenote_active":false,"_monsterinsights_sitenote_note":"","_monsterinsights_sitenote_category":0,"footnotes":""},"categories":[3],"tags":[],"class_list":["post-10046","post","type-post","status-publish","format-standard","hentry","category-polityczne"],"_links":{"self":[{"href":"https:\/\/grzegorzjaszczura.pl\/index.php?rest_route=\/wp\/v2\/posts\/10046","targetHints":{"allow":["GET"]}}],"collection":[{"href":"https:\/\/grzegorzjaszczura.pl\/index.php?rest_route=\/wp\/v2\/posts"}],"about":[{"href":"https:\/\/grzegorzjaszczura.pl\/index.php?rest_route=\/wp\/v2\/types\/post"}],"author":[{"embeddable":true,"href":"https:\/\/grzegorzjaszczura.pl\/index.php?rest_route=\/wp\/v2\/users\/2"}],"replies":[{"embeddable":true,"href":"https:\/\/grzegorzjaszczura.pl\/index.php?rest_route=%2Fwp%2Fv2%2Fcomments&post=10046"}],"version-history":[{"count":57,"href":"https:\/\/grzegorzjaszczura.pl\/index.php?rest_route=\/wp\/v2\/posts\/10046\/revisions"}],"predecessor-version":[{"id":10131,"href":"https:\/\/grzegorzjaszczura.pl\/index.php?rest_route=\/wp\/v2\/posts\/10046\/revisions\/10131"}],"wp:attachment":[{"href":"https:\/\/grzegorzjaszczura.pl\/index.php?rest_route=%2Fwp%2Fv2%2Fmedia&parent=10046"}],"wp:term":[{"taxonomy":"category","embeddable":true,"href":"https:\/\/grzegorzjaszczura.pl\/index.php?rest_route=%2Fwp%2Fv2%2Fcategories&post=10046"},{"taxonomy":"post_tag","embeddable":true,"href":"https:\/\/grzegorzjaszczura.pl\/index.php?rest_route=%2Fwp%2Fv2%2Ftags&post=10046"}],"curies":[{"name":"wp","href":"https:\/\/api.w.org\/{rel}","templated":true}]}}