{"id":1013,"date":"2010-01-08T08:56:50","date_gmt":"2010-01-08T06:56:50","guid":{"rendered":"http:\/\/grzegorzjaszczura.pl\/?p=1013"},"modified":"2010-01-09T22:59:15","modified_gmt":"2010-01-09T20:59:15","slug":"rafal-a-ziemkiewicz","status":"publish","type":"post","link":"https:\/\/grzegorzjaszczura.pl\/?p=1013","title":{"rendered":"Rafa\u0142 A. Ziemkiewicz"},"content":{"rendered":"<p style=\"text-align: justify;\">Du\u017co prawicowych i wolno\u015bciowych portali i bloger\u00f3w zamieszcza linki do artyku\u0142u tego publicysty, zamieszczonego w Rzeczpospolitej OnLine, o sytuacji w naszym pa\u0144stwie. Nie b\u0119d\u0119 si\u0119 wy\u0142amywa\u0142: <a href=\"http:\/\/www.rp.pl\/artykul\/413962.html\">http:\/\/www.rp.pl\/artykul\/413962.html<\/a><\/p>\n<p style=\"text-align: justify;\">Chcia\u0142bym tylko delikatnie zwr\u00f3ci\u0107 uwag\u0119, nie umniejszaj\u0105c\u00a0 spostrzegawczo\u015bci autora, \u017ce Pan Rafa\u0142 &#8222;lekko&#8221; wyalienowa\u0142 nasze pa\u0144stwo (a raczej Republik\u0119 unioeuropejsk\u0105) i &#8222;rz\u0105dz\u0105cych&#8221; z otoczki, w kt\u00f3rej jeste\u015bmy od 1 grudnia ub. r., tj. pa\u0144stwa: Unia Europejska. To dziwne, bo o ile pami\u0119tam popiera\u0142 on akces Polski do UE swego czasu, a na wiele zjawisk i zdarze\u0144 wg mnie mia\u0142o i ma to decyduj\u0105cy wp\u0142yw, szczeg\u00f3lnie w kontek\u015bcie tego, co opisuje w tym artykule redaktor R. Ziemkiewicz. <span style=\"color: #0000ff;\"><strong>Oczywi\u015bcie zach\u0119cam do lektury.<\/strong><\/span><\/p>\n<p style=\"text-align: justify;\">\n","protected":false},"excerpt":{"rendered":"<p>Du\u017co prawicowych i wolno\u015bciowych portali i bloger\u00f3w zamieszcza linki do artyku\u0142u tego publicysty, zamieszczonego w Rzeczpospolitej OnLine, o sytuacji w naszym pa\u0144stwie. Nie b\u0119d\u0119 si\u0119 wy\u0142amywa\u0142: http:\/\/www.rp.pl\/artykul\/413962.html Chcia\u0142bym tylko delikatnie zwr\u00f3ci\u0107 uwag\u0119, nie umniejszaj\u0105c\u00a0 spostrzegawczo\u015bci autora, \u017ce Pan Rafa\u0142 &#8222;lekko&#8221; wyalienowa\u0142 nasze pa\u0144stwo (a raczej Republik\u0119 unioeuropejsk\u0105) i &#8222;rz\u0105dz\u0105cych&#8221; z otoczki, w kt\u00f3rej jeste\u015bmy od [&hellip;]<\/p>\n","protected":false},"author":2,"featured_media":0,"comment_status":"open","ping_status":"open","sticky":false,"template":"","format":"standard","meta":{"_monsterinsights_skip_tracking":false,"_monsterinsights_sitenote_active":false,"_monsterinsights_sitenote_note":"","_monsterinsights_sitenote_category":0,"footnotes":""},"categories":[3],"tags":[],"class_list":["post-1013","post","type-post","status-publish","format-standard","hentry","category-polityczne"],"_links":{"self":[{"href":"https:\/\/grzegorzjaszczura.pl\/index.php?rest_route=\/wp\/v2\/posts\/1013","targetHints":{"allow":["GET"]}}],"collection":[{"href":"https:\/\/grzegorzjaszczura.pl\/index.php?rest_route=\/wp\/v2\/posts"}],"about":[{"href":"https:\/\/grzegorzjaszczura.pl\/index.php?rest_route=\/wp\/v2\/types\/post"}],"author":[{"embeddable":true,"href":"https:\/\/grzegorzjaszczura.pl\/index.php?rest_route=\/wp\/v2\/users\/2"}],"replies":[{"embeddable":true,"href":"https:\/\/grzegorzjaszczura.pl\/index.php?rest_route=%2Fwp%2Fv2%2Fcomments&post=1013"}],"version-history":[{"count":24,"href":"https:\/\/grzegorzjaszczura.pl\/index.php?rest_route=\/wp\/v2\/posts\/1013\/revisions"}],"predecessor-version":[{"id":1042,"href":"https:\/\/grzegorzjaszczura.pl\/index.php?rest_route=\/wp\/v2\/posts\/1013\/revisions\/1042"}],"wp:attachment":[{"href":"https:\/\/grzegorzjaszczura.pl\/index.php?rest_route=%2Fwp%2Fv2%2Fmedia&parent=1013"}],"wp:term":[{"taxonomy":"category","embeddable":true,"href":"https:\/\/grzegorzjaszczura.pl\/index.php?rest_route=%2Fwp%2Fv2%2Fcategories&post=1013"},{"taxonomy":"post_tag","embeddable":true,"href":"https:\/\/grzegorzjaszczura.pl\/index.php?rest_route=%2Fwp%2Fv2%2Ftags&post=1013"}],"curies":[{"name":"wp","href":"https:\/\/api.w.org\/{rel}","templated":true}]}}