{"id":10953,"date":"2011-06-10T08:17:37","date_gmt":"2011-06-10T06:17:37","guid":{"rendered":"http:\/\/grzegorzjaszczura.pl\/?p=10953"},"modified":"2011-06-10T21:25:14","modified_gmt":"2011-06-10T19:25:14","slug":"rafal-a-ziemkiewicz-zgred","status":"publish","type":"post","link":"https:\/\/grzegorzjaszczura.pl\/?p=10953","title":{"rendered":"Rafa\u0142 A. Ziemkiewicz &#8211; &#8222;Zgred&#8221;"},"content":{"rendered":"<p style=\"text-align: justify;\"><strong><a href=\"http:\/\/grzegorzjaszczura.pl\/http:\/\/grzegorzjaszczura.pl\/wp-content\/uploads\/2011\/06\/Zdj\u0119cie0566.jpg\"><img loading=\"lazy\" decoding=\"async\" class=\"alignleft size-thumbnail wp-image-10968\" title=\"Zdj\u0119cie0566\" src=\"http:\/\/grzegorzjaszczura.pl\/http:\/\/grzegorzjaszczura.pl\/wp-content\/uploads\/2011\/06\/Zdj\u0119cie0566-150x150.jpg\" alt=\"\" width=\"150\" height=\"150\" \/><\/a>Spotkania w d\u0105browskim klubie <span style=\"color: #0000ff;\">Gazety Polskiej<\/span><\/strong> co tydzie\u0144 przynosz\u0105 interesuj\u0105ce wra\u017cenia, wynikaj\u0105ce z poruszanych w trakcie nich temat\u00f3w. Du\u017ca w tym zas\u0142uga prelegent\u00f3w, z napisa\u0142bym, pierwszej polskiej ligi. Tym razem (08.06.2011 r.) go\u015bciem by\u0142 pisarz, publicysta, komentator polityczny i dziennikarz pan <strong>Rafa\u0142 A. Ziemkiewicz <\/strong>(kiedy\u015b oczywi\u015bcie <strong>U<span style=\"color: #00ffff;\">P<\/span>R<\/strong>). <!--more-->Spotkanie klubu odby\u0142o si\u0119 tradycyjnie w sali konferencyjnej przy BAZYLICE MATKI BOSKIEJ ANIELSKIEJ, przy ul. Kr\u00f3lowej Jadwigi 17 w D\u0105browie G\u00f3rniczej.<\/p>\n<p style=\"text-align: justify;\"><strong>Rafa\u0142 A. Ziemkiewicz<\/strong> jest autorem ksi\u0105\u017cek publicystycznych \u201ePolactwo\u201d i \u201eMichnikowszczyzna\u201d, prozy fantastycznej \u201ePieprzony los Kataryniarza\u201d, \u201eWalc Stulecia\u201d oraz wsp\u00f3\u0142czesnej \u201eCia\u0142o Obce\u201d, \u201e\u017bywina\u201d. Obecnie komentuje na bie\u017c\u0105co \u017cycie publiczne w \u201eRzeczpospolitej\u201d, tygodnikach \u201eUwa\u017cam Rze\u201d i \u201eGazeta Polska\u201d oraz na portalu <a href=\"http:\/\/interia.pl\/\">interia.pl.<\/a><\/p>\n<p style=\"text-align: justify;\"><strong><a href=\"http:\/\/grzegorzjaszczura.pl\/http:\/\/grzegorzjaszczura.pl\/wp-content\/uploads\/2011\/06\/Zdj\u0119cie0561.jpg\"><img loading=\"lazy\" decoding=\"async\" class=\"alignleft size-thumbnail wp-image-10971\" title=\"Zdj\u0119cie0561\" src=\"http:\/\/grzegorzjaszczura.pl\/http:\/\/grzegorzjaszczura.pl\/wp-content\/uploads\/2011\/06\/Zdj\u0119cie0561-150x150.jpg\" alt=\"\" width=\"150\" height=\"150\" \/><\/a><a href=\"http:\/\/grzegorzjaszczura.pl\/http:\/\/grzegorzjaszczura.pl\/wp-content\/uploads\/2011\/06\/SKMBT_C20311060915181.jpg\"><img loading=\"lazy\" decoding=\"async\" class=\"alignleft size-thumbnail wp-image-11002\" title=\"SKMBT_C20311060915181\" src=\"http:\/\/grzegorzjaszczura.pl\/http:\/\/grzegorzjaszczura.pl\/wp-content\/uploads\/2011\/06\/SKMBT_C20311060915181-150x150.jpg\" alt=\"\" width=\"150\" height=\"150\" \/><\/a>Akurat to spotkanie by\u0142o po\u015bwi\u0119cone promocji najnowszej powie\u015bci autora zatytu\u0142owanej &#8222;Zgred&#8221;.<\/strong> Obejmuje ona w formie dziennika zapiski dotycz\u0105ce okresu od lutego do 15 kwietnia 2010 roku, czyli wiadomy okres. Odsy\u0142am do ksi\u0105\u017cki.<\/p>\n<p style=\"text-align: justify;\"><strong>Po prawie godzinnej prelekcji pana R. A. Ziemkiewicza bardzo licznie zgromadzona publiczno\u015b\u0107 zadawa\u0142a pytania, ju\u017c nie tylko dotycz\u0105ce literatury.<\/strong> <em>Nota bene<\/em> ludzie stali w drzwiach nie mieszcz\u0105c si\u0119 w salce konferencyjnej. Zada\u0142em te\u017c pytanie, m.in. w kontek\u015bcie przewijaj\u0105cego si\u0119 w\u0105tku o konieczno\u015bci moralnej odnowy naszego narodu i pa\u0144stwa. Mianowicie, poniewa\u017c pan Rafa\u0142 popar\u0142 kiedy\u015b przyst\u0105pienie Polski do tzw. <span style=\"color: #ff0000;\">Unii Europejskiej<\/span>, zapyta\u0142em czy obecnie tak samo post\u0105pi\u0142by? Ewidentnie przecie\u017c socjalistyczna <span style=\"color: #ff0000;\">Unia<\/span> si\u0119 wali (Grecja, Irlandia, Portugalia, Hiszpania), zad\u0142u\u017ca obywateli poszczeg\u00f3lnych parapa\u0144stw na ni\u0105 si\u0119 sk\u0142adaj\u0105cych, buduje bizantyjskie gmachy dla swoich <span style=\"color: #ff0000;\">biurw<\/span> (urz\u0119dnik\u00f3w), a b\u0119dzie znacznie gorzej po 2013 roku, itp., <em>etc.<\/em> Niestety pan <strong>R. A. Ziemkiewicz<\/strong> idzie w zaparte, twierdz\u0105c, \u017ce popar\u0142by, a oddzielnym problemem s\u0105 warunki na jakich nale\u017cy przyst\u0105pi\u0107 i polityka jak\u0105 rz\u0105d prowadzi. Czyli wcisn\u0105\u0142 troch\u0119 kitu i utopii. Nie s\u0105dz\u0119, \u017ce jaki\u015b &#8222;nasz&#8221; rz\u0105d, tzw. polski jest w stanie zmieni\u0107 nasz\u0105 polityk\u0119 b\u0119d\u0105c w \u015brodku <span style=\"color: #ff0000;\">Unii<\/span> <span style=\"color: #ff0000;\">E. (ZSRE)<\/span>.<\/p>\n<p style=\"text-align: justify;\"><a href=\"http:\/\/grzegorzjaszczura.pl\/http:\/\/grzegorzjaszczura.pl\/wp-content\/uploads\/2011\/06\/Zdj\u0119cie0564.jpg\"><img loading=\"lazy\" decoding=\"async\" class=\"alignleft size-thumbnail wp-image-10974\" title=\"Zdj\u0119cie0564\" src=\"http:\/\/grzegorzjaszczura.pl\/http:\/\/grzegorzjaszczura.pl\/wp-content\/uploads\/2011\/06\/Zdj\u0119cie0564-150x150.jpg\" alt=\"\" width=\"150\" height=\"150\" \/><\/a>Popar\u0142 to tylko jednym argumentem, dotycz\u0105cym niby niezale\u017cno\u015bci naszego kraju od Rosji co do dostaw gazu i zawetowaniem umowy gazowej premiera Pawlaka przez w\u0142a\u015bnie jak\u0105\u015b komisj\u0119 <span style=\"color: #ff0000;\">UE<\/span>. Jest to bardzo naci\u0105gany argument, kt\u00f3ry obali\u0142 nast\u0119pny pytaj\u0105cy, twierdz\u0105cy \u017ce w\u0142a\u015bnie przez <span style=\"color: #ff0000;\">Uni\u0119 E.<\/span> zostaniemy ju\u017c wkr\u00f3tce uzale\u017cnieni od Rosji w tej dziedzinie, przecie\u017c strategicznej. Tak na deser <em>a propos<\/em> link:<a href=\"http:\/\/podatki.onet.pl\/komisja-grozi-europodatkami,19923,4413665,1,prasa-detal\"> http:\/\/podatki.onet.pl\/komisja-grozi-europodatkami,19923,4413665,1,prasa-detal<\/a>, od kt\u00f3rego chce si\u0119 rzyga\u0107.<\/p>\n<p style=\"text-align: justify;\"><em><span style=\"color: #0000ff;\">Tak na marginesie, a propos pa\u0144stw <span style=\"color: #ff0000;\">ZSRE<\/span>, w kt\u00f3rych najbardziej ujawni\u0142 si\u0119 kryzys i krach (jak zawsze!) <span style=\"color: #ff0000;\">gospodarki socjalistycznej<\/span>, czyli Grecji, Portugalii i Hiszpanii to prosz\u0119 sobie przeanalizowa\u0107, \u017ce nast\u0105pi\u0142o to po organizacji olbrzymich imprez sportowych przez ww. kraje (IO, M\u015a, ME).<\/span><\/em> <span style=\"color: #0000ff;\"><em>Szcz\u0119\u015bliwie u nas w Rodzinie moja \u017bona jest optymistk\u0105, a tylko ja realist\u0105.<\/em><\/span><\/p>\n<p style=\"text-align: justify;\"><span style=\"color: #0000ff;\"><strong>Ps.<\/strong><\/span> Co do ksi\u0105\u017cki <strong>&#8222;Zgred&#8221;<\/strong> odsy\u0142am tak\u017ce do opinii Tomasza P. Terlikowskiego, zamieszczonej na portalu fronda: <a href=\"http:\/\/fronda.pl\/news\/czytaj\/tytul\/zgred,_czyli_garsc_powodow,_dla_ktorych_warto_przeczytac_ziemkiewicza_13502\">http:\/\/fronda.pl\/news\/czytaj\/tytul\/zgred,_czyli_garsc_powodow,_dla_ktorych_warto_przeczytac_ziemkiewicza_13502<\/a>.<\/p>\n<p style=\"text-align: justify;\"><span style=\"color: #0000ff;\"><strong>Ps. ps.<\/strong><\/span> <strong>Przy okazji zapraszam na spotkanie w klubie <span style=\"color: #0000ff;\">Gazety Polskiej<\/span>, pod adresem jw., w dniu 15.06.2011 r. o godz. 17.00.<a href=\"http:\/\/grzegorzjaszczura.pl\/http:\/\/grzegorzjaszczura.pl\/wp-content\/uploads\/2011\/06\/SKMBT_C20311060915170.jpg\"><img loading=\"lazy\" decoding=\"async\" class=\"alignleft size-thumbnail wp-image-11005\" title=\"SKMBT_C20311060915170\" src=\"http:\/\/grzegorzjaszczura.pl\/http:\/\/grzegorzjaszczura.pl\/wp-content\/uploads\/2011\/06\/SKMBT_C20311060915170-150x150.jpg\" alt=\"\" width=\"150\" height=\"150\" \/><\/a> Go\u015bciem b\u0119dzie publicysta, redaktor naczelny tygodnika<span style=\"color: #0000ff;\"> &#8222;Najwy\u017cszy Czas&#8221;<\/span> pan Tomasz Sommer. Tematem g\u0142\u00f3wnym b\u0119dzie: <span style=\"color: #0000ff;\">\u201eLudob\u00f3jstwo Polak\u00f3w w ZSRS\u201d<\/span><\/strong>.<strong> Pan T. Sommer wspomni tak\u017ce o nowej formacji politycznej, czyli <span style=\"color: #ff0000;\">Nowej<\/span> <span style=\"color: #0000ff;\">Prawicy<\/span>. Zapraszaj\u0105 tak\u017ce organizatorzy, tj. J\u00f3zef Kowalski oraz Robert Warwas.<br \/>\n<\/strong><\/p>\n<p style=\"text-align: justify;\"><a href=\"http:\/\/grzegorzjaszczura.pl\/http:\/\/grzegorzjaszczura.pl\/wp-content\/uploads\/2011\/06\/Zdj\u0119cie0558.jpg\"><img loading=\"lazy\" decoding=\"async\" class=\"alignleft size-thumbnail wp-image-10981\" title=\"Zdj\u0119cie0558\" src=\"http:\/\/grzegorzjaszczura.pl\/http:\/\/grzegorzjaszczura.pl\/wp-content\/uploads\/2011\/06\/Zdj\u0119cie0558-150x150.jpg\" alt=\"\" width=\"150\" height=\"150\" \/><\/a><a href=\"http:\/\/grzegorzjaszczura.pl\/http:\/\/grzegorzjaszczura.pl\/wp-content\/uploads\/2011\/06\/Zdj\u0119cie0568.jpg\"><img loading=\"lazy\" decoding=\"async\" class=\"alignleft size-thumbnail wp-image-10982\" title=\"Zdj\u0119cie0568\" src=\"http:\/\/grzegorzjaszczura.pl\/http:\/\/grzegorzjaszczura.pl\/wp-content\/uploads\/2011\/06\/Zdj\u0119cie0568-150x150.jpg\" alt=\"\" width=\"150\" height=\"150\" \/><\/a><a href=\"http:\/\/grzegorzjaszczura.pl\/http:\/\/grzegorzjaszczura.pl\/wp-content\/uploads\/2011\/06\/Zdj\u0119cie0562.jpg\"><img loading=\"lazy\" decoding=\"async\" class=\"alignleft size-thumbnail wp-image-11008\" title=\"Zdj\u0119cie0562\" src=\"http:\/\/grzegorzjaszczura.pl\/http:\/\/grzegorzjaszczura.pl\/wp-content\/uploads\/2011\/06\/Zdj\u0119cie0562-150x150.jpg\" alt=\"\" width=\"150\" height=\"150\" \/><\/a><\/p>\n","protected":false},"excerpt":{"rendered":"<p>Spotkania w d\u0105browskim klubie Gazety Polskiej co tydzie\u0144 przynosz\u0105 interesuj\u0105ce wra\u017cenia, wynikaj\u0105ce z poruszanych w trakcie nich temat\u00f3w. Du\u017ca w tym zas\u0142uga prelegent\u00f3w, z napisa\u0142bym, pierwszej polskiej ligi. Tym razem (08.06.2011 r.) go\u015bciem by\u0142 pisarz, publicysta, komentator polityczny i dziennikarz pan Rafa\u0142 A. Ziemkiewicz (kiedy\u015b oczywi\u015bcie UPR).<\/p>\n","protected":false},"author":2,"featured_media":0,"comment_status":"open","ping_status":"open","sticky":false,"template":"","format":"standard","meta":{"_monsterinsights_skip_tracking":false,"_monsterinsights_sitenote_active":false,"_monsterinsights_sitenote_note":"","_monsterinsights_sitenote_category":0,"footnotes":""},"categories":[8],"tags":[],"class_list":["post-10953","post","type-post","status-publish","format-standard","hentry","category-recenzje"],"_links":{"self":[{"href":"https:\/\/grzegorzjaszczura.pl\/index.php?rest_route=\/wp\/v2\/posts\/10953","targetHints":{"allow":["GET"]}}],"collection":[{"href":"https:\/\/grzegorzjaszczura.pl\/index.php?rest_route=\/wp\/v2\/posts"}],"about":[{"href":"https:\/\/grzegorzjaszczura.pl\/index.php?rest_route=\/wp\/v2\/types\/post"}],"author":[{"embeddable":true,"href":"https:\/\/grzegorzjaszczura.pl\/index.php?rest_route=\/wp\/v2\/users\/2"}],"replies":[{"embeddable":true,"href":"https:\/\/grzegorzjaszczura.pl\/index.php?rest_route=%2Fwp%2Fv2%2Fcomments&post=10953"}],"version-history":[{"count":67,"href":"https:\/\/grzegorzjaszczura.pl\/index.php?rest_route=\/wp\/v2\/posts\/10953\/revisions"}],"predecessor-version":[{"id":11036,"href":"https:\/\/grzegorzjaszczura.pl\/index.php?rest_route=\/wp\/v2\/posts\/10953\/revisions\/11036"}],"wp:attachment":[{"href":"https:\/\/grzegorzjaszczura.pl\/index.php?rest_route=%2Fwp%2Fv2%2Fmedia&parent=10953"}],"wp:term":[{"taxonomy":"category","embeddable":true,"href":"https:\/\/grzegorzjaszczura.pl\/index.php?rest_route=%2Fwp%2Fv2%2Fcategories&post=10953"},{"taxonomy":"post_tag","embeddable":true,"href":"https:\/\/grzegorzjaszczura.pl\/index.php?rest_route=%2Fwp%2Fv2%2Ftags&post=10953"}],"curies":[{"name":"wp","href":"https:\/\/api.w.org\/{rel}","templated":true}]}}