{"id":11307,"date":"2011-07-01T08:18:51","date_gmt":"2011-07-01T06:18:51","guid":{"rendered":"http:\/\/grzegorzjaszczura.pl\/?p=11307"},"modified":"2011-07-01T21:06:47","modified_gmt":"2011-07-01T19:06:47","slug":"prezydencja-pierwsza-i-ostatnia","status":"publish","type":"post","link":"https:\/\/grzegorzjaszczura.pl\/?p=11307","title":{"rendered":"prezydencja &#8211; pierwsza(!) i ostatnia(?)"},"content":{"rendered":"<p style=\"text-align: justify;\"><strong><a href=\"http:\/\/grzegorzjaszczura.pl\/http:\/\/grzegorzjaszczura.pl\/wp-content\/uploads\/2011\/06\/nr-1096.jpg\"><img loading=\"lazy\" decoding=\"async\" class=\"alignleft size-medium wp-image-11324\" title=\"nr-1096\" src=\"http:\/\/grzegorzjaszczura.pl\/http:\/\/grzegorzjaszczura.pl\/wp-content\/uploads\/2011\/06\/nr-1096-212x300.jpg\" alt=\"\" width=\"212\" height=\"300\" srcset=\"https:\/\/grzegorzjaszczura.pl\/http:\/\/grzegorzjaszczura.pl\/wp-content\/uploads\/2011\/06\/nr-1096-212x300.jpg 212w, https:\/\/grzegorzjaszczura.pl\/http:\/\/grzegorzjaszczura.pl\/wp-content\/uploads\/2011\/06\/nr-1096-723x1024.jpg 723w, https:\/\/grzegorzjaszczura.pl\/http:\/\/grzegorzjaszczura.pl\/wp-content\/uploads\/2011\/06\/nr-1096.jpg 1653w\" sizes=\"auto, (max-width: 212px) 100vw, 212px\" \/><\/a>Jak si\u0119 tak dobrze przyjrze\u0107, to z ka\u017cdej strony jeste\u015bmy straszeni dobrem, jakie na nas spadnie (nie myli\u0107 z mann\u0105) z powodu obj\u0119cia przez\u00a0 przez Polsk\u0119 &#8222;stanowiska&#8221; <span style=\"color: #ff0000;\">Prezydencji Rady Unii Europejskiej<\/span> (<span style=\"color: #ff0000;\">ZSRE<\/span>). W rzeczywisto\u015bci jest oczywi\u015bcie inaczej, ni\u017c chcia\u0142yby tego lewicowe media czy marionetki bezkrytycznie (bezmy\u015blnie) wci\u0105\u017c propaguj\u0105ce rozpadaj\u0105c\u0105 si\u0119 <span style=\"color: #ff0000;\">UE<\/span>, a przynajmniej rozpadaj\u0105c\u0105 si\u0119 jej stref\u0119 euro (pieni\u0105dza). Jednym z prostych powod\u00f3w<!--more--> jest to, \u017ce tzw. prezydencja jest funkcj\u0105 <em>stricte<\/em> organizacyjn\u0105. Pos\u0142u\u017c\u0119 si\u0119 cytatem z T. Cukiernika. kt\u00f3ry od lat tropi absurdy <span style=\"color: #ff0000;\">UE<\/span>: <\/strong><span style=\"color: #0000ff;\"><em>&#8222;[&#8230;]<strong> <\/strong>W zwi\u0105zku z tym prezydencja <span style=\"color: #ff0000;\">Rady<\/span> <span style=\"color: #ff0000;\">Unii Europejskiej<\/span> przesta\u0142a mie\u0107 realne  znaczenie, a ma jedynie znaczenie honorowo-presti\u017cowe. W rezultacie  unijne obowi\u0105zki zwi\u0105zane z prezydencj\u0105 s\u0105 dekoracyjne (organizacyjne,  proceduralne) i niewiele od nich zale\u017cy, co nie oznacza, \u017ce koszty  ponoszone przez pa\u0144stwo pe\u0142ni\u0105ce prezydencj\u0119 s\u0105 ni\u017csze. Nie wstrzymuje  to r\u00f3wnie\u017c polityk\u00f3w przed snuciem wielkich plan\u00f3w dzia\u0142a\u0144 dotycz\u0105cych  prezydencji. Dlatego wydaje si\u0119, \u017ce ma ona przede wszystkim znaczenie  propagandowe.&#8221; <\/em><\/span><\/p>\n<p style=\"text-align: justify;\"><strong>Jest inaczej, bo \u017cadne bogactwa i dobra (manna z nieba) nie spadn\u0105, a diametralnie przeciwnie. Ponownie T. Cukiernik: <span style=\"color: #0000ff;\"><em>&#8222;<\/em><\/span><\/strong><span style=\"color: #0000ff;\"><em>Realizacja priorytet\u00f3w polskiego przewodniczenia <span style=\"color: #ff0000;\">Unii Europejskiej <\/span>jest  mglista i niepewna, za to koszty, kt\u00f3re polscy podatnicy ju\u017c cz\u0119\u015bciowo  ponie\u015bli i b\u0119d\u0105 musieli jeszcze ponie\u015b\u0107, s\u0105 bardzo realne.<\/em><\/span><strong><span style=\"color: #0000ff;\"><em> Szacuje si\u0119,  \u017ce zabawa ta b\u0119dzie kosztowa\u0107 430 mln z\u0142, kt\u00f3re zostan\u0105 wydane m.in. na  organizacj\u0119 ponad 150 spotka\u0144, konferencji i innych imprez dla unijnych  polityk\u00f3w i urz\u0119dnik\u00f3w, a tak\u017ce szkolenia i zapewnienie bezpiecze\u0144stwa  unijnym delegatom. Za te pieni\u0105dze sektor prywatny m\u00f3g\u0142by utworzy\u0107 ponad  5300 miejsc pracy albo mo\u017cna by wyp\u0142aci\u0107 ponad 310 tys. p\u0142ac  minimalnych! Tymczasem ka\u017cdego pracuj\u0105cego Polaka prezydencja b\u0119dzie  kosztowa\u0142a \u015brednio 26,50 z\u0142otego.<br \/>\nOrganizacj\u0105 prezydencji ma si\u0119  zaj\u0105\u0107 oko\u0142o 1200 urz\u0119dnik\u00f3w <\/em><\/span><\/strong><span style=\"color: #0000ff;\"><span style=\"color: #000000;\">(<span style=\"color: #ff0000;\">biurw<\/span> &#8211; przyp. m\u00f3j)<\/span><\/span><strong><span style=\"color: #0000ff;\"><em>, kt\u00f3rych szkolenia rozpocz\u0119to ju\u017c w  pa\u017adzierniku 2009 roku, a kosztuj\u0105 one 1,3 mln z\u0142otych. <\/em><\/span><\/strong><span style=\"color: #0000ff;\"><em>Urz\u0119dnik\u00f3w  szkolono w zakresie wiedzy merytorycznej o <span style=\"color: #ff0000;\">Unii Europejskiej<\/span>, a tak\u017ce w  tzw. umiej\u0119tno\u015bciach mi\u0119kkich, jak np. techniki negocjacyjne,  komunikacja czy umiej\u0119tno\u015bci interpersonalne. Uczono ich j\u0119zyk\u00f3w obcych  (z naciskiem na unijn\u0105 terminologi\u0119 czy umiej\u0119tno\u015b\u0107 prowadzenia spotka\u0144  formalnych i nieformalnych po angielsku i francusku). Kursy j\u0119zyka  angielskiego Kancelaria Sejmu zafundowa\u0142a tak\u017ce pos\u0142om. W celu  koordynacji zada\u0144 zwi\u0105zanych z przygotowaniami do sprawowania  prezydencji ju\u017c w lipcu 2008 roku rz\u0105d powo\u0142a\u0142 pe\u0142nomocnika rz\u0105du do  spraw przygotowania organ\u00f3w administracji rz\u0105dowej i sprawowania przez  Rzeczpospolit\u0105 Polsk\u0105 przewodnictwa w <span style=\"color: #ff0000;\">Radzie Unii Europejskiej<\/span>, kt\u00f3rym  zosta\u0142 Miko\u0142aj Dowgielewicz, sekretarz <span style=\"color: #ff0000;\">Komitetu Integracji Europejskiej<\/span>,  sekretarz stanu w Urz\u0119dzie <span style=\"color: #ff0000;\">Komitetu Integracji Europejskiej<\/span> i  wiceprzewodnicz\u0105cy <span style=\"color: #ff0000;\">Komitetu Europejskiego<\/span> Rady Ministr\u00f3w. Ponadto ka\u017cde  ministerstwo zatrudni\u0142o dodatkowego rzecznika do spraw prezydencji, mimo  \u017ce normalnego rzecznika ju\u017c posiada. <\/em><\/span><strong><span style=\"color: #0000ff;\"><em>Oznacza to 17 nowych etat\u00f3w  rzecznik\u00f3w <\/em><\/span><\/strong><span style=\"color: #000000;\">(<span style=\"color: #ff0000;\">biurw<\/span> &#8211; przyp. m\u00f3j)<\/span><strong><span style=\"color: #0000ff;\"><em> oraz prac\u0119 dla g\u0142\u00f3wnego rzecznika prezydencji, <\/em><\/span><\/strong><span style=\"color: #0000ff;\"><em>kt\u00f3rym zosta\u0142  Konrad Niklewicz.<\/em><\/span><strong><span style=\"color: #0000ff;\"><em> Wi\u0119ksze wynagrodzenia lub wi\u0119cej urlopu b\u0119d\u0105 musieli  otrzyma\u0107 tak\u017ce zwykli urz\u0119dnicy, kt\u00f3rzy z powodu polskiej prezydencji  b\u0119d\u0105 mieli wi\u0119cej pracy i b\u0119d\u0105 zostawali po godzinach.&#8221; <\/em><\/span><\/strong><\/p>\n<p style=\"text-align: justify;\"><span style=\"color: #0000ff;\"><strong><span style=\"color: #000000;\">By\u0107 mo\u017ce niekt\u00f3rzy z Czytelnik\u00f3w nie uwierz\u0105, ale powy\u017csze wydatki finansuj\u0105 wszyscy podatnicy! <\/span><\/strong><\/span><\/p>\n<p style=\"text-align: justify;\"><span style=\"color: #0000ff;\"><strong><span style=\"color: #000000;\"> Jak ko\u0144czy si\u0119 drukowanie pieni\u0105dza bez pokrycia prze\u017cywali\u015bmy ju\u017c w innym socjalistycznym (parakomunistycznym) tworze, czyli <span style=\"color: #ff0000;\">Zwi\u0105zku Sowieckim<\/span> (<span style=\"color: #ff0000;\">ZSRS<\/span>). Teraz jedynie mo\u017cna wybaczy\u0107 m\u0142odzie\u017cy, \u017ce jest naiwna, bo b\u0119dzie mia\u0142a do czynienia z t\u0105 sytuacj\u0105 po raz pierwszy. Gdy rok temu opisywa\u0142em sytuacj\u0119 w Grecji, zreszt\u0105 z autopsji, (zob.:<a href=\"http:\/\/grzegorzjaszczura.pl\/?p=4959#more-4959\"> <\/a><\/span><\/strong><\/span><a href=\"http:\/\/grzegorzjaszczura.pl\/?p=4959#more-4959\">http:\/\/grzegorzjaszczura.pl\/?p=4959#more-4959<\/a><span style=\"color: #0000ff;\"><strong><span style=\"color: #000000;\">), to spotka\u0142em si\u0119 wr\u0119cz z niedowierzaniem i zarzucano mi w komentarzach k\u0142amstwo. Rzeczywisto\u015b\u0107 dzisiaj to: Parlament parapa\u0144stwa <span style=\"color: #ff0000;\">UE<\/span>, czyli Grecji, otoczony kordonem demonstrant\u00f3w,\u00a0 protestuj\u0105cych przeciwko oszcz\u0119dno\u015bciom <\/span><\/strong><span style=\"color: #000000;\">(przyk\u0142adowo zobacz:<\/span><strong><span style=\"color: #000000;\"> <\/span><\/strong><\/span><a href=\"http:\/\/www.se.pl\/wydarzenia\/swiat\/grecja-protest-pod-parlamentem-w-atenach-policja-obrzucona-jogurtem-zdjecia_190964.html\">http:\/\/www.se.pl\/wydarzenia\/swiat\/grecja-protest-pod-parlamentem-w-atenach-policja-obrzucona-jogurtem-zdjecia_190964.html<\/a><span style=\"color: #0000ff;\"><span style=\"color: #000000;\"> <\/span><span style=\"color: #000000;\">lub:<\/span><strong><span style=\"color: #000000;\"> <\/span><\/strong><\/span><a href=\"http:\/\/wiadomosci.onet.pl\/swiat\/bezlitosny-atak-na-greckie-ministerstwo-finansow,1,4776604,wiadomosc.html\">http:\/\/wiadomosci.onet.pl\/swiat\/bezlitosny-atak-na-greckie-ministerstwo-finansow,1,4776604,wiadomosc.html<\/a>, a tak\u017ce: <a href=\"http:\/\/wiadomosci.onet.pl\/swiat\/zamieszki-w-atenach-200-osob-rannych,1,4777322,wiadomosc.html\">http:\/\/wiadomosci.onet.pl\/swiat\/zamieszki-w-atenach-200-osob-rannych,1,4777322,wiadomosc.html<\/a>. <span style=\"color: #0000ff;\"><strong><span style=\"color: #000000;\">\u017byli ponad stan i nie zdawali sobie sprawy (bezmy\u015blni chyba?), \u017ce manna spad\u0142a z nieba raz tylko. Je\u017celi wp\u0119dzili ich w to politycy, to nieodzowna jest <a href=\"http:\/\/grzegorzjaszczura.pl\/?p=9851#more-9851\">kontrrewolucja<\/a> i rozliczenie nieudacznik\u00f3w. Przynajmniej ja tak my\u015bl\u0119, \u017ce winnych trzeba ustali\u0107!<\/span><\/strong><\/span><\/p>\n<p style=\"text-align: justify;\"><span style=\"color: #0000ff;\"><strong><span style=\"color: #000000;\">A co robi nasz rz\u0105d? Propaguje kosztem wszystkich podatnik\u00f3w gospodark\u0119 wo. i kontynuuj\u0105c za kol. T. Cukiernikiem: <span style=\"color: #0000ff;\"><em>&#8222;<\/em><\/span><\/span><\/strong><\/span><span style=\"color: #0000ff;\"><em>[&#8230;] zakupiono drogie, luksusowe samochody. <strong>Biuro Ochrony Rz\u0105du kupi\u0142o 27  nowych opancerzonych limuzyn marki Audi <\/strong>do przewozu najwa\u017cniejszych os\u00f3b  w pa\u0144stwie, <strong>kt\u00f3rych \u0142\u0105czny koszt wyni\u00f3s\u0142 ponad 7,2 mln z\u0142otych<\/strong>.  R\u00f3wnocze\u015bnie w tym samym celu <strong>20 luksusowych aut marki Land-Rover  Discovery za mniej wi\u0119cej 5 mln z\u0142 kupi\u0142 Inspektorat Wsparcia Si\u0142  Zbrojnych<\/strong>. Przedstawiciele wojska i eksperci ju\u017c uwa\u017caj\u0105 to za skandal.<br \/>\n<strong>Na  samo promowanie Polski za granic\u0105 rz\u0105d przeznaczy\u0142 5 mln z\u0142otych.<\/strong> <strong>Z  kolei a\u017c 210 tys. z\u0142 maj\u0105 kosztowa\u0107 polskich podatnik\u00f3w &#8222;materia\u0142y  promocyjne&#8221;, kt\u00f3re b\u0119d\u0105 rozdawane zagranicznym dyplomatom wysokiego  szczebla <\/strong>w czasie polskiej prezydencji. W\u015br\u00f3d upomink\u00f3w i gad\u017cet\u00f3w dla  delegat\u00f3w maj\u0105 znale\u017a\u0107 si\u0119 m.in. <strong>krawaty, apaszki, spinki do mankiet\u00f3w,  broszki z bursztynem lub krzemieniem pasiastym, wyroby z porcelany i  ceramiki, a tak\u017ce np. b\u0105czki<\/strong> <\/em><span style=\"color: #000000;\">(to dow\u00f3d, \u017ce jest to chyba mniejszo\u015b\u0107 (wi\u0119kszo\u015b\u0107?), no na pewno odr\u0119bno\u015b\u0107 intelektualna &#8211; przyp. m\u00f3j)<\/span><em>, kt\u00f3rych Ministerstwo Spraw Zagranicznych  zam\u00f3wi\u0142o ju\u017c 6200 sztuk. N<strong>a prezydencj\u0119 nie \u017ca\u0142uj\u0105 wydatk\u00f3w tak\u017ce  samorz\u0105dy. W\u0142adze \u0141odzi rozpisa\u0142y przetarg o warto\u015bci oko\u0142o 300 tys. z\u0142  na kupno 300 wiecznych pi\u00f3r platerowanych 24-karatowym z\u0142otem i 200  pendrive\u00b4\u00f3w z obudow\u0105 ze srebra z kryszta\u0142kami Swarovskiego i  bursztynami, kt\u00f3re maj\u0105 zamiar wr\u0119cza\u0107 wysokim rang\u0105 dyplomatom i  inwestorom w\u0142a\u015bnie przy okazji prezydencji.<\/strong>&#8222;<\/em><\/span><\/p>\n<p style=\"text-align: justify;\"><span style=\"color: #0000ff;\"><span style=\"color: #000000;\"><strong><a href=\"http:\/\/grzegorzjaszczura.pl\/http:\/\/grzegorzjaszczura.pl\/wp-content\/uploads\/2011\/06\/20100628313.jpg\"><img loading=\"lazy\" decoding=\"async\" class=\"alignleft size-thumbnail wp-image-11325\" title=\"20100628313\" src=\"http:\/\/grzegorzjaszczura.pl\/http:\/\/grzegorzjaszczura.pl\/wp-content\/uploads\/2011\/06\/20100628313-150x150.jpg\" alt=\"\" width=\"150\" height=\"150\" \/><\/a>Czy my jeste\u015bmy normalni?, obci\u0105\u017caj\u0105c si\u0119 takimi kosztami, \u017ceby ucieszy\u0107 i zadowoli\u0107 &#8222;kilku&#8221; politykier\u00f3w, propaguj\u0105cych socjalistyczny ustr\u00f3j <span style=\"color: #ff0000;\">UE<\/span>??? <span style=\"color: #ff0000;\">Chyba, \u017ce to s\u0105 tylko jaja?!<\/span><\/strong><\/span><\/span><\/p>\n<p style=\"text-align: justify;\"><span style=\"color: #0000ff;\"><span style=\"color: #000000;\"><strong><span style=\"color: #ff0000;\"><span style=\"color: #0000ff;\">Ps. <\/span><span style=\"color: #000000;\">Kilka link\u00f3w do moich wcze\u015bniejszych opis\u00f3w absurd\u00f3w<\/span> Unii Europejskiej<span style=\"color: #000000;\">: <\/span><\/span><\/strong><\/span><\/span><a href=\"http:\/\/grzegorzjaszczura.pl\/?p=1515#more-1515\">http:\/\/grzegorzjaszczura.pl\/?p=1515#more-1515<\/a>, <a href=\"http:\/\/grzegorzjaszczura.pl\/?p=4296#more-4296\">http:\/\/grzegorzjaszczura.pl\/?p=4296#more-4296<\/a><strong>, <\/strong><a href=\"http:\/\/grzegorzjaszczura.pl\/?p=4942#more-4942\">http:\/\/grzegorzjaszczura.pl\/?p=4942#more-4942<\/a>,<strong> a tak\u017ce <span style=\"color: #0000ff;\">ABC wiedzy o Traktacie lizbo\u0144skim<\/span>: <\/strong><a href=\"http:\/\/grzegorzjaszczura.pl\/?p=756#more-756\">http:\/\/grzegorzjaszczura.pl\/?p=756#more-756<\/a>.<\/p>\n<p style=\"text-align: justify;\"><span style=\"color: #0000ff;\"><span style=\"color: #000000;\"><strong><span style=\"color: #ff0000;\"><span style=\"color: #000000;\"><span style=\"color: #0000ff;\">Ps.ps.<\/span> A tak <span style=\"color: #ff0000;\">balonikami <\/span><span style=\"color: #ff0000;\">europejskimi <\/span>og\u0142upia si\u0119 dzieci:<a href=\"http:\/\/www.sosnowiec.info.pl\/informacje\/dabrowa-gornicza\/europejskie-balony-na-dabrowskim-niebie,1,4,19634\"> <\/a><\/span><\/span><\/strong><\/span><\/span><a href=\"http:\/\/www.sosnowiec.info.pl\/informacje\/dabrowa-gornicza\/europejskie-balony-na-dabrowskim-niebie,1,4,19634\">http:\/\/www.sosnowiec.info.pl\/informacje\/dabrowa-gornicza\/europejskie-balony-na-dabrowskim-niebie,1,4,19634<\/a>.<\/p>\n<p style=\"text-align: justify;\"><em><br \/>\n<\/em><\/p>\n","protected":false},"excerpt":{"rendered":"<p>Jak si\u0119 tak dobrze przyjrze\u0107, to z ka\u017cdej strony jeste\u015bmy straszeni dobrem, jakie na nas spadnie (nie myli\u0107 z mann\u0105) z powodu obj\u0119cia przez\u00a0 przez Polsk\u0119 &#8222;stanowiska&#8221; Prezydencji Rady Unii Europejskiej (ZSRE). W rzeczywisto\u015bci jest oczywi\u015bcie inaczej, ni\u017c chcia\u0142yby tego lewicowe media czy marionetki bezkrytycznie (bezmy\u015blnie) wci\u0105\u017c propaguj\u0105ce rozpadaj\u0105c\u0105 si\u0119 UE, a przynajmniej rozpadaj\u0105c\u0105 si\u0119 [&hellip;]<\/p>\n","protected":false},"author":2,"featured_media":0,"comment_status":"open","ping_status":"open","sticky":false,"template":"","format":"standard","meta":{"_monsterinsights_skip_tracking":false,"_monsterinsights_sitenote_active":false,"_monsterinsights_sitenote_note":"","_monsterinsights_sitenote_category":0,"footnotes":""},"categories":[3],"tags":[],"class_list":["post-11307","post","type-post","status-publish","format-standard","hentry","category-polityczne"],"_links":{"self":[{"href":"https:\/\/grzegorzjaszczura.pl\/index.php?rest_route=\/wp\/v2\/posts\/11307","targetHints":{"allow":["GET"]}}],"collection":[{"href":"https:\/\/grzegorzjaszczura.pl\/index.php?rest_route=\/wp\/v2\/posts"}],"about":[{"href":"https:\/\/grzegorzjaszczura.pl\/index.php?rest_route=\/wp\/v2\/types\/post"}],"author":[{"embeddable":true,"href":"https:\/\/grzegorzjaszczura.pl\/index.php?rest_route=\/wp\/v2\/users\/2"}],"replies":[{"embeddable":true,"href":"https:\/\/grzegorzjaszczura.pl\/index.php?rest_route=%2Fwp%2Fv2%2Fcomments&post=11307"}],"version-history":[{"count":60,"href":"https:\/\/grzegorzjaszczura.pl\/index.php?rest_route=\/wp\/v2\/posts\/11307\/revisions"}],"predecessor-version":[{"id":11438,"href":"https:\/\/grzegorzjaszczura.pl\/index.php?rest_route=\/wp\/v2\/posts\/11307\/revisions\/11438"}],"wp:attachment":[{"href":"https:\/\/grzegorzjaszczura.pl\/index.php?rest_route=%2Fwp%2Fv2%2Fmedia&parent=11307"}],"wp:term":[{"taxonomy":"category","embeddable":true,"href":"https:\/\/grzegorzjaszczura.pl\/index.php?rest_route=%2Fwp%2Fv2%2Fcategories&post=11307"},{"taxonomy":"post_tag","embeddable":true,"href":"https:\/\/grzegorzjaszczura.pl\/index.php?rest_route=%2Fwp%2Fv2%2Ftags&post=11307"}],"curies":[{"name":"wp","href":"https:\/\/api.w.org\/{rel}","templated":true}]}}