{"id":11606,"date":"2011-07-14T07:18:43","date_gmt":"2011-07-14T05:18:43","guid":{"rendered":"http:\/\/grzegorzjaszczura.pl\/?p=11606"},"modified":"2011-07-14T07:18:43","modified_gmt":"2011-07-14T05:18:43","slug":"nowa-prawica-deklaracja-ideowa","status":"publish","type":"post","link":"https:\/\/grzegorzjaszczura.pl\/?p=11606","title":{"rendered":"Nowa Prawica &#8211; Deklaracja Ideowa"},"content":{"rendered":"<p style=\"text-align: justify;\"><strong><a href=\"http:\/\/grzegorzjaszczura.pl\/http:\/\/grzegorzjaszczura.pl\/wp-content\/uploads\/2011\/07\/SKMBT_C203110711071401.jpg\"><img loading=\"lazy\" decoding=\"async\" class=\"alignleft size-thumbnail wp-image-11623\" title=\"SKMBT_C20311071107140\" src=\"http:\/\/grzegorzjaszczura.pl\/http:\/\/grzegorzjaszczura.pl\/wp-content\/uploads\/2011\/07\/SKMBT_C203110711071401-150x150.jpg\" alt=\"\" width=\"150\" height=\"150\" \/><\/a>Od kilku miesi\u0119cy trwa zawi\u0105zywanie si\u0119 nowej (starej) partii, tj. Kongresu <span style=\"color: #ff0000;\">Nowej <\/span><span style=\"color: #0000ff;\">Prawicy<\/span>. Nazw\u0119 partii wybrano w zwi\u0105zku z du\u017cym sukcesem <a href=\"http:\/\/grzegorzjaszczura.pl\/?p=9783#more-9783\">Kongresu Nowej Prawicy<\/a>, kt\u00f3ry odby\u0142 si\u0119 w dniu 16 kwietnia tego roku w Sali Kongresowej w Warszawie. Napisa\u0142em nowej (starej), poniewa\u017c jest to tak\u017ce nowa nazwa partii Unii <span style=\"color: #33cccc;\">Polityki<\/span> Realnej, po\u0142\u0105czonej z parti\u0105 <span style=\"color: #0000ff;\">Wolno\u015b\u0107<\/span> i <span style=\"color: #ff0000;\">Praworz\u0105dno\u015b\u0107<\/span>.<!--more--> Informowa\u0142em ostatnio o <a href=\"http:\/\/grzegorzjaszczura.pl\/?p=11120#more-11120\">utworzeniu oddzia\u0142u d\u0105browskiego<\/a> <span style=\"color: #ff0000;\">N<\/span><span style=\"color: #0000ff;\">P<\/span>, a tak\u017ce <a href=\"http:\/\/grzegorzjaszczura.pl\/?p=10234#more-10234\">o programie<\/a> <span style=\"color: #ff0000;\">N<\/span><span style=\"color: #0000ff;\">P<\/span> zaadoptowanym na potrzeby bloga. <\/strong><\/p>\n<p style=\"text-align: justify;\"><strong>Dzisiaj chcia\u0142bym przedstawi\u0107 oficjaln\u0105 DEKLARACJ\u0118 IDEOW\u0104 Kongresu <span style=\"color: #ff0000;\">Nowej<\/span> <span style=\"color: #0000ff;\">Prawicy<\/span>. Prezesem partii Kongres <span style=\"color: #ff0000;\">Nowej<\/span> <span style=\"color: #0000ff;\">Prawicy<\/span> jest pan Janusz Korwin-Mikke.<\/strong><\/p>\n<p style=\"text-align: justify;\"><strong>DEKLARACJA IDEOWA: <\/strong><\/p>\n<p style=\"text-align: justify;\"><span style=\"color: #0000ff;\"><em><strong>&#8222;<span style=\"color: #000000;\">Kongres <\/span><span style=\"color: #ff0000;\">Nowej<\/span> Prawicy jest zarejestrowan\u0105 parti\u0105 polityczn\u0105 jednocz\u0105c\u0105 wysi\u0142ki obywateli Polski w d\u0105\u017ceniu do rekonstytucji w Polsce norm i zasad cywilizacji \u0142aci\u0144skiej. Cywilizacja \u0142aci\u0144ska wyrasta z greckiego umi\u0142owania prawdy i pi\u0119kna, rzymskich zasad prawa i praworz\u0105dno\u015bci oraz etyki chrze\u015bcija\u0144skiej.<\/strong><\/em><\/span><\/p>\n<p><span style=\"color: #0000ff;\"><em><strong> <\/strong><\/em><\/span><\/p>\n<p style=\"text-align: justify;\"><span style=\"color: #0000ff;\"><em><strong>\u0141\u0105czy nas pragnienie s\u0142u\u017cby normom i zasadom wyra\u017caj\u0105cym moralnie s\u0142uszne zasady wsp\u00f3\u0142\u017cycia obywateli oraz maksymalny zakres wolno\u015bci i odpowiedzialno\u015bci obywateli w relacjach z organami w\u0142adzy publicznej. W\u0142adza publiczna nie powinna by\u0107 upowa\u017cniona do ordynowania norm moralnych, a jedynie do ich propagowania i skutecznej ochrony.<\/strong><\/em><\/span><\/p>\n<p><span style=\"color: #0000ff;\"><em><strong> <\/strong><\/em><\/span><\/p>\n<p style=\"text-align: justify;\"><span style=\"color: #0000ff;\"><em><strong>\u0141\u0105czy nas przekonanie, \u017ce istnieje dobro obiektywne wyra\u017cone zbiorem norm moralnych.<\/strong><\/em><\/span><\/p>\n<p><span style=\"color: #0000ff;\"><em><strong> <\/strong><\/em><\/span><\/p>\n<p style=\"text-align: justify;\"><span style=\"color: #0000ff;\"><em><strong>\u0141\u0105czy nas przekonanie, \u017ce istniej\u0105 niezbywalne prawa przynale\u017cne osobie ludzkiej, rodzinie i narodowi oraz moralnie s\u0142uszne zasady sprawowania w\u0142adzy. Prawa i zasady te s\u0105 nadrz\u0119dne w stosunku do tre\u015bci praw stanowionych i kompetencji w\u0142adz publicznych. Jednostk\u0119, rodzin\u0119 i nar\u00f3d &#8211; a tak\u017ce religi\u0119, Ko\u015bci\u00f3\u0142, moralno\u015b\u0107 spo\u0142eczn\u0105 i kultur\u0119 &#8211; uwa\u017camy za pierwotne i autonomiczne wzgl\u0119dem pa\u0144stwa, kt\u00f3re winno im s\u0142u\u017cy\u0107 zgodnie z wykszta\u0142conymi przez wieki regu\u0142ami.<\/strong><\/em><\/span><\/p>\n<p><span style=\"color: #0000ff;\"><em><strong> <\/strong><\/em><\/span><\/p>\n<p style=\"text-align: justify;\"><span style=\"color: #0000ff;\"><em><strong>\u0141\u0105czy nas przekonanie, \u017ce w staraniach naszych wa\u017cniejsze s\u0105 \u015brodki ni\u017c cele. Podstawowym \u015brodkiem w naszych staraniach i d\u0105\u017ceniach jest upowszechnianie wiedzy o normach i zasadach \u0142aci\u0144skiej cywilizacji oraz upowszechnianie postawy s\u0142u\u017cby tym normom i zasadom. Szczeg\u00f3lnym przedmiotem naszych stara\u0144 jest przestrzeganie tych norm i zasad w tworzonych przez nas strukturach spo\u0142ecznych.<\/strong><\/em><\/span><\/p>\n<p><span style=\"color: #0000ff;\"><em><strong> <\/strong><\/em><\/span><\/p>\n<p style=\"text-align: justify;\"><span style=\"color: #0000ff;\"><em><strong>\u0141\u0105czy nas przekonanie, \u017ce w\u0142adze, a w szczeg\u00f3lno\u015bci w\u0142adza ustawodawcza, winny powstrzymywa\u0107 si\u0119 przed ingerencj\u0105 w obszar wolno\u015bci cz\u0142owieka wyznaczony przez prawa naturalne, chyba, \u017ce jest to niezb\u0119dne dla ochrony \u017cycia, wolno\u015bci lub w\u0142asno\u015bci innych os\u00f3b. Dotyczy to w szczeg\u00f3lno\u015bci praw rodzicielskich, swobody poruszania si\u0119, wolno\u015bci gospodarczej, sumienia, s\u0142owa, nauki i um\u00f3w.<\/strong><\/em><\/span><\/p>\n<p><span style=\"color: #0000ff;\"><em><strong> <\/strong><\/em><\/span><\/p>\n<p style=\"text-align: justify;\"><span style=\"color: #0000ff;\"><em><strong>Wierzymy jednocze\u015bnie, \u017ce suwerenno\u015b\u0107 Polski jest podstawow\u0105 warto\u015bci\u0105 polityczn\u0105 i podstawowym warunkiem realizacji naszych cel\u00f3w. Wierzymy te\u017c, \u017ce skuteczno\u015b\u0107 naszych stara\u0144 w aktualnych uwarunkowaniach jest mo\u017cliwa.&#8221;<\/strong><\/em><\/span><\/p>\n<p style=\"text-align: justify;\"><span style=\"color: #0000ff;\"><strong>Ps. <span style=\"color: #000000;\">Nie chc\u0119 zaciemnia\u0107 obrazu i tre\u015bci Deklaracji K<span style=\"color: #ff0000;\">N<\/span><span style=\"color: #0000ff;\">P<\/span> komentarzem, ale prosi si\u0119 zauwa\u017cy\u0107 jak zasadniczo r\u00f3\u017cni si\u0119 ona, od tego co &#8222;osi\u0105gn\u0119\u0142a&#8221; i do czego zmierza <span style=\"color: #ff0000;\">Unia Europejska<\/span> (<span style=\"color: #ff0000;\">ZSRE<\/span>) czy Polska, jako jej niesuwerenna cz\u0119\u015b\u0107! Reanimacja konserwatywnych, prawicowych zasad i prawd jest nieodzowna moim zdaniem dla ochrony nie tylko europejskiej cywilizacji!<\/span><\/strong><\/span><\/p>\n<p style=\"text-align: justify;\"><span style=\"color: #0000ff;\"><strong><span style=\"color: #000000;\"><a href=\"http:\/\/grzegorzjaszczura.pl\/http:\/\/grzegorzjaszczura.pl\/wp-content\/uploads\/2011\/07\/Zdj\u0119cie0145.jpg\"><img loading=\"lazy\" decoding=\"async\" class=\"alignleft size-thumbnail wp-image-11665\" title=\"Zdj\u0119cie0145\" src=\"http:\/\/grzegorzjaszczura.pl\/http:\/\/grzegorzjaszczura.pl\/wp-content\/uploads\/2011\/07\/Zdj\u0119cie0145-150x150.jpg\" alt=\"\" width=\"150\" height=\"150\" \/><\/a><a href=\"http:\/\/grzegorzjaszczura.pl\/http:\/\/grzegorzjaszczura.pl\/wp-content\/uploads\/2011\/07\/Zdj\u0119cie0115.jpg\"><img loading=\"lazy\" decoding=\"async\" class=\"alignleft size-thumbnail wp-image-11666\" title=\"Zdj\u0119cie0115\" src=\"http:\/\/grzegorzjaszczura.pl\/http:\/\/grzegorzjaszczura.pl\/wp-content\/uploads\/2011\/07\/Zdj\u0119cie0115-150x150.jpg\" alt=\"\" width=\"150\" height=\"150\" \/><\/a><a href=\"http:\/\/grzegorzjaszczura.pl\/http:\/\/grzegorzjaszczura.pl\/wp-content\/uploads\/2011\/07\/Zdj\u0119cie01281.jpg\"><img loading=\"lazy\" decoding=\"async\" class=\"alignleft size-thumbnail wp-image-11670\" title=\"Zdj\u0119cie0128\" src=\"http:\/\/grzegorzjaszczura.pl\/http:\/\/grzegorzjaszczura.pl\/wp-content\/uploads\/2011\/07\/Zdj\u0119cie01281-150x150.jpg\" alt=\"\" width=\"150\" height=\"150\" \/><\/a><a href=\"http:\/\/grzegorzjaszczura.pl\/http:\/\/grzegorzjaszczura.pl\/wp-content\/uploads\/2011\/07\/Zdj\u0119cie0134.jpg\"><img loading=\"lazy\" decoding=\"async\" class=\"alignleft size-thumbnail wp-image-11671\" title=\"Zdj\u0119cie0134\" src=\"http:\/\/grzegorzjaszczura.pl\/http:\/\/grzegorzjaszczura.pl\/wp-content\/uploads\/2011\/07\/Zdj\u0119cie0134-150x150.jpg\" alt=\"\" width=\"150\" height=\"150\" \/><\/a><br \/>\n<\/span><\/strong><\/span><\/p>\n<p style=\"text-align: justify;\"><strong><br \/>\n<\/strong><\/p>\n","protected":false},"excerpt":{"rendered":"<p>Od kilku miesi\u0119cy trwa zawi\u0105zywanie si\u0119 nowej (starej) partii, tj. Kongresu Nowej Prawicy. Nazw\u0119 partii wybrano w zwi\u0105zku z du\u017cym sukcesem Kongresu Nowej Prawicy, kt\u00f3ry odby\u0142 si\u0119 w dniu 16 kwietnia tego roku w Sali Kongresowej w Warszawie. Napisa\u0142em nowej (starej), poniewa\u017c jest to tak\u017ce nowa nazwa partii Unii Polityki Realnej, po\u0142\u0105czonej z parti\u0105 Wolno\u015b\u0107 [&hellip;]<\/p>\n","protected":false},"author":2,"featured_media":0,"comment_status":"open","ping_status":"open","sticky":false,"template":"","format":"standard","meta":{"_monsterinsights_skip_tracking":false,"_monsterinsights_sitenote_active":false,"_monsterinsights_sitenote_note":"","_monsterinsights_sitenote_category":0,"footnotes":""},"categories":[3],"tags":[],"class_list":["post-11606","post","type-post","status-publish","format-standard","hentry","category-polityczne"],"_links":{"self":[{"href":"https:\/\/grzegorzjaszczura.pl\/index.php?rest_route=\/wp\/v2\/posts\/11606","targetHints":{"allow":["GET"]}}],"collection":[{"href":"https:\/\/grzegorzjaszczura.pl\/index.php?rest_route=\/wp\/v2\/posts"}],"about":[{"href":"https:\/\/grzegorzjaszczura.pl\/index.php?rest_route=\/wp\/v2\/types\/post"}],"author":[{"embeddable":true,"href":"https:\/\/grzegorzjaszczura.pl\/index.php?rest_route=\/wp\/v2\/users\/2"}],"replies":[{"embeddable":true,"href":"https:\/\/grzegorzjaszczura.pl\/index.php?rest_route=%2Fwp%2Fv2%2Fcomments&post=11606"}],"version-history":[{"count":43,"href":"https:\/\/grzegorzjaszczura.pl\/index.php?rest_route=\/wp\/v2\/posts\/11606\/revisions"}],"predecessor-version":[{"id":11684,"href":"https:\/\/grzegorzjaszczura.pl\/index.php?rest_route=\/wp\/v2\/posts\/11606\/revisions\/11684"}],"wp:attachment":[{"href":"https:\/\/grzegorzjaszczura.pl\/index.php?rest_route=%2Fwp%2Fv2%2Fmedia&parent=11606"}],"wp:term":[{"taxonomy":"category","embeddable":true,"href":"https:\/\/grzegorzjaszczura.pl\/index.php?rest_route=%2Fwp%2Fv2%2Fcategories&post=11606"},{"taxonomy":"post_tag","embeddable":true,"href":"https:\/\/grzegorzjaszczura.pl\/index.php?rest_route=%2Fwp%2Fv2%2Ftags&post=11606"}],"curies":[{"name":"wp","href":"https:\/\/api.w.org\/{rel}","templated":true}]}}