{"id":12067,"date":"2011-08-10T07:42:20","date_gmt":"2011-08-10T05:42:20","guid":{"rendered":"http:\/\/grzegorzjaszczura.pl\/?p=12067"},"modified":"2011-08-10T07:42:20","modified_gmt":"2011-08-10T05:42:20","slug":"nowa-prawica-zbiorka-podpisow","status":"publish","type":"post","link":"https:\/\/grzegorzjaszczura.pl\/?p=12067","title":{"rendered":"Nowa Prawica &#8211; zbi\u00f3rka podpis\u00f3w"},"content":{"rendered":"<p style=\"text-align: justify;\"><strong><a href=\"http:\/\/grzegorzjaszczura.pl\/http:\/\/grzegorzjaszczura.pl\/wp-content\/uploads\/2011\/08\/SKMBT_C20311071107141.jpg\"><img loading=\"lazy\" decoding=\"async\" class=\"alignleft size-thumbnail wp-image-12071\" title=\"SKMBT_C20311071107141\" src=\"http:\/\/grzegorzjaszczura.pl\/http:\/\/grzegorzjaszczura.pl\/wp-content\/uploads\/2011\/08\/SKMBT_C20311071107141-150x150.jpg\" alt=\"\" width=\"150\" height=\"150\" \/><\/a><span style=\"color: #008000;\">Wakacje wakacjami,<\/span> a realne \u017cycie \u017cyciem. <span style=\"color: #0000ff;\">Niestety z powodu wg mnie z\u0142ych polityk\u00f3w i <span style=\"color: #ff0000;\">biurw<\/span>, to \u017cycie nie zawsze jest tak mi\u0142e, jakie mog\u0142oby by\u0107. W zwi\u0105zku z tym zach\u0119cam do zmiany ww. polityk\u00f3w i <span style=\"color: #ff0000;\">biurw<\/span>. Najpro\u015bciej zrobi\u0107 to popieraj\u0105c &#8222;<span style=\"color: #ff0000;\">Now\u0105<\/span> Prawic\u0119 <span style=\"color: #000000;\">Janusza Korwin-Mikke<\/span>&#8222;.<!--more--><\/span><\/strong><\/p>\n<p style=\"text-align: justify;\"><span style=\"color: #0000ff;\"><strong>Wszystkich cz\u0142onk\u00f3w, sympatyk\u00f3w, potencjalnych wolontariuszy jak i wszystkich innych, chc\u0105cych przyczyni\u0107 si\u0119 do sukcesu wyborczego <\/strong><strong>\u201eKOMITETU WYBORCZEGO NOWEJ PRAWICY JANUSZA KORWIN-MIKKE&#8221;<\/strong><strong>, serdecznie zapraszam do wsp\u00f3\u0142pracy.<\/strong><\/span><\/p>\n<p style=\"text-align: justify;\"><strong>Koordynatorem<\/strong> komitetu wyborczego <span style=\"color: #0000ff;\"><strong>\u201eKomitet Wyborczy Nowa Prawica \u2013 Janusza Korwin-Mikke&#8221;<\/strong><\/span> na <strong>okr\u0119g wyborczy nr 32 Sosnowiec <\/strong>jest pan Zbigniew Legarski. Okr\u0119g ten obejmuje tak\u017ce dwa okr\u0119gi jednomandatowe do Senatu RP, mianowicie okr\u0119g 76 (D\u0105browa G\u00f3rnicza, powiaty: b\u0119dzi\u0144ski i zawiercia\u0144ski) i okr\u0119g 77 (Sosnowiec, Jaworzno).<\/p>\n<p style=\"text-align: justify;\">Kontakt do koordynatora: <strong><a href=\"mailto:zbigniew.legarski@gmail.com\">zbigniew.legarski@gmail.com<\/a> tel. 531 244 403\u00a0 lub <a href=\"mailto:zaglebie@nowaprawica.org.pl\">zaglebie@nowaprawica.org.pl<\/a> tel. 793 952 085<\/strong>.<\/p>\n<p style=\"text-align: justify;\"><span style=\"color: #0000ff;\"><strong>Oto jego apel:<\/strong><\/span><\/p>\n<p style=\"text-align: justify;\"><em><span style=\"color: #0000ff;\">&#8222;Uczestnictwo w komisji wyborczej wi\u0105\u017ce si\u0119 z wynagrodzeniem w postaci diety w kwocie od 150 do 200 z\u0142, w zale\u017cno\u015bci od funkcji (cz\u0142onek komisji, z-c kier. czy kierownik komisji). Wraz z podpisem wyra\u017caj\u0105cym zgod\u0119 na prac\u0119 w komisji prosi si\u0119 w ramach wolontariatu o zebranie przynajmniej 20 podpis\u00f3w na list\u0119 poparcia kandydat\u00f3w naszego komitetu wyborczego do Sejmu oraz naszego kandydata do Senatu.<\/span><\/em><\/p>\n<p style=\"text-align: justify;\"><em><span style=\"color: #0000ff;\">Przypomn\u0119 kilka zasad, kt\u00f3re nas obowi\u0105zuj\u0105 przy zbieraniu podpis\u00f3w:<\/span><\/em><\/p>\n<p style=\"text-align: justify;\"><em><span style=\"color: #0000ff;\">1. Osoba sk\u0142adaj\u0105ca podpis poparcia musi by\u0107 pe\u0142noletnia, zamieszka\u0142a na terenie naszego okr\u0119gu wyborczego (32 okr\u0119g wyborczy Sosnowiec),<\/span><\/em><\/p>\n<p style=\"text-align: justify;\"><em><span style=\"color: #0000ff;\">2. Podpis do niczego nie zobowi\u0105zuje, jest on tylko i wy\u0142\u0105cznie wyra\u017ceniem zgody, aby nasz Komitet, wraz z kandydatami m\u00f3g\u0142 by\u0107 zarejestrowany.<\/span><\/em><\/p>\n<p style=\"text-align: justify;\"><em><span style=\"color: #0000ff;\">3. Zbiera\u0107 podpisy mo\u017cna wy\u0142\u0105cznie od os\u00f3b, kt\u00f3re s\u0105 zameldowane na terenie danego okr\u0119gu\u00a0 czyli np. osoba z Sosnowca nie mo\u017ce si\u0119 podpisa\u0107\u00a0 w okr\u0119gu w Katowicach (pomimo, \u017ce jest to, to samo wojew\u00f3dztwo).\u00a0 Koordynatororzy:<\/span><\/em><\/p>\n<p style=\"text-align: justify;\"><em><span style=\"color: #0000ff;\"><a href=\"http:\/\/www.nowaprawica.org.pl\/home\/item\/koordynatorzy-kongresu-nowej-prawicy-nabor\">http:\/\/nowaprawica.org.pl\/home\/item\/koordynatorzy-kongresu-nowej-prawicy-nabor<\/a><\/span><\/em><\/p>\n<p style=\"text-align: justify;\"><em><span style=\"color: #0000ff;\">4. Nale\u017cy zwr\u00f3ci\u0107 uwag\u0119 na poprawno\u015b\u0107 nazwy komitetu wyborczego: &#8222;Komitet Wyborczy &#8211; Nowa Prawica Janusza Korwin-Mikke&#8221;. Jest to ostateczna nazw\u0105 komitetu.<\/span><\/em><\/p>\n<p style=\"text-align: justify;\"><em><span style=\"color: #0000ff;\">5. Podczas spisywania danych radz\u0119 bra\u0107 dow\u00f3d od popieraj\u0105cego i przepisywa\u0107 dane samodzielnie, podpisuj\u0105cy musi tylko w\u0142asnor\u0119cznie si\u0119 podpisa\u0107. Bardzo wiele podpis\u00f3w marnuje si\u0119, bo wpisuj\u0105cy pokr\u0119ci\u0142 cyfry PESEL (np. czeski b\u0142\u0105d), albo wpisa\u0142 adres zamieszkania zamiast zameldowania, albo nie poda\u0142 nr. mieszkania.<\/span><\/em><\/p>\n<p style=\"text-align: justify;\"><em><span style=\"color: #0000ff;\">6. Dane wpisujemy drukowanymi literami. PKW potrafi odrzuci\u0107 podpis, gdy dane s\u0105 nieczytelne, a ludzie cz\u0119sto wpisuj\u0105 w po\u015bpiechu niewyra\u017anie. Zamiast dw\u00f3ch byle jakich podpis\u00f3w &#8211; lepszy jest jeden pewny.<\/span><\/em><\/p>\n<p style=\"text-align: justify;\"><em><span style=\"color: #0000ff;\">7. Wpisujemy ca\u0142\u0105 nazw\u0119 miejscowo\u015bci np. D\u0105browa G\u00f3rnicza. Lepiej wpisa\u0107 pe\u0142n\u0105 nazw\u0119 ni\u017c traci\u0107 potem czas i nerwy w Okr\u0119gowej Komisji Wyborczej. W praktyce pe\u0142nomocnicy potem dla spokoju uzupe\u0142niaj\u0105 skr\u00f3ty, wi\u0119c zaoszcz\u0119d\u017amy im roboty.<\/span><\/em><\/p>\n<p style=\"text-align: justify;\"><em><span style=\"color: #0000ff;\">8. Po zebraniu podpis\u00f3w na danej li\u015bcie na odwrocie podpisujemy j\u0105 dopisuj\u0105c swoje imi\u0119 i nazwisko, adres i nr telefonu, a nast\u0119pnie przekazujemy pe\u0142nomocnikowi na dany region.<\/span><\/em><\/p>\n<p style=\"text-align: justify;\"><em><span style=\"color: #0000ff;\">9. R\u00f3wnocze\u015bnie ze zbieraniem podpis\u00f3w do Sejmu zbieramy do Senatu. Ta sama osoba mo\u017ce podpisa\u0107 si\u0119 na obu listach. Do senatu potrzebujemy o 1\/3 podpis\u00f3w mniej. Na wszelkie pytania z ch\u0119ci\u0105 udziel\u0119 wyja\u015bnie\u0144.<\/span><\/em><\/p>\n<p style=\"text-align: justify;\"><a title=\"Listy poparcia\" href=\"http:\/\/www.zaglebie-wolnosci.pl\/images\/stories\/downloads\/podpisy.zip\">Listy poparcia do pobrania<\/a><\/p>\n<p style=\"text-align: right;\"><em><span style=\"color: #0000ff;\">Zbigniew Legarski&#8221;<\/span><\/em><\/p>\n<p style=\"text-align: justify;\"><span style=\"color: #0000ff;\"><strong>Zach\u0119cam do przeczytania <a href=\"http:\/\/grzegorzjaszczura.pl\/?p=11606#more-11606\">Deklaracji Ideowej <span style=\"color: #ff0000;\">Nowej<\/span> Prawicy<\/a> oraz <a href=\"http:\/\/grzegorzjaszczura.pl\/?p=11626#more-11626\">programu <span style=\"color: #ff0000;\">Nowej<\/span> Prawicy<\/a>.<\/strong><\/span><em><span style=\"color: #0000ff;\"><br \/>\n<\/span><\/em><\/p>\n","protected":false},"excerpt":{"rendered":"<p>Wakacje wakacjami, a realne \u017cycie \u017cyciem. Niestety z powodu wg mnie z\u0142ych polityk\u00f3w i biurw, to \u017cycie nie zawsze jest tak mi\u0142e, jakie mog\u0142oby by\u0107. W zwi\u0105zku z tym zach\u0119cam do zmiany ww. polityk\u00f3w i biurw. Najpro\u015bciej zrobi\u0107 to popieraj\u0105c &#8222;Now\u0105 Prawic\u0119 Janusza Korwin-Mikke&#8222;.<\/p>\n","protected":false},"author":2,"featured_media":0,"comment_status":"open","ping_status":"open","sticky":false,"template":"","format":"standard","meta":{"_monsterinsights_skip_tracking":false,"_monsterinsights_sitenote_active":false,"_monsterinsights_sitenote_note":"","_monsterinsights_sitenote_category":0,"footnotes":""},"categories":[3],"tags":[],"class_list":["post-12067","post","type-post","status-publish","format-standard","hentry","category-polityczne"],"_links":{"self":[{"href":"https:\/\/grzegorzjaszczura.pl\/index.php?rest_route=\/wp\/v2\/posts\/12067","targetHints":{"allow":["GET"]}}],"collection":[{"href":"https:\/\/grzegorzjaszczura.pl\/index.php?rest_route=\/wp\/v2\/posts"}],"about":[{"href":"https:\/\/grzegorzjaszczura.pl\/index.php?rest_route=\/wp\/v2\/types\/post"}],"author":[{"embeddable":true,"href":"https:\/\/grzegorzjaszczura.pl\/index.php?rest_route=\/wp\/v2\/users\/2"}],"replies":[{"embeddable":true,"href":"https:\/\/grzegorzjaszczura.pl\/index.php?rest_route=%2Fwp%2Fv2%2Fcomments&post=12067"}],"version-history":[{"count":32,"href":"https:\/\/grzegorzjaszczura.pl\/index.php?rest_route=\/wp\/v2\/posts\/12067\/revisions"}],"predecessor-version":[{"id":12106,"href":"https:\/\/grzegorzjaszczura.pl\/index.php?rest_route=\/wp\/v2\/posts\/12067\/revisions\/12106"}],"wp:attachment":[{"href":"https:\/\/grzegorzjaszczura.pl\/index.php?rest_route=%2Fwp%2Fv2%2Fmedia&parent=12067"}],"wp:term":[{"taxonomy":"category","embeddable":true,"href":"https:\/\/grzegorzjaszczura.pl\/index.php?rest_route=%2Fwp%2Fv2%2Fcategories&post=12067"},{"taxonomy":"post_tag","embeddable":true,"href":"https:\/\/grzegorzjaszczura.pl\/index.php?rest_route=%2Fwp%2Fv2%2Ftags&post=12067"}],"curies":[{"name":"wp","href":"https:\/\/api.w.org\/{rel}","templated":true}]}}