{"id":12127,"date":"2011-08-16T15:49:28","date_gmt":"2011-08-16T13:49:28","guid":{"rendered":"http:\/\/grzegorzjaszczura.pl\/?p=12127"},"modified":"2011-08-16T15:49:28","modified_gmt":"2011-08-16T13:49:28","slug":"tygodnik-nowej-prawicy","status":"publish","type":"post","link":"https:\/\/grzegorzjaszczura.pl\/?p=12127","title":{"rendered":"&#8222;Tygodnik Nowej Prawicy&#8221;"},"content":{"rendered":"<p style=\"text-align: justify;\"><span style=\"color: #0000ff;\"><strong><a href=\"http:\/\/grzegorzjaszczura.pl\/http:\/\/grzegorzjaszczura.pl\/wp-content\/uploads\/2011\/08\/logo-NP.jpg\"><img loading=\"lazy\" decoding=\"async\" class=\"alignleft size-thumbnail wp-image-12138\" title=\"logo-NP\" src=\"http:\/\/grzegorzjaszczura.pl\/http:\/\/grzegorzjaszczura.pl\/wp-content\/uploads\/2011\/08\/logo-NP-150x150.jpg\" alt=\"\" width=\"150\" height=\"150\" \/><\/a>W dobie zalewu informator\u00f3w, przez <span style=\"color: #ff0000;\">lewicow\u0105<\/span> i <span style=\"color: #ff0000;\">lewack\u0105<\/span> interpretacj\u0119 zdarze\u0144<\/strong><\/span>, <span style=\"color: #0000ff;\"><strong>ka\u017cdy promyk innego rodzaju ni\u017c <span style=\"color: #ff0000;\">czerwony<\/span>, wart jest zauwa\u017cenia! <em>&#8222;Tygodnik <span style=\"color: #ff0000;\">Nowej <\/span>Prawicy&#8221;<\/em> ukazuje si\u0119 nowocze\u015bnie, bo internetowo, a ka\u017cdy mo\u017ce go \u015bci\u0105gn\u0105\u0107 i rozpropagowywa\u0107 dalej po przeczytaniu. Odsy\u0142am<!--more--> do strony <\/strong><\/span><a href=\"http:\/\/prasa.nowaprawica.org.pl\/index.php\/tygodnik\">http:\/\/prasa.nowaprawica.org.pl\/index.php\/tygodnik<\/a><span style=\"color: #0000ff;\"><strong>.<\/strong><\/span><\/p>\n<p style=\"text-align: justify;\"><span style=\"color: #0000ff;\"><strong>Osobi\u015bcie ograniczam czytanie, tej wy\u017cej wspomnianej, <span style=\"color: #ff0000;\">lewicowej<\/span> prasy do minimum. <a href=\"http:\/\/grzegorzjaszczura.pl\/http:\/\/grzegorzjaszczura.pl\/wp-content\/uploads\/2011\/08\/nr-1033.jpg\"><img loading=\"lazy\" decoding=\"async\" class=\"alignleft size-thumbnail wp-image-12143\" title=\"nr-1033\" src=\"http:\/\/grzegorzjaszczura.pl\/http:\/\/grzegorzjaszczura.pl\/wp-content\/uploads\/2011\/08\/nr-1033-150x150.jpg\" alt=\"\" width=\"150\" height=\"150\" \/><\/a>Polecam natomiast tygodnik <a href=\"http:\/\/grzegorzjaszczura.pl\/?p=2401#more-2401\"><em>&#8222;Najwy\u017cszy Czas&#8221;<\/em><\/a>, a bie\u017c\u0105ce informacje proponuj\u0119 czerpa\u0107 z telegazety, cho\u0107by Telewizji pa\u0144stwowej! Mo\u017ce to kogo\u015b zdziwi\u0107, ale tam na stronach TVP1: 110 w g\u00f3r\u0119 &#8211; Polska i 125 w g\u00f3r\u0119 &#8211; \u015awiat, codziennie s\u0105 zamieszczane informacje i <em>newsy<\/em>. Ze wzgl\u0119du na ma\u0142\u0105 ilo\u015b\u0107 miejsca, z regu\u0142y nie mie\u015bci si\u0119 ju\u017c <span style=\"color: #ff0000;\">lewacki<\/span> komentarz. Dzi\u0119ki temu umys\u0142 nie jest obci\u0105\u017cony interpretacj\u0105 antyprawicow\u0105 czy nazwijmy to, goebbelsowskim odchyleniem i mo\u017ce obiektywnie oceni\u0107 zamieszczone informacje!<br \/>\n<\/strong><\/span><\/p>\n<p style=\"text-align: justify;\"><span style=\"color: #0000ff;\"><strong>Wracaj\u0105c do <em>&#8222;Tygodnika <span style=\"color: #ff0000;\">Nowej<\/span> Prawicy&#8221;<\/em>, to chcia\u0142bym zach\u0119ci\u0107 do przejrzenia 4 numeru, w kt\u00f3rym szeroko zaj\u0119to si\u0119 Zak\u0142adem Utylizacji Sk\u0142adek (<span style=\"color: #ff0000;\">ZUS<\/span>-em). Mianowicie mog\u0105 Szanowni Czytelnicy znale\u017a\u0107 tam m.in.:<\/strong><\/span><\/p>\n<p style=\"text-align: justify;\"><span style=\"color: #800080;\"><em><strong>&#8222;<\/strong>&#8230; odkurzony, wywiad z <strong>Robertem Gwiazdowskim<\/strong>, kt\u00f3ry  ma przekona\u0107 ludzi, \u017ce w <span style=\"color: #ff0000;\">ZUS<\/span>-ie naprawd\u0119 nie ma ju\u017c pieni\u0119dzy i  jeste\u015bmy notorycznie oszukiwani przez rz\u0105dz\u0105cych.<\/em><\/span><\/p>\n<p style=\"text-align: justify;\"><span style=\"color: #800080;\"><em> <\/em><\/span><\/p>\n<p style=\"text-align: justify;\"><span style=\"color: #800080;\"><em>Z kolei na  drugiej stronie opisano pomys\u0142y <strong><span style=\"color: #ff0000;\">Nowej<\/span> <span style=\"color: #0000ff;\">Prawicy<\/span> <\/strong>na uzdrowienie obecnej  sytuacji przez zniesienie przymusu ubezpiecze\u0144 emerytalnych,  jednocze\u015bnie zapewniaj\u0105c obecnych i przysz\u0142ych emeryt\u00f3w, \u017ce na  \u015bwiadczenia dla nich znajd\u0105 si\u0119 pieni\u0105dze. Zar\u00f3wno z prywatyzacji jak i z  podatk\u00f3w, kt\u00f3re mimo postulowanych przez nas obni\u017cek, dostarcz\u0105 do  bud\u017cetu du\u017ce ilo\u015bci pieni\u0119dzy, gdy\u017c zamierzamy przecie\u017c mocno uwolni\u0107  nasz\u0105 gospodark\u0119. Por\u00f3wnano tak\u017ce emerytury czerpane z <span style=\"color: #ff0000;\">ZUS<\/span>-u z tymi  mo\u017cliwymi do uzyskania w prywatnych funduszach. O ile mog\u0142yby one by\u0107  wy\u017csze, dowiedz\u0105 si\u0119 Pa\u0144stwo czytaj\u0105c ca\u0142y materia\u0142.&#8221;<\/em><\/span><\/p>\n<p style=\"text-align: justify;\"><span style=\"color: #800080;\"><span style=\"color: #0000ff;\"><strong>Temat jest mi bliski, bo o wy\u017cej wspomnianym <span style=\"color: #ff0000;\">Zak\u0142adzie Utylizacji &#8230;<\/span>, tak\u017ce niedawno pisa\u0142em na blogu w artykule: <em>www.zlikwidujzus.com<\/em>. Zob.: <\/strong><\/span><\/span><a href=\"http:\/\/grzegorzjaszczura.pl\/?p=10046#more-10046\">http:\/\/grzegorzjaszczura.pl\/?p=10046#more-10046<\/a><span style=\"color: #0000ff;\"><strong>.<\/strong><\/span><span style=\"color: #800080;\"><span style=\"color: #0000ff;\"> <\/span><em> <\/em><\/span><\/p>\n<p style=\"text-align: justify;\"><span style=\"color: #800080;\"><span style=\"color: #0000ff;\"><strong>Zach\u0119cam do zako\u0144czenia samoog\u0142upiania si\u0119, poprzez czytanie lewicowej (w tym trockistowskiej) prasy i si\u0119gni\u0119cia do &#8222;Tygodnika <span style=\"color: #ff0000;\">Nowej<\/span> Prawicy&#8221;.<\/strong><\/span><em><br \/>\n<\/em><\/span><\/p>\n","protected":false},"excerpt":{"rendered":"<p>W dobie zalewu informator\u00f3w, przez lewicow\u0105 i lewack\u0105 interpretacj\u0119 zdarze\u0144, ka\u017cdy promyk innego rodzaju ni\u017c czerwony, wart jest zauwa\u017cenia! &#8222;Tygodnik Nowej Prawicy&#8221; ukazuje si\u0119 nowocze\u015bnie, bo internetowo, a ka\u017cdy mo\u017ce go \u015bci\u0105gn\u0105\u0107 i rozpropagowywa\u0107 dalej po przeczytaniu. Odsy\u0142am<\/p>\n","protected":false},"author":2,"featured_media":0,"comment_status":"open","ping_status":"open","sticky":false,"template":"","format":"standard","meta":{"_monsterinsights_skip_tracking":false,"_monsterinsights_sitenote_active":false,"_monsterinsights_sitenote_note":"","_monsterinsights_sitenote_category":0,"footnotes":""},"categories":[8],"tags":[],"class_list":["post-12127","post","type-post","status-publish","format-standard","hentry","category-recenzje"],"_links":{"self":[{"href":"https:\/\/grzegorzjaszczura.pl\/index.php?rest_route=\/wp\/v2\/posts\/12127","targetHints":{"allow":["GET"]}}],"collection":[{"href":"https:\/\/grzegorzjaszczura.pl\/index.php?rest_route=\/wp\/v2\/posts"}],"about":[{"href":"https:\/\/grzegorzjaszczura.pl\/index.php?rest_route=\/wp\/v2\/types\/post"}],"author":[{"embeddable":true,"href":"https:\/\/grzegorzjaszczura.pl\/index.php?rest_route=\/wp\/v2\/users\/2"}],"replies":[{"embeddable":true,"href":"https:\/\/grzegorzjaszczura.pl\/index.php?rest_route=%2Fwp%2Fv2%2Fcomments&post=12127"}],"version-history":[{"count":35,"href":"https:\/\/grzegorzjaszczura.pl\/index.php?rest_route=\/wp\/v2\/posts\/12127\/revisions"}],"predecessor-version":[{"id":12165,"href":"https:\/\/grzegorzjaszczura.pl\/index.php?rest_route=\/wp\/v2\/posts\/12127\/revisions\/12165"}],"wp:attachment":[{"href":"https:\/\/grzegorzjaszczura.pl\/index.php?rest_route=%2Fwp%2Fv2%2Fmedia&parent=12127"}],"wp:term":[{"taxonomy":"category","embeddable":true,"href":"https:\/\/grzegorzjaszczura.pl\/index.php?rest_route=%2Fwp%2Fv2%2Fcategories&post=12127"},{"taxonomy":"post_tag","embeddable":true,"href":"https:\/\/grzegorzjaszczura.pl\/index.php?rest_route=%2Fwp%2Fv2%2Ftags&post=12127"}],"curies":[{"name":"wp","href":"https:\/\/api.w.org\/{rel}","templated":true}]}}