{"id":12246,"date":"2011-09-01T14:32:19","date_gmt":"2011-09-01T12:32:19","guid":{"rendered":"http:\/\/grzegorzjaszczura.pl\/?p=12246"},"modified":"2011-09-01T14:35:27","modified_gmt":"2011-09-01T12:35:27","slug":"nowa-prawica-podziekowanie","status":"publish","type":"post","link":"https:\/\/grzegorzjaszczura.pl\/?p=12246","title":{"rendered":"Nowa Prawica &#8211; podzi\u0119kowanie"},"content":{"rendered":"<p style=\"text-align: justify;\"><span style=\"color: #0000ff;\"><strong><a href=\"http:\/\/grzegorzjaszczura.pl\/http:\/\/grzegorzjaszczura.pl\/wp-content\/uploads\/2011\/08\/Zdj\u0119cie0244.jpg\"><img loading=\"lazy\" decoding=\"async\" class=\"alignleft size-thumbnail wp-image-12266\" title=\"Zdj\u0119cie0244\" src=\"http:\/\/grzegorzjaszczura.pl\/http:\/\/grzegorzjaszczura.pl\/wp-content\/uploads\/2011\/08\/Zdj\u0119cie0244-150x150.jpg\" alt=\"\" width=\"150\" height=\"150\" \/><\/a>W imieniu zarz\u0105du oddzia\u0142u d\u0105browskiego <span style=\"color: #000000;\">Kongresu<\/span> <span style=\"color: #ff0000;\">Nowej <\/span>Prawicy dzi\u0119kuj\u0119<\/strong><\/span><span style=\"color: #0000ff;\"><strong> wszystkim, kt\u00f3rzy  pomagali zbiera\u0107 podpisy oraz podpisali si\u0119 pod list\u0105 kandydat\u00f3w do Sejmu RP oraz listami kandydat\u00f3w na Senator\u00f3w RP w naszym <span style=\"color: #00ff00;\">zag\u0142\u0119b<\/span><span style=\"color: #ff0000;\">iowskim<\/span> okr\u0119gu wyborczym (tj. okr\u0119gu nr 32). Komitetowi Wyborczemu <span style=\"color: #ff0000;\">Nowej<\/span> Prawicy<span style=\"color: #000000;\"> JKM<\/span> uda\u0142o si\u0119 zg\u0142osi\u0107<!--more--> w Okr\u0119gowej Komisji Wyborczej w Sosnowcu, kandydata do Senatu RP, tj. Grzegorza Leszka Jaszczura (okr\u0119g jednomandatowy nr 76). Kr\u00f3tki okres na zbieranie podpis\u00f3w, kt\u00f3ry wyznaczy\u0142 prezydent Br. Komorowski (pewnie przekonany, \u017ce jest demokrat\u0105 i prezydentem wszystkich Polak\u00f3w), bardzo utrudni\u0142 nam zarejestrowanie listy do Sejmu RP. Rozpatrywane s\u0105 odwo\u0142ania naszego Komitetu Wyborczego przez Pa\u0144stwow\u0105 Komisj\u0119 Wyborcz\u0105.<\/strong><\/span><\/p>\n<p style=\"text-align: justify;\"><span style=\"color: #0000ff;\"><strong> \u015awiadczy to jednak\u017ce o tym, jak du\u017co pracy jest w  naszym <span style=\"color: #00ff00;\">Zag\u0142\u0119biu<\/span> <span style=\"color: #ff0000;\">D\u0105browskim<\/span> z powszechnie panuj\u0105c\u0105 lewicowo\u015bci\u0105 i socjalizmem,  kt\u00f3rych jestem przeciwnikiem.<\/strong><\/span><\/p>\n<p style=\"text-align: right;\"><span style=\"color: #0000ff;\"><strong>Grzegorz Jaszczura Prezes oddzia\u0142u d\u0105browskiego <span style=\"color: #ff0000;\">Nowej<\/span> Prawicy<\/strong><\/span><\/p>\n<p style=\"text-align: justify;\"><span style=\"color: #0000ff;\"><strong><a href=\"http:\/\/grzegorzjaszczura.pl\/http:\/\/grzegorzjaszczura.pl\/wp-content\/uploads\/2011\/08\/zg\u0142.senator-1.jpg\"><img loading=\"lazy\" decoding=\"async\" class=\"alignleft size-thumbnail wp-image-12269\" title=\"zg\u0142.senator-1\" src=\"http:\/\/grzegorzjaszczura.pl\/http:\/\/grzegorzjaszczura.pl\/wp-content\/uploads\/2011\/08\/zg\u0142.senator-1-150x150.jpg\" alt=\"\" width=\"150\" height=\"150\" \/><\/a><br \/>\n<\/strong><\/span><\/p>\n","protected":false},"excerpt":{"rendered":"<p>W imieniu zarz\u0105du oddzia\u0142u d\u0105browskiego Kongresu Nowej Prawicy dzi\u0119kuj\u0119 wszystkim, kt\u00f3rzy pomagali zbiera\u0107 podpisy oraz podpisali si\u0119 pod list\u0105 kandydat\u00f3w do Sejmu RP oraz listami kandydat\u00f3w na Senator\u00f3w RP w naszym zag\u0142\u0119biowskim okr\u0119gu wyborczym (tj. okr\u0119gu nr 32). Komitetowi Wyborczemu Nowej Prawicy JKM uda\u0142o si\u0119 zg\u0142osi\u0107<\/p>\n","protected":false},"author":2,"featured_media":0,"comment_status":"open","ping_status":"open","sticky":false,"template":"","format":"standard","meta":{"_monsterinsights_skip_tracking":false,"_monsterinsights_sitenote_active":false,"_monsterinsights_sitenote_note":"","_monsterinsights_sitenote_category":0,"footnotes":""},"categories":[3],"tags":[],"class_list":["post-12246","post","type-post","status-publish","format-standard","hentry","category-polityczne"],"_links":{"self":[{"href":"https:\/\/grzegorzjaszczura.pl\/index.php?rest_route=\/wp\/v2\/posts\/12246","targetHints":{"allow":["GET"]}}],"collection":[{"href":"https:\/\/grzegorzjaszczura.pl\/index.php?rest_route=\/wp\/v2\/posts"}],"about":[{"href":"https:\/\/grzegorzjaszczura.pl\/index.php?rest_route=\/wp\/v2\/types\/post"}],"author":[{"embeddable":true,"href":"https:\/\/grzegorzjaszczura.pl\/index.php?rest_route=\/wp\/v2\/users\/2"}],"replies":[{"embeddable":true,"href":"https:\/\/grzegorzjaszczura.pl\/index.php?rest_route=%2Fwp%2Fv2%2Fcomments&post=12246"}],"version-history":[{"count":37,"href":"https:\/\/grzegorzjaszczura.pl\/index.php?rest_route=\/wp\/v2\/posts\/12246\/revisions"}],"predecessor-version":[{"id":12288,"href":"https:\/\/grzegorzjaszczura.pl\/index.php?rest_route=\/wp\/v2\/posts\/12246\/revisions\/12288"}],"wp:attachment":[{"href":"https:\/\/grzegorzjaszczura.pl\/index.php?rest_route=%2Fwp%2Fv2%2Fmedia&parent=12246"}],"wp:term":[{"taxonomy":"category","embeddable":true,"href":"https:\/\/grzegorzjaszczura.pl\/index.php?rest_route=%2Fwp%2Fv2%2Fcategories&post=12246"},{"taxonomy":"post_tag","embeddable":true,"href":"https:\/\/grzegorzjaszczura.pl\/index.php?rest_route=%2Fwp%2Fv2%2Ftags&post=12246"}],"curies":[{"name":"wp","href":"https:\/\/api.w.org\/{rel}","templated":true}]}}