{"id":12339,"date":"2011-09-15T08:00:53","date_gmt":"2011-09-15T06:00:53","guid":{"rendered":"http:\/\/grzegorzjaszczura.pl\/?p=12339"},"modified":"2011-09-15T11:02:24","modified_gmt":"2011-09-15T09:02:24","slug":"twoj-senator","status":"publish","type":"post","link":"https:\/\/grzegorzjaszczura.pl\/?p=12339","title":{"rendered":"Tw\u00f3j Senator"},"content":{"rendered":"<p style=\"text-align: justify;\"><span style=\"color: #0000ff;\"><strong><a href=\"http:\/\/grzegorzjaszczura.pl\/http:\/\/grzegorzjaszczura.pl\/wp-content\/uploads\/2011\/09\/IMG_8097-got-strona.jpg\"><img loading=\"lazy\" decoding=\"async\" class=\"alignleft size-thumbnail wp-image-12344\" title=\"IMG_8097 got strona\" src=\"http:\/\/grzegorzjaszczura.pl\/http:\/\/grzegorzjaszczura.pl\/wp-content\/uploads\/2011\/09\/IMG_8097-got-strona-150x150.jpg\" alt=\"\" width=\"150\" height=\"150\" \/><\/a><span style=\"color: #ff0000;\">Tw\u00f3j Senator &#8211; Obro\u0144ca \u017cycia i wolno\u015bci<\/span><\/strong><\/span><\/p>\n<p style=\"text-align: justify;\"><span style=\"color: #000000;\"><strong>Dlaczego takie has\u0142o wybra\u0142em na motto kampanii wyborczej? <\/strong><strong>Uzasadni\u0119 je tym, co napisa\u0142em na ulotce wyborczej: <\/strong><\/span><\/p>\n<p style=\"text-align: justify;\"><em><span style=\"color: #0000ff;\"><strong>&#8222;Fundamentalne znaczenie dla mnie ma etyka chrze\u015bcija\u0144ska, z kt\u00f3rej wyrasta poczucie godno\u015bci cz\u0142owieka i jego wolno\u015bci. <\/strong>Najwa\u017cniejszym ich wyrazem jest<!--more--> prawo do \u017cycia od naturalnego pocz\u0119cia a\u017c do naturalnej \u015bmierci, jakiej pi\u0119kny przyk\u0142ad da\u0142 nam Papie\u017c Jan Pawe\u0142 II. Godno\u015b\u0107 cz\u0142owieka u kresu jego \u017cycia to zakaz eutanazji, kt\u00f3ra jest ju\u017c w Europie traktowana nieomal jak zabieg medyczny.<\/span><\/em><\/p>\n<p><em><span style=\"color: #0000ff;\"> <\/span><\/em><\/p>\n<p style=\"text-align: justify;\"><em><span style=\"color: #0000ff;\"><strong>Jestem zwolennikiem wzmocnienia pozycji rodziny <\/strong>przez ochron\u0119 ustawow\u0105 jej naturalnych niezbywalnych praw, np. rodzicielskich.<\/span><\/em><\/p>\n<p><em><span style=\"color: #0000ff;\"> <\/span><\/em><\/p>\n<p style=\"text-align: justify;\"><em><span style=\"color: #0000ff;\">Nie zgadzam si\u0119 i b\u0119d\u0119 temu przeciwdzia\u0142a\u0142 aby z przestrzeni publicznej usuwane by\u0142y tysi\u0105cletnie symbole naszej wiary &#8211; krzy\u017ce i \u015bwi\u0119te figury. Nie wolno odebra\u0107 chrze\u015bcijanom prawa do manifestowania swoich przekona\u0144. Oznacza\u0142oby to de facto zwyci\u0119stwo ateizmu, albo w przysz\u0142o\u015bci islamizmu.<\/span><\/em><\/p>\n<p><em><span style=\"color: #0000ff;\"> <\/span><\/em><\/p>\n<p style=\"text-align: justify;\"><strong><em><span style=\"color: #0000ff;\">Polacy kochaj\u0105 wolno\u015b\u0107, wielokrotnie przelewali za ni\u0105 krew. Dzisiaj po trochu i po cichu trac\u0105 j\u0105 na rzecz biurokracji pa\u0144stwowej i unijnej.<\/span><\/em><\/strong><\/p>\n<p><em><span style=\"color: #0000ff;\"> <\/span><\/em><\/p>\n<p style=\"text-align: justify;\"><em><span style=\"color: #0000ff;\">Wierz\u0119, \u017ce wolno\u015b\u0107 jest przyrodzon\u0105 cech\u0105 ludzk\u0105 i ka\u017cdy na ni\u0105 zamach wymaga ostrego sprzeciwu.<\/span><\/em><\/p>\n<p><em><span style=\"color: #0000ff;\"> <\/span><\/em><\/p>\n<p style=\"text-align: justify;\"><strong><em><span style=\"color: #0000ff;\">Sprzeciwiam si\u0119 zniewalaniu obywateli poprzez tysi\u0105ce urz\u0119dniczych pozwole\u0144 i decyzji, kt\u00f3re ka\u017cdy z nas musi uzyskiwa\u0107 przez ca\u0142e \u017cycie.<\/span><\/em><\/strong><\/p>\n<p><em><span style=\"color: #0000ff;\"> <\/span><\/em><\/p>\n<p style=\"text-align: justify;\"><em><span style=\"color: #0000ff;\">Cz\u0142owiek powinien sam decydowa\u0107 o losie swoim i swoich najbli\u017cszych, a owoce jego pracy powinny zosta\u0107 wolne w jego r\u0119kach.<\/span><\/em><\/p>\n<p><em><span style=\"color: #0000ff;\"> <\/span><\/em><\/p>\n<p style=\"text-align: justify;\"><em><span style=\"color: #0000ff;\">Dzisiaj Pa\u0144stwo &#8211; rabu\u015b zabiera ka\u017cdemu oko\u0142o 80% jego dochod\u00f3w, czyli jeste\u015bmy lud\u017ami wolnymi w 20% zaledwie.<\/span><\/em><\/p>\n<p><em><span style=\"color: #0000ff;\"> <\/span><\/em><\/p>\n<p style=\"text-align: justify;\"><em><span style=\"color: #0000ff;\">Nie mo\u017cemy nawet postanowi\u0107 sami o zabezpieczeniu swojej staro\u015bci, gdy\u017c za nas zrobi to ZUS.<\/span><\/em><\/p>\n<p><em><span style=\"color: #0000ff;\"> <\/span><\/em><\/p>\n<p style=\"text-align: justify;\"><em><span style=\"color: #0000ff;\">Nie mo\u017cemy wybra\u0107 lekarza, gdy\u017c za nas zrobi to NFZ, nie mo\u017cemy dla swojego dziecka wybra\u0107 szko\u0142y itd&#8230;<\/span><\/em><\/p>\n<p><em><span style=\"color: #0000ff;\"> <\/span><\/em><\/p>\n<p style=\"text-align: justify;\"><strong><em><span style=\"color: #0000ff;\">B\u0119d\u0119 walczy\u0142 o to, aby Pa\u0144stwo Polskie wr\u00f3ci\u0142o do praw, kt\u00f3re czyni\u0105 podmiotem cz\u0142owieka, a nie traktuj\u0105 go instrumentalnie.<\/span><\/em><\/strong><\/p>\n<p><strong><em><span style=\"color: #0000ff;\"> <\/span><\/em><\/strong><\/p>\n<p style=\"text-align: justify;\"><strong><em><span style=\"color: #0000ff;\">To cz\u0142owiek jest koron\u0105 stworzenia i Pa\u0144stwo jest dla Niego.&#8221;<\/span><\/em><\/strong><\/p>\n<p style=\"text-align: justify;\"><strong><em><span style=\"color: #0000ff;\"><a href=\"http:\/\/grzegorzjaszczura.pl\/http:\/\/grzegorzjaszczura.pl\/wp-content\/uploads\/2011\/09\/ulotka-prz\u00f3d.jpg\"><img loading=\"lazy\" decoding=\"async\" class=\"alignleft size-thumbnail wp-image-12461\" title=\"ulotka-prz\u00f3d\" src=\"http:\/\/grzegorzjaszczura.pl\/http:\/\/grzegorzjaszczura.pl\/wp-content\/uploads\/2011\/09\/ulotka-prz\u00f3d-150x150.jpg\" alt=\"\" width=\"150\" height=\"150\" \/><\/a><a href=\"http:\/\/grzegorzjaszczura.pl\/http:\/\/grzegorzjaszczura.pl\/wp-content\/uploads\/2011\/09\/ulotka-ty\u01423.jpg\"><img loading=\"lazy\" decoding=\"async\" class=\"alignleft size-thumbnail wp-image-12479\" title=\"ulotka-ty\u0142\" src=\"http:\/\/grzegorzjaszczura.pl\/http:\/\/grzegorzjaszczura.pl\/wp-content\/uploads\/2011\/09\/ulotka-ty\u01423-150x150.jpg\" alt=\"\" width=\"150\" height=\"150\" \/><\/a><br \/>\n<\/span><\/em><\/strong><\/p>\n","protected":false},"excerpt":{"rendered":"<p>Tw\u00f3j Senator &#8211; Obro\u0144ca \u017cycia i wolno\u015bci Dlaczego takie has\u0142o wybra\u0142em na motto kampanii wyborczej? Uzasadni\u0119 je tym, co napisa\u0142em na ulotce wyborczej: &#8222;Fundamentalne znaczenie dla mnie ma etyka chrze\u015bcija\u0144ska, z kt\u00f3rej wyrasta poczucie godno\u015bci cz\u0142owieka i jego wolno\u015bci. Najwa\u017cniejszym ich wyrazem jest<\/p>\n","protected":false},"author":2,"featured_media":0,"comment_status":"open","ping_status":"open","sticky":false,"template":"","format":"standard","meta":{"_monsterinsights_skip_tracking":false,"_monsterinsights_sitenote_active":false,"_monsterinsights_sitenote_note":"","_monsterinsights_sitenote_category":0,"footnotes":""},"categories":[3],"tags":[],"class_list":["post-12339","post","type-post","status-publish","format-standard","hentry","category-polityczne"],"_links":{"self":[{"href":"https:\/\/grzegorzjaszczura.pl\/index.php?rest_route=\/wp\/v2\/posts\/12339","targetHints":{"allow":["GET"]}}],"collection":[{"href":"https:\/\/grzegorzjaszczura.pl\/index.php?rest_route=\/wp\/v2\/posts"}],"about":[{"href":"https:\/\/grzegorzjaszczura.pl\/index.php?rest_route=\/wp\/v2\/types\/post"}],"author":[{"embeddable":true,"href":"https:\/\/grzegorzjaszczura.pl\/index.php?rest_route=\/wp\/v2\/users\/2"}],"replies":[{"embeddable":true,"href":"https:\/\/grzegorzjaszczura.pl\/index.php?rest_route=%2Fwp%2Fv2%2Fcomments&post=12339"}],"version-history":[{"count":34,"href":"https:\/\/grzegorzjaszczura.pl\/index.php?rest_route=\/wp\/v2\/posts\/12339\/revisions"}],"predecessor-version":[{"id":12480,"href":"https:\/\/grzegorzjaszczura.pl\/index.php?rest_route=\/wp\/v2\/posts\/12339\/revisions\/12480"}],"wp:attachment":[{"href":"https:\/\/grzegorzjaszczura.pl\/index.php?rest_route=%2Fwp%2Fv2%2Fmedia&parent=12339"}],"wp:term":[{"taxonomy":"category","embeddable":true,"href":"https:\/\/grzegorzjaszczura.pl\/index.php?rest_route=%2Fwp%2Fv2%2Fcategories&post=12339"},{"taxonomy":"post_tag","embeddable":true,"href":"https:\/\/grzegorzjaszczura.pl\/index.php?rest_route=%2Fwp%2Fv2%2Ftags&post=12339"}],"curies":[{"name":"wp","href":"https:\/\/api.w.org\/{rel}","templated":true}]}}