{"id":12697,"date":"2011-10-05T15:14:31","date_gmt":"2011-10-05T13:14:31","guid":{"rendered":"http:\/\/grzegorzjaszczura.pl\/?p=12697"},"modified":"2025-02-21T14:50:20","modified_gmt":"2025-02-21T13:50:20","slug":"kabaret-wyborczy","status":"publish","type":"post","link":"https:\/\/grzegorzjaszczura.pl\/?p=12697","title":{"rendered":"Kabaret wyborczy"},"content":{"rendered":"<p style=\"text-align: justify;\"><span style=\"color: #ff0000;\"><strong><a href=\"http:\/\/grzegorzjaszczura.pl\/http:\/\/grzegorzjaszczura.pl\/wp-content\/uploads\/2011\/10\/SKMBT_C20311092209360.jpg\"><img loading=\"lazy\" decoding=\"async\" class=\"alignleft size-thumbnail wp-image-12704\" title=\"SKMBT_C20311092209360\" src=\"http:\/\/grzegorzjaszczura.pl\/http:\/\/grzegorzjaszczura.pl\/wp-content\/uploads\/2011\/10\/SKMBT_C20311092209360-150x150.jpg\" alt=\"\" width=\"150\" height=\"150\" \/><\/a>Nowomowa lewicowa<\/strong><\/span> ju\u017c tak si\u0119 rozwin\u0119\u0142a, w naszej cz\u0119\u015bci<span style=\"color: #ff0000;\"> Unii Europejskiej<\/span>, <em>nota bene<\/em> prawdopodobnie dzi\u0119ki pisaniu przez mieszka\u0144c\u00f3w Polski wniosk\u00f3w o dotacje unijne, \u017ce politycy i polityczki wygl\u0105daj\u0105 w trakcie kampanii wyborczej jak kabareciarze. Niestety nie \u015bwiadczy to o nich dobrze, a jednocze\u015bnie dowodzi, \u017ce przysz\u0142o\u015b\u0107 w <strong><span style=\"color: #ff0000;\">UE<\/span> <\/strong>nie b\u0119dzie \u015bwietlana, jak to wmawia Polakom i Polkom<!--more--> pani hrabianka(?) R\u00f3\u017ca Maria Graefin von Thun und Hohenstein oraz nowa tr\u00f3jka tenor\u00f3w ze spotu wyborczego, tj. Buzek, Tusk i Sikorski. <strong>Podkre\u015blmy, \u017ce chc\u0105 da\u0107 nam 300 miliard\u00f3w, oczywi\u015bcie w przysz\u0142o\u015bci, a nie potrafi\u0105 wyt\u0142umaczy\u0107 si\u0119 z 400 miliard\u00f3w zad\u0142u\u017cenia.<\/strong> A\u017c boj\u0119 si\u0119 pisa\u0107: Polak\u00f3w (mieszka\u0144c\u00f3w Polski?), poniewa\u017c nie znam wytycznych unijnych w tym wzgl\u0119dzie, a przyk\u0142adowo w sosnowieckiej Radzie Miasta lewicowa radna przeforsowa\u0142a nakaz u\u017cywania form oficjalnych z uwzgl\u0119dnieniem p\u0142ci biurwy (przyk\u0142ad: pani wiceprezydentko)!<\/p>\n<p style=\"text-align: justify;\">Oczywi\u015bcie wy\u0142omem w\u015br\u00f3d tych kabaretowych polityk\u00f3w jest prezes <strong>Kongresu <span style=\"color: #ff0000;\">Nowej<\/span><span style=\"color: #0000ff;\"> Prawicy<\/span><\/strong> pan <strong>Janusz Korwin-Mikk<\/strong>e. Jest jedynym, kt\u00f3ry powa\u017cnie podchodzi do problem\u00f3w naszego pa\u0144stwa. Ale inni kabareciarze &#8211; biurwy (z OKW i PKW), doprowadzili do z\u0142amania demokracji, co najdziwniejsze przez nich g\u0142oszonej i nie zarejestrowali list partii Korwina do Sejmu, z powodu jak si\u0119 wydaje lenistwa.<\/p>\n<p style=\"text-align: justify;\"><strong><a href=\"http:\/\/grzegorzjaszczura.pl\/http:\/\/grzegorzjaszczura.pl\/wp-content\/uploads\/2011\/10\/Zdjecie1607.jpg\"><img loading=\"lazy\" decoding=\"async\" class=\"alignnone size-thumbnail wp-image-70151\" src=\"http:\/\/grzegorzjaszczura.pl\/http:\/\/grzegorzjaszczura.pl\/wp-content\/uploads\/2011\/10\/Zdjecie1607-150x150.jpg\" alt=\"\" width=\"150\" height=\"150\" \/><\/a>Mnie jako kandydata KW <span style=\"color: #ff0000;\">Nowej<\/span> <span style=\"color: #0000ff;\">Prawicy<\/span> Janusza Korwin-Mikke do senatu w okr\u0119gu nr 76, jako\u015b nie uda\u0142o si\u0119 im skasowa\u0107 i jako zarejestrowany kandydat prosz\u0119 wszystkich o g\u0142os w okr\u0119gu obejmuj\u0105cym D\u0105brow\u0119 G\u00f3rnicz\u0105 oraz powiaty b\u0119dzi\u0144ski i zawiercia\u0144ski.<\/strong> G\u0142osy b\u0119d\u0105 bardzo wa\u017cne, poniewa\u017c boj\u0119 si\u0119, \u017ce nast\u0119pnym razem ju\u017c si\u0119 nie uda &#8211; bowiem &#8222;demokracja&#8221; posunie si\u0119 jeszcze bardziej do przodu! Dodatkowo wybory do Sejmu i tak b\u0119dzie trzeba uniewa\u017cni\u0107, a do senatu nie. Chyba, \u017ce wspomniana na pocz\u0105tku <strong>nowomowa<\/strong> inaczej rozumie demokracj\u0119 w <span style=\"color: #ff0000;\">UE<\/span>, ale z kolei dlaczego krytykuje Bia\u0142oru\u015b? <strong>Jak to w kabarecie, ci\u0105g\u0142e przeno\u015bnie i gra s\u0142\u00f3w.<\/strong><\/p>\n<p style=\"text-align: justify;\"><strong>M\u00f3j program nie odbiega od programu Kongresu <span style=\"color: #ff0000;\">Nowej<\/span> <span style=\"color: #0000ff;\">Prawicy<\/span>. Chc\u0119 walczy\u0107 z powszechn\u0105 grabie\u017c\u0105 podatkow\u0105 finansowan\u0105 (co naj\u015bmieszniejsze) z naszych podatk\u00f3w, chc\u0119 wzmocni\u0107 i chroni\u0107 rodzin\u0119, jednocze\u015bnie uwalniaj\u0105c energi\u0119 obywateli. Chc\u0119 zadba\u0107 o bezpiecze\u0144stwo obywateli, chc\u0119 wolnego Internetu i wolnych stadion\u00f3w. Oczywi\u015bcie temu ma s\u0142u\u017cy\u0107 zr\u00f3wnowa\u017cony bud\u017cet, do\u015b\u0107 z zad\u0142u\u017caniem naszych dzieci i wnuk\u00f3w.<\/strong><\/p>\n<p style=\"text-align: justify;\"><strong>W polityce zagranicznej chcia\u0142bym kierowa\u0107 si\u0119 rachunkiem korzy\u015bci i strat, a nie sympatiami i antypatiami. Jednocze\u015bnie nie podporz\u0105dkowywa\u0107 si\u0119 bezmy\u015blnie brukselskim biurokratom. W sprawach wewn\u0119trznych zwi\u0119kszy\u0107 nale\u017cy rol\u0119 samorz\u0105d\u00f3w, jednak\u017ce przy bezwzgl\u0119dnym podporz\u0105dkowaniu autonomii region\u00f3w jedno\u015bci pa\u0144stwa polskiego.<\/strong><\/p>\n<p style=\"text-align: justify;\">Na koniec chcia\u0142bym si\u0119 ustosunkowa\u0107 do tematu tabu w tych wyborach, czyli <strong>podatku katastralnego<\/strong>. Podobnie jak przy op\u0142atach adiacenckich jest to samob\u00f3jczy strza\u0142 w nog\u0119, fundament, budowy bogactwa Polak\u00f3w, po prostu biednych po latach <span style=\"color: #ff0000;\">komunizmu sowieckiego<\/span>! Wielokrotnie <a href=\"http:\/\/grzegorzjaszczura.pl\/?p=531#more-531\">protestowa\u0142em przeciwko<\/a> op\u0142atom adiacenckim w Radzie Miasta w D\u0105browie G\u00f3rniczej i dopiero, gdy lewicowcy si\u0119 zorientowali, \u017ce bije to w ich interesy raczyli zmniejszy\u0107 maksymalne stawki.<\/p>\n<p style=\"text-align: justify;\"><strong>Podatek katastralny<\/strong> uderzy w nas, jak kiedy\u015b uderzy\u0142 VAT. Poza zapewnieniem sp\u0142aty d\u0142ug\u00f3w rz\u0105du (pa\u0144stwa) nie ma dobrej strony tego podatku, szczeg\u00f3lnie w sytuacji obci\u0105\u017ce\u0144 PIT. Jest to podatek antymotywacyjny i przypominaj\u0105cy wbrew pozorom &#8222;urawni\u0142owk\u0119&#8221;. Bije w wielopokoleniowe rodziny i b\u0119dzie os\u0142abia\u0142 mo\u017cliwo\u015bci przedsi\u0119biorcze Polak\u00f3w!<\/p>\n","protected":false},"excerpt":{"rendered":"<p>Nowomowa lewicowa ju\u017c tak si\u0119 rozwin\u0119\u0142a, w naszej cz\u0119\u015bci Unii Europejskiej, nota bene prawdopodobnie dzi\u0119ki pisaniu przez mieszka\u0144c\u00f3w Polski wniosk\u00f3w o dotacje unijne, \u017ce politycy i polityczki wygl\u0105daj\u0105 w trakcie kampanii wyborczej jak kabareciarze. Niestety nie \u015bwiadczy to o nich dobrze, a jednocze\u015bnie dowodzi, \u017ce przysz\u0142o\u015b\u0107 w UE nie b\u0119dzie \u015bwietlana, jak to wmawia Polakom [&hellip;]<\/p>\n","protected":false},"author":2,"featured_media":0,"comment_status":"open","ping_status":"open","sticky":false,"template":"","format":"standard","meta":{"_monsterinsights_skip_tracking":false,"_monsterinsights_sitenote_active":false,"_monsterinsights_sitenote_note":"","_monsterinsights_sitenote_category":0,"footnotes":""},"categories":[3],"tags":[],"class_list":["post-12697","post","type-post","status-publish","format-standard","hentry","category-polityczne"],"_links":{"self":[{"href":"https:\/\/grzegorzjaszczura.pl\/index.php?rest_route=\/wp\/v2\/posts\/12697","targetHints":{"allow":["GET"]}}],"collection":[{"href":"https:\/\/grzegorzjaszczura.pl\/index.php?rest_route=\/wp\/v2\/posts"}],"about":[{"href":"https:\/\/grzegorzjaszczura.pl\/index.php?rest_route=\/wp\/v2\/types\/post"}],"author":[{"embeddable":true,"href":"https:\/\/grzegorzjaszczura.pl\/index.php?rest_route=\/wp\/v2\/users\/2"}],"replies":[{"embeddable":true,"href":"https:\/\/grzegorzjaszczura.pl\/index.php?rest_route=%2Fwp%2Fv2%2Fcomments&post=12697"}],"version-history":[{"count":21,"href":"https:\/\/grzegorzjaszczura.pl\/index.php?rest_route=\/wp\/v2\/posts\/12697\/revisions"}],"predecessor-version":[{"id":70154,"href":"https:\/\/grzegorzjaszczura.pl\/index.php?rest_route=\/wp\/v2\/posts\/12697\/revisions\/70154"}],"wp:attachment":[{"href":"https:\/\/grzegorzjaszczura.pl\/index.php?rest_route=%2Fwp%2Fv2%2Fmedia&parent=12697"}],"wp:term":[{"taxonomy":"category","embeddable":true,"href":"https:\/\/grzegorzjaszczura.pl\/index.php?rest_route=%2Fwp%2Fv2%2Fcategories&post=12697"},{"taxonomy":"post_tag","embeddable":true,"href":"https:\/\/grzegorzjaszczura.pl\/index.php?rest_route=%2Fwp%2Fv2%2Ftags&post=12697"}],"curies":[{"name":"wp","href":"https:\/\/api.w.org\/{rel}","templated":true}]}}