{"id":12755,"date":"2011-10-18T08:13:38","date_gmt":"2011-10-18T06:13:38","guid":{"rendered":"http:\/\/grzegorzjaszczura.pl\/?p=12755"},"modified":"2013-12-22T00:51:56","modified_gmt":"2013-12-21T17:51:56","slug":"wojewodztwo-slasko-malopolskie","status":"publish","type":"post","link":"https:\/\/grzegorzjaszczura.pl\/?p=12755","title":{"rendered":"Wojew\u00f3dztwo \u015bl\u0105sko-ma\u0142opolskie"},"content":{"rendered":"<p style=\"text-align: justify;\"><strong><a href=\"http:\/\/grzegorzjaszczura.pl\/http:\/\/grzegorzjaszczura.pl\/wp-content\/uploads\/2011\/10\/Zdj\u0119cie0465.jpg\"><img loading=\"lazy\" decoding=\"async\" class=\"alignleft size-thumbnail wp-image-12826\" title=\"Zdj\u0119cie0465\" src=\"http:\/\/grzegorzjaszczura.pl\/http:\/\/grzegorzjaszczura.pl\/wp-content\/uploads\/2011\/10\/Zdj\u0119cie0465-150x150.jpg\" alt=\"\" width=\"150\" height=\"150\" \/><\/a>Jak przewidywa\u0142em, wybory w okr\u0119gu nr 32, tzw. sosnowieckim, sta\u0142y si\u0119 licytacj\u0105 to\u017csamo\u015bci zag\u0142\u0119biowskiej kandydat\u00f3w (kandydatek) na pos\u0142\u00f3w (pos\u0142anki) i senator\u00f3w (senatorki).<\/strong> <strong>Do absurdalnych deklaracji: pierwsza (pierwszy) dla<span style=\"color: #ff0000;\"> Zag\u0142<\/span><span style=\"color: #00ff00;\">\u0119bia<span style=\"color: #000000;\">,<\/span><\/span> w dzia\u0142aniu, pochodzeniu, teraz i w przysz\u0142o\u015bci, jeszcze mam zamiar powr\u00f3ci\u0107 na tym blogu na spokojnie. Od razu zaznacz\u0119 jednak, \u017ce wg mnie<!--more--> te ich has\u0142a, nie mia\u0142y nic wsp\u00f3lnego z rzeczywisto\u015bci\u0105! Typowe mamienie wyborcy obiecankami cacankami przez pseudopracusi\u00f3w dla Zag\u0142\u0119bia.<\/strong><\/p>\n<p style=\"text-align: justify;\"><strong>Dzisiaj chcia\u0142em zwr\u00f3ci\u0107 uwag\u0119 na pytanie kt\u00f3re jako kandydat do senatu otrzyma\u0142em od <span style=\"color: #ff0000;\">FdZD<\/span>, pytanie wa\u017cne dla Zag\u0142\u0119biak\u00f3w. By\u0142o ono nast\u0119puj\u0105ce: <\/strong><\/p>\n<p style=\"text-align: justify;\"><span style=\"color: #ff0000;\"><strong><em>&#8222;Co kandydat s\u0105dzi o aktualnej nazwie jednostki administracyjnej (wojew\u00f3dztwo \u015bl\u0105skie), czy ma ona znaczenie na prawid\u0142owe postrzeganie naszego regionu i czy ewentualnie nale\u017ca\u0142oby dokona\u0107 jej modyfikacji, a je\u015bli tak, to na jak\u0105?&#8221;<\/em><\/strong><\/span><\/p>\n<p><span style=\"color: #ff0000;\"><strong><span style=\"color: #000000;\">Przedstawi\u0119 najpierw moj\u0105 odpowied\u017a: <\/span><\/strong><\/span><\/p>\n<p style=\"text-align: justify;\"><em><span style=\"color: #0000ff;\"><strong>&#8222;Grzegorz Leszek Jaszczura &#8211; kandydat do senatu z KW <span style=\"color: #ff0000;\">Nowej<\/span> Prawicy<span style=\"color: #000000;\"> Janusza Korwin-Mikke<\/span> (okr\u0119g jednomandatowy nr 76):<\/strong><\/span><\/em><\/p>\n<p style=\"text-align: justify;\"><em><span style=\"color: #0000ff;\"><strong>\u201eJako urodzony <span style=\"color: #0000ff;\">Zag\u0142\u0119biak<\/span> obecn\u0105 nazw\u0105 wojew\u00f3dztwa czuj\u0119 si\u0119 obra\u017cony. Jest oczywistym, \u017ce dezinformuje ona a nie informuje. Nota bene jestem urodzony w Strzemieszycach Ma\u0142ych (obecnie D\u0105browa G\u00f3rnicza), miejscowo\u015bci w kt\u00f3rej mieszka\u0142 autor nazwy naszego regionu, czyli <span style=\"color: #ff0000;\">Zag\u0142\u0119bia<\/span> <span style=\"color: #00ff00;\">D\u0105browskiego<\/span> pan J\u00f3zef Cieszkowski (1798-1867). Nazw\u0119<span style=\"color: #ff0000;\"> Zag\u0142\u0119bie<\/span> <span style=\"color: #00ff00;\">D\u0105browskie<\/span> wprowadzi\u0142 on ok. 1850 roku.<\/strong><\/span><\/em><\/p>\n<p>&nbsp;<\/p>\n<p style=\"text-align: justify;\"><em><span style=\"color: #0000ff;\"><strong>Wracaj\u0105c do nazwy obecnej jednostki administracyjnej, czyli wojew\u00f3dztwa, to uwa\u017cam, \u017ce jest ona <\/strong><strong>ca\u0142kowicie nieuprawniona, zar\u00f3wno historycznie jak i geograficznie! Obejmuje ona opr\u00f3cz wschodniej cz\u0119\u015bci <span style=\"color: #000000;\">G\u00f3rnego \u015al\u0105ska<\/span>, tak\u017ce <\/strong><\/span><span style=\"color: #0000ff;\"><strong><span style=\"color: #ff0000;\">Zag\u0142\u0119bie<\/span> <\/strong><\/span><span style=\"color: #0000ff;\"><strong><span style=\"color: #00ff00;\">D\u0105browskie<\/span>, Ziemi\u0119 Cz\u0119stochowsk\u0105, \u015al\u0105sk Cieszy\u0144ski (dawniej Austriacki), Ziemi\u0119 Jaworznick\u0105 oraz <span style=\"color: #008000;\">Podbeskidzie<\/span>. B\u0142\u0119dem jest przeniesienie nazwy z okresu mi\u0119dzywojennego na okres wsp\u00f3\u0142czesny, dodatkowo tak\u017ce dlatego, \u017ce obejmowa\u0142a ona inny obszar.<\/strong><\/span><\/em><\/p>\n<p>&nbsp;<\/p>\n<p style=\"text-align: justify;\"><em><span style=\"color: #0000ff;\"><strong>Kr\u00f3tko pisz\u0105c, proponuj\u0119 nazw\u0119 <\/strong><strong><span style=\"color: #ff0000;\">wojew\u00f3dztwo<\/span><span style=\"color: #000000;\"> \u015bl\u0105sko<\/span>&#8211;<span style=\"color: #00ff00;\">ma\u0142opolskie<\/span>, jako najbardziej oddaj\u0105ce w nazwie, obszar obj\u0119ty obecnie przez t\u0105 jednostk\u0119 administracyjn\u0105. Rezerwowo proponuj\u0119 nazw\u0119 <\/strong><strong>wojew\u00f3dztwo katowickie (przez analogi\u0119 do opolskiego, kt\u00f3re obejmuje <span style=\"color: #000000;\">G\u00f3rny \u015al\u0105sk<\/span>, od nazwy miasta).<\/strong><\/span><\/em><\/p>\n<p>&nbsp;<\/p>\n<p style=\"text-align: justify;\"><em><span style=\"color: #0000ff;\"><strong><a href=\"http:\/\/grzegorzjaszczura.pl\/http:\/\/grzegorzjaszczura.pl\/wp-content\/uploads\/2011\/10\/mapka.jpg\"><img loading=\"lazy\" decoding=\"async\" class=\"alignleft size-thumbnail wp-image-12832\" title=\"mapka\" src=\"http:\/\/grzegorzjaszczura.pl\/http:\/\/grzegorzjaszczura.pl\/wp-content\/uploads\/2011\/10\/mapka-150x150.jpg\" alt=\"\" width=\"150\" height=\"150\" \/><\/a>Na marginesie wg mnie ca\u0142kowicie niedopuszczalna jest tak\u017ce nazwa tworzonej przez politykourz\u0119dnik\u00f3w lewicowych Metropolii <span style=\"color: #ff0000;\">Silesia<\/span>!!!, pseudopowiatu, kt\u00f3ry ma obj\u0105\u0107 tak\u017ce miasta <span style=\"color: #ff0000;\">Zag\u0142\u0119bia<\/span> <span style=\"color: #00ff00;\">D\u0105browskiego<\/span>\u201d<\/strong><\/span><\/em><\/p>\n<p style=\"text-align: justify;\"><span style=\"color: #0000ff;\"><strong><span style=\"color: #000000;\">A teraz w nawi\u0105zaniu do pocz\u0105tku wpisu, opis ze strony <span style=\"color: #ff0000;\">FdZD<\/span> (do\u015b\u0107 charakterystyczny):<\/span><\/strong><\/span><\/p>\n<p><em><span style=\"color: #0000ff;\"><strong><span style=\"color: #000000;\">&#8222;<\/span><\/strong><\/span><strong>Odpowied\u017a uzyskali\u015bmy od <\/strong>(kolejno\u015b\u0107 wed\u0142ug szybko\u015bci nap\u0142yni\u0119cia odpowiedzi)<strong>: Micha\u0142a Czarskiego(<span style=\"color: #ff0000;\">SLD<\/span>), Krzysztofa Ha\u0142adusa(<span style=\"color: #993366;\">PJN<\/span>), Grzegorza Jaszczury(K<span style=\"color: #ff0000;\">N<\/span><span style=\"color: #0000ff;\">P<\/span>), Zbigniewa Szale\u0144ca (<span style=\"color: #ff6600;\">PO<\/span>), Genowefy Grabowskiej (<span style=\"color: #ff0000;\">SLD<\/span>) i Kazimierza Karolczaka (<span style=\"color: #ff0000;\">SLD<\/span>)<\/strong><\/em><\/p>\n<p><em><strong>Brak odpowiedzi od kandydat\u00f3w do Sejmu z list:<\/strong><\/em> <em><br \/>\n<span style=\"color: #ff0000;\">SLD<\/span> \u2013 Witolda Klepacza<br \/>\n<span style=\"color: #ff6600;\">PO<\/span> \u2013 Wojciecha Sa\u0142ugi, Jaros\u0142awa Pi\u0119ty, Beaty Ma\u0142eckiej-Libery, Grzegorza Pisalskiego, Piotra Van der Coghnena<br \/>\n<span style=\"color: #800080;\">PiS<\/span> \u2013 Ewy Malik, Waldemara Andzela<br \/>\n<\/em><em><span style=\"color: #ff6600;\">Ruch Palikota<\/span><\/em><em> \u2013 Jerzego Borkowskiego, <span style=\"color: #008000;\">PSL <\/span>\u2013 Marcina Latosa<\/em><\/p>\n<p><em><strong>Brak odpowiedzi od kandydat\u00f3w do Senatu:<\/strong><\/em> <em><br \/>\nBarbary Dolniak, Piotra Ha\u0142asika, Zbigniewa Meresa i Andrzeja W\u0142uska<\/em><span style=\"color: #0000ff;\"><strong><em><\/em>&#8222;<\/strong><\/span><\/p>\n<p><span style=\"color: #0000ff;\"><strong>I m\u00f3j komentarz: gdzie zainteresowanie kandydat\u00f3w <span style=\"color: #ff6600;\">PO<\/span>, <span style=\"color: #800080;\">PiS<\/span>, <span style=\"color: #ff9900;\">RP<\/span> czy <span style=\"color: #008000;\">PSL<\/span> <span style=\"color: #ff0000;\">Zag\u0142\u0119biem<\/span> <span style=\"color: #00ff00;\">D\u0105browskim<\/span>? W pupie. I tak b\u0119dzie znowu przez 4 lata! <em>Hawk<\/em>.<\/strong><\/span><\/p>\n<p style=\"text-align: justify;\"><span style=\"color: #0000ff;\"><strong>Ps. <span style=\"color: #000000;\">Co do nazwy wojew\u00f3dztwa, z tych co odpowiedzieli na pytanie: przedstawiciele <span style=\"color: #ff0000;\">Lewicy SLD<\/span> i <span style=\"color: #993366;\">PJN<\/span> byli za \u015bl\u0105sko-d\u0105browskim.<\/span><\/strong><\/span><\/p>\n<p style=\"text-align: justify;\"><span style=\"color: #0000ff;\"><strong><span style=\"color: #000000;\"> Zdecydowanie, nieskromnie uwa\u017cam, \u017ce moja propozycja: <em>wojew\u00f3dztwo \u015bl\u0105sko-ma\u0142opolskie<\/em> jest najlepsza. Ale takie deklaracje tu\u017c przed wyborami to i tak nie maj\u0105 wi\u0119kszego sensu. Szczeg\u00f3lnie, \u017ce Ci co nie odpowiedzieli na pytanie <span style=\"color: #ff0000;\">FdZD <\/span>zostali pos\u0142ami i pos\u0142ankami. Straszne dla Zag\u0142\u0119bia, moim skromnym zdaniem. <\/span><\/strong><\/span><\/p>\n<p style=\"text-align: justify;\"><span style=\"color: #0000ff;\"><strong><span style=\"color: #000000;\"><span style=\"color: #0000ff;\">Ps. ps.<\/span> W\u0142a\u015bnie w kontek\u015bcie wybor\u00f3w martwi lewicowe upolitycznienie problemu to\u017csamo\u015bci zag\u0142\u0119biowskiej przez <span style=\"color: #ff0000;\">FdZD<\/span>. Oby te\u017c promowany przez t\u0105 chyba lewicow\u0105 organizacj\u0119, wsp\u00f3lnie z kandydatem K. Karolczakiem (<span style=\"color: #ff0000;\">Lewica SLD<\/span>), tzw, niezb\u0119dnik Zag\u0142\u0119biaka, nie o\u015bmieszy\u0142 tak wa\u017cnej dla prawdziwych i miejscowych Zag\u0142\u0119biak\u00f3w idei.<\/span><br \/>\n<\/strong><\/span><\/p>\n<p style=\"text-align: justify;\">\n","protected":false},"excerpt":{"rendered":"<p>Jak przewidywa\u0142em, wybory w okr\u0119gu nr 32, tzw. sosnowieckim, sta\u0142y si\u0119 licytacj\u0105 to\u017csamo\u015bci zag\u0142\u0119biowskiej kandydat\u00f3w (kandydatek) na pos\u0142\u00f3w (pos\u0142anki) i senator\u00f3w (senatorki). Do absurdalnych deklaracji: pierwsza (pierwszy) dla Zag\u0142\u0119bia, w dzia\u0142aniu, pochodzeniu, teraz i w przysz\u0142o\u015bci, jeszcze mam zamiar powr\u00f3ci\u0107 na tym blogu na spokojnie. Od razu zaznacz\u0119 jednak, \u017ce wg mnie<\/p>\n","protected":false},"author":2,"featured_media":0,"comment_status":"open","ping_status":"open","sticky":false,"template":"","format":"standard","meta":{"_monsterinsights_skip_tracking":false,"_monsterinsights_sitenote_active":false,"_monsterinsights_sitenote_note":"","_monsterinsights_sitenote_category":0,"footnotes":""},"categories":[3,11],"tags":[],"class_list":["post-12755","post","type-post","status-publish","format-standard","hentry","category-polityczne","category-zaglebie-dabrowskie"],"_links":{"self":[{"href":"https:\/\/grzegorzjaszczura.pl\/index.php?rest_route=\/wp\/v2\/posts\/12755","targetHints":{"allow":["GET"]}}],"collection":[{"href":"https:\/\/grzegorzjaszczura.pl\/index.php?rest_route=\/wp\/v2\/posts"}],"about":[{"href":"https:\/\/grzegorzjaszczura.pl\/index.php?rest_route=\/wp\/v2\/types\/post"}],"author":[{"embeddable":true,"href":"https:\/\/grzegorzjaszczura.pl\/index.php?rest_route=\/wp\/v2\/users\/2"}],"replies":[{"embeddable":true,"href":"https:\/\/grzegorzjaszczura.pl\/index.php?rest_route=%2Fwp%2Fv2%2Fcomments&post=12755"}],"version-history":[{"count":58,"href":"https:\/\/grzegorzjaszczura.pl\/index.php?rest_route=\/wp\/v2\/posts\/12755\/revisions"}],"predecessor-version":[{"id":26297,"href":"https:\/\/grzegorzjaszczura.pl\/index.php?rest_route=\/wp\/v2\/posts\/12755\/revisions\/26297"}],"wp:attachment":[{"href":"https:\/\/grzegorzjaszczura.pl\/index.php?rest_route=%2Fwp%2Fv2%2Fmedia&parent=12755"}],"wp:term":[{"taxonomy":"category","embeddable":true,"href":"https:\/\/grzegorzjaszczura.pl\/index.php?rest_route=%2Fwp%2Fv2%2Fcategories&post=12755"},{"taxonomy":"post_tag","embeddable":true,"href":"https:\/\/grzegorzjaszczura.pl\/index.php?rest_route=%2Fwp%2Fv2%2Ftags&post=12755"}],"curies":[{"name":"wp","href":"https:\/\/api.w.org\/{rel}","templated":true}]}}