{"id":12769,"date":"2011-10-12T10:41:34","date_gmt":"2011-10-12T08:41:34","guid":{"rendered":"http:\/\/grzegorzjaszczura.pl\/?p=12769"},"modified":"2011-10-13T09:00:09","modified_gmt":"2011-10-13T07:00:09","slug":"reminiscencje-powyborcze","status":"publish","type":"post","link":"https:\/\/grzegorzjaszczura.pl\/?p=12769","title":{"rendered":"Reminiscencje powyborcze"},"content":{"rendered":"<p style=\"text-align: justify;\"><strong><a href=\"http:\/\/grzegorzjaszczura.pl\/http:\/\/grzegorzjaszczura.pl\/wp-content\/uploads\/2011\/10\/Zdj\u0119cie1638.jpg\"><img loading=\"lazy\" decoding=\"async\" class=\"alignleft size-thumbnail wp-image-12784\" title=\"Zdj\u0119cie1638\" src=\"http:\/\/grzegorzjaszczura.pl\/http:\/\/grzegorzjaszczura.pl\/wp-content\/uploads\/2011\/10\/Zdj\u0119cie1638-150x150.jpg\" alt=\"\" width=\"150\" height=\"150\" \/><\/a>Przed wyborami uwa\u017ca\u0142em, \u017ce im dziwniejszy b\u0119dzie ich wynik, tym lepiej dla nas. Bo to rokowa\u0142oby zmiany, oczywi\u015bcie na lepsze! Troch\u0119 po zapoznaniu si\u0119 z lud\u017ami, kt\u00f3rzy awansowali do Sejmu z list filozofa J. Palikota (<span style=\"color: #ff9900;\">RP<\/span>) moje przekonanie uleg\u0142o zachwianiu. Tak\u017ce w kontek\u015bcie braku ludzi normalnych, czyli<span style=\"color: #ff0000;\"> Nowej<\/span><span style=\"color: #0000ff;\"> Prawicy<\/span> Janusza<!--more--> Korwin-Mikke, \u017ce o swojej skromnej osobie te\u017c wspomn\u0119, w Parlamencie. Ale przy <span style=\"color: #ff0000;\">N<\/span><span style=\"color: #0000ff;\">P<\/span> JKM mamy tak\u017ce do czynienia z ewidentnym \u0142amaniem czy naci\u0105ganiem prawa przez <span style=\"color: #ff0000;\">biurwy<\/span>. Kilka lu\u017anych uwag:<\/strong><\/p>\n<p style=\"text-align: justify;\"><strong>1. W nawi\u0105zaniu do wprowadzenia, ujm\u0119 to tak. Ludzie chc\u0105 zmian, tylko niestety poszli w quasizmiany. Przy sukcesie <span style=\"color: #ff9900;\">lewicy Ruchu Palikota<\/span> cieszy jedynie wynik <span style=\"color: #ff0000;\">Lewicy SLD<\/span>. W\u0142a\u015bnie w D\u0105browie G\u00f3rniczej ona rz\u0105dzi, ale takiego \u015bladowego poparcia spo\u0142ecze\u0144stwa, 13%, to oni jeszcze nigdy tu nie mieli! Pan Prezydent Zb. Podraza (<span style=\"color: #ff0000;\">SLD<\/span>) te\u017c zosta\u0142 wybrany ostatnio \u015bladowym poparciem 18%, ale licz\u0105c wszystkich uprawnionych do g\u0142osowania. Zob. m\u00f3j wpis: <\/strong><a href=\"http:\/\/grzegorzjaszczura.pl\/?p=7294#more-7294\">http:\/\/grzegorzjaszczura.pl\/?p=7294#more-7294<\/a><strong>, kt\u00f3ry <span style=\"color: #ff0000;\">Lewica SLD<\/span> powinna wtedy przeczyta\u0107, bo by\u0142 on lokalnie dla niej, ostrze\u017ceniem przed zbli\u017caj\u0105c\u0105 si\u0119 kl\u0119sk\u0105. Wygrana <span style=\"color: #ff0000;\"><em>Miejskiej Samoobrony<\/em><\/span>, czyli <span style=\"color: #ff9900;\">Lewicy Ruchu Palikota<span style=\"color: #000000;\"> jest pyrrusowym zwyci\u0119stwem ludzi o lewicowych pogl\u0105dach. <span style=\"color: #0000ff;\">Dla prawicowc\u00f3w i konserwatyst\u00f3w to lepiej, poniewa\u017c wida\u0107 uczciwego lewicowego przeciwnika. <\/span>My\u015bl\u0119, \u017ce ewentualnego prezydenta D\u0105browy G\u00f3rniczej z <span style=\"color: #ff9900;\">lewicy RP <\/span>ko\u015bci\u00f3\u0142 d\u0105browski nie b\u0119dzie tak wspiera\u0142 jak prezydenta z <span style=\"color: #ff0000;\">Lewicy SLD<\/span>! Chcia\u0142bym zaznaczy\u0107, \u017ce zauwa\u017cam pozytywy w lu\u017anym programie <span style=\"color: #ff9900;\">Ruchu Palikota<\/span>, cho\u0107by popieranie niep\u0142acenia abonament\u00f3w radiowo-telewizyjnych. Zreszt\u0105 \u015b.p. A. Lepper (<span style=\"color: #ff0000;\"><em>Wiejska Samoobrona<\/em><\/span>) by\u0142 patriot\u0105, co ceni\u0119, a w wi\u0119zienie CIA (Klewki, a w\u0142a\u015bciwie Szymany k. Kiejkut) i k\u0142amstwa o jego braku w Polsce (chyba Kwa\u015bniewski) nikt ju\u017c nie w\u0105tpi. Reasumuj\u0105c czekam na skoki spadochronowe dzia\u0142aczy <span style=\"color: #ff0000;\">Lewicy<\/span> <span style=\"color: #ff0000;\">SLD<span style=\"color: #000000;\">, <\/span>SdRP<span style=\"color: #000000;\">,<\/span> UP<\/span> w D\u0105browie G\u00f3rniczej do <span style=\"color: #ff9900;\">lewicy RP<\/span>.<br \/>\n<\/span><\/span><\/strong><\/p>\n<p style=\"text-align: justify;\"><strong><span style=\"color: #ff9900;\"><span style=\"color: #000000;\">2. Tzw. wiecz\u00f3r wyborczy, to \u015bmierdz\u0105ca k\u0142amstwem propaganda niedouczonych (nierzetelnych?) dziennikarzy i telewizji TVP, tzw. publicznej. W poprzednich wyborach (prezydenckich) by\u0142o tak: <\/span><\/span><\/strong><a href=\"http:\/\/grzegorzjaszczura.pl\/?p=4106#more-4106\">http:\/\/grzegorzjaszczura.pl\/?p=4106#more-4106<\/a><strong>. Teraz pokazuje si\u0119 wyniki partii, w tym komunistycznej <span style=\"color: #ff0000;\">PPP<\/span>, z poparciem 0,6%, a pomija si\u0119 <span style=\"color: #ff0000;\">Now\u0105<\/span> <span style=\"color: #0000ff;\">Prawic\u0119<\/span> Janusza Korwin-Mikke z poparciem 1,1%! Wprowadza si\u0119 i rozpowszechnia k\u0142amliw\u0105 informacj\u0119 w TVP! Jednocze\u015bnie na portalach internetowych podawany jest ten sam sonda\u017c w postaci prawdziwej! <a href=\"http:\/\/grzegorzjaszczura.pl\/http:\/\/grzegorzjaszczura.pl\/wp-content\/uploads\/2011\/10\/logo-NP.jpg\"><img loading=\"lazy\" decoding=\"async\" class=\"alignleft size-thumbnail wp-image-12792\" title=\"logo-NP\" src=\"http:\/\/grzegorzjaszczura.pl\/http:\/\/grzegorzjaszczura.pl\/wp-content\/uploads\/2011\/10\/logo-NP-150x150.jpg\" alt=\"\" width=\"150\" height=\"150\" \/><\/a>Warto zaznaczy\u0107, \u017ce <span style=\"color: #ff0000;\">Nowa<\/span> <span style=\"color: #0000ff;\">Prawica<\/span> JKM ma dwukrotnie wi\u0119ksze poparcie ni\u017c <span style=\"color: #ff0000;\">PPP<\/span>, mimo startu z powodu <span style=\"color: #ff0000;\">PKW<\/span>, <span style=\"color: #ff0000;\">SN<\/span> i <span style=\"color: #ff0000;\">WSA <\/span>w tylko 21 okr\u0119gach wyborczych (tj. o 1 wi\u0119cej ni\u017c po\u0142owa okr\u0119g\u00f3w wyborczych!). <span style=\"color: #0000ff;\">Jak kto\u015b powie, \u017ce ta telewizja TVP jest rzetelna i warto na ni\u0105 p\u0142aci\u0107 abonament telewizyjny, to mo\u017ce ogarn\u0105\u0107 jedynie cz\u0142owieka \u015bmiech.<\/span> Gdyby wynik <span style=\"color: #ff0000;\">Nowej <\/span><span style=\"color: #0000ff;\">Prawicy<\/span> JKM przemno\u017cy\u0107 przez start we wszystkich okr\u0119gach wyborczych, to jej poparcie, lekko licz\u0105c si\u0119ga poparcia innej promowanej przez lewak\u00f3w z telewizji partii, czyli <span style=\"color: #993366;\">PJN<span style=\"color: #000000;\">,<\/span><\/span> promowanej godzinami, podkre\u015blmy godzinami!<\/strong><\/p>\n<p style=\"text-align: justify;\"><strong>W innym dezinformacyjnym programie TVP dziennikarka m\u00f3wi o po\u015ble elekcie panu Tomaszu Kaczmarku (\u015bwi\u0119tokrzyskie <span style=\"color: #800080;\">PIS<\/span>) przez: <em>czym b\u0119dzie si\u0119 zajmowa\u0142 agent Tomek w Parlamencie?<\/em>. Bezczelno\u015b\u0107 i chamstwo. Ciekawe, \u017ce nie m\u00f3wi: czym zajmuje si\u0119 historyk Donek w rz\u0105dzie?, chyba nie gospodark\u0105?, zreszt\u0105 przyk\u0142ady tu dopiero mo\u017cna by mno\u017cy\u0107!<br \/>\n<\/strong><\/p>\n<p style=\"text-align: justify;\"><strong>Po czym\u015b takim w\u0142adze TVP powinny poda\u0107 si\u0119 do dymisji, a nie bezczelnie wzywa\u0107 ludzi do p\u0142acenia abonament\u00f3w!<\/strong><\/p>\n<p style=\"text-align: justify;\"><strong>3. Zreszt\u0105 i tak wybory powinny by\u0107 uniewa\u017cnione z powodu nie umo\u017cliwienia rejestracji list <span style=\"color: #ff0000;\">Nowej<\/span> <span style=\"color: #0000ff;\">Prawicy<\/span> JKM we wszystkich okr\u0119gach wyborczych, co wypaczy\u0142o wyniki! Pewnie sko\u0144czy si\u0119 to w lewicowym Strasburgu. Na to mamy czas.<br \/>\n<\/strong><\/p>\n<p style=\"text-align: justify;\"><strong><span style=\"color: #0000ff;\">Ps.<\/span> Jak mawia\u0142 prof. Stanis\u0142awski, zajad\u0142y antykomunista <em>&#8222;i to by by\u0142o na tyle&#8221;<\/em>. Dzisiaj.<br \/>\n<\/strong><\/p>\n","protected":false},"excerpt":{"rendered":"<p>Przed wyborami uwa\u017ca\u0142em, \u017ce im dziwniejszy b\u0119dzie ich wynik, tym lepiej dla nas. Bo to rokowa\u0142oby zmiany, oczywi\u015bcie na lepsze! Troch\u0119 po zapoznaniu si\u0119 z lud\u017ami, kt\u00f3rzy awansowali do Sejmu z list filozofa J. Palikota (RP) moje przekonanie uleg\u0142o zachwianiu. Tak\u017ce w kontek\u015bcie braku ludzi normalnych, czyli Nowej Prawicy Janusza<\/p>\n","protected":false},"author":2,"featured_media":0,"comment_status":"open","ping_status":"open","sticky":false,"template":"","format":"standard","meta":{"_monsterinsights_skip_tracking":false,"_monsterinsights_sitenote_active":false,"_monsterinsights_sitenote_note":"","_monsterinsights_sitenote_category":0,"footnotes":""},"categories":[3],"tags":[],"class_list":["post-12769","post","type-post","status-publish","format-standard","hentry","category-polityczne"],"_links":{"self":[{"href":"https:\/\/grzegorzjaszczura.pl\/index.php?rest_route=\/wp\/v2\/posts\/12769","targetHints":{"allow":["GET"]}}],"collection":[{"href":"https:\/\/grzegorzjaszczura.pl\/index.php?rest_route=\/wp\/v2\/posts"}],"about":[{"href":"https:\/\/grzegorzjaszczura.pl\/index.php?rest_route=\/wp\/v2\/types\/post"}],"author":[{"embeddable":true,"href":"https:\/\/grzegorzjaszczura.pl\/index.php?rest_route=\/wp\/v2\/users\/2"}],"replies":[{"embeddable":true,"href":"https:\/\/grzegorzjaszczura.pl\/index.php?rest_route=%2Fwp%2Fv2%2Fcomments&post=12769"}],"version-history":[{"count":48,"href":"https:\/\/grzegorzjaszczura.pl\/index.php?rest_route=\/wp\/v2\/posts\/12769\/revisions"}],"predecessor-version":[{"id":12822,"href":"https:\/\/grzegorzjaszczura.pl\/index.php?rest_route=\/wp\/v2\/posts\/12769\/revisions\/12822"}],"wp:attachment":[{"href":"https:\/\/grzegorzjaszczura.pl\/index.php?rest_route=%2Fwp%2Fv2%2Fmedia&parent=12769"}],"wp:term":[{"taxonomy":"category","embeddable":true,"href":"https:\/\/grzegorzjaszczura.pl\/index.php?rest_route=%2Fwp%2Fv2%2Fcategories&post=12769"},{"taxonomy":"post_tag","embeddable":true,"href":"https:\/\/grzegorzjaszczura.pl\/index.php?rest_route=%2Fwp%2Fv2%2Ftags&post=12769"}],"curies":[{"name":"wp","href":"https:\/\/api.w.org\/{rel}","templated":true}]}}