{"id":13025,"date":"2011-12-08T11:25:28","date_gmt":"2011-12-08T09:25:28","guid":{"rendered":"http:\/\/grzegorzjaszczura.pl\/?p=13025"},"modified":"2011-12-08T15:18:32","modified_gmt":"2011-12-08T13:18:32","slug":"euro-w-strzepach","status":"publish","type":"post","link":"https:\/\/grzegorzjaszczura.pl\/?p=13025","title":{"rendered":"euro w strz\u0119pach"},"content":{"rendered":"<p style=\"text-align: justify;\"><strong><a href=\"http:\/\/grzegorzjaszczura.pl\/http:\/\/grzegorzjaszczura.pl\/wp-content\/uploads\/2011\/12\/20100511188.jpg\"><img loading=\"lazy\" decoding=\"async\" class=\"alignleft size-thumbnail wp-image-13928\" title=\"20100511188\" src=\"http:\/\/grzegorzjaszczura.pl\/http:\/\/grzegorzjaszczura.pl\/wp-content\/uploads\/2011\/12\/20100511188-150x150.jpg\" alt=\"\" width=\"150\" height=\"150\" \/><\/a>Zamiast si\u0119 cieszy\u0107<\/strong>, \u017ce jest szansa <strong>na<\/strong> w miar\u0119 pokojowe zamkni\u0119cie kolejnego do\u015bwiadczenia socjalist\u00f3w i <strong>likwidacj\u0119 waluty <span style=\"color: #ff0000;\">euro<\/span><\/strong> lub przynajmniej jego ograniczenie, to oni (rz\u0105dz\u0105cy) id\u0105 w zaparte! Niestety <strong>wida\u0107 tu<\/strong> jak na d\u0142oni, <strong>\u017ce przedsi\u0119wzi\u0119cie by\u0142o czysto polityczne<\/strong> a nie dla dobra gospodarek parapa\u0144stw tworz\u0105cych stref\u0119 euro i szerzej <span style=\"color: #ff0000;\">UE<\/span>. O tym przyk\u0142adowo<!--more--> \u015bwiadczy w\u0142\u0105czenie w system wsp\u00f3lnej waluty, gospodarki zar\u00f3wno Grecji jak i Niemiec czy Francji. Najgorsze, \u017ce polski rz\u0105d w imieniu wszystkich Polak\u00f3w chce pomaga\u0107 takim potentatom jak W\u0142ochy, Francja, Hiszpania, konkretnie ich gospodarkom, kosztem naszej naprawd\u0119 biednej (w por\u00f3wnaniu z tamtymi). Niech sobie te pot\u0119gi ograniczaj\u0105 socjal swoich obywateli, w\u0142\u0105cznie z Niemcami, a my <strong>zacznijmy wprowadza\u0107 gospodark\u0119 wolnorynkow\u0105<\/strong>, oczywi\u015bcie na ile istniej\u0105ca globalizacja pozwoli. Oni i tak b\u0119d\u0105 sobie \u017cy\u0107 na du\u017co wy\u017cszym poziomie od Polak\u00f3w w Polsce. Przynajmniej dop\u00f3ki do wszystkich nie dotrze proste przes\u0142anie, \u017ce <strong>dobrobyt wynika z pracy, a nie dotacji!!!<\/strong> Odpowiedzi na m\u00f3j <a href=\"http:\/\/grzegorzjaszczura.pl\/?p=12837#more-12837\">list otwarty <\/a>niestety nie otrzyma\u0142em. Podejrzewam najgorsze!<\/p>\n<p style=\"text-align: justify;\">J. Korwin-Mikke te\u017c niedawno pisa\u0142 o tym. Przypomn\u0119. <em>Po tym, co si\u0119 dzieje, jasno wida\u0107, \u017ce mo\u017cna tylko Bogu dzi\u0119kowa\u0107, \u017ce naszym euro-entuzjastom nie uda\u0142o si\u0119 wci\u0105gn\u0105\u0107 Polski do <span style=\"color: #ff0000;\">\u20acurolandii<\/span>. Zreszt\u0105 prosz\u0119 sobie samemu przeczyta\u0107 \u2013 co b\u0119d\u0119 strz\u0119pi\u0142 sobie j\u0119zyk: <a href=\"http:\/\/wiadomosci.onet.pl\/swiat\/fundusz-efsf-wzmocniony-nawet-do-2-bln-euro,1,4885297,wiadomosc.html\">http:\/\/wiadomosci.onet.pl\/swiat\/fundusz-efsf-wzmocniony-nawet-do-2-bln-euro,1,4885297,wiadomosc.html<\/a> .<\/em><\/p>\n<p style=\"text-align: justify;\"><em>Mo\u017cna si\u0119 tam dowiedzie\u0107, \u017ce \u201eEuropejski Fundusz Stabilizacji Finansowej (EFSF) opiewaj\u0105cy obecnie na 440 mld <span style=\"color: #ff0000;\">\u20acuro<\/span>, ma by\u0107 wzmocniony, jak poda\u0142y \u017ar\u00f3d\u0142a, poprzez tzw. lewarowanie, czyli zwi\u0119kszanie mo\u017cliwo\u015bci kapita\u0142owych funduszu bez zwi\u0119kszenia jego \u015brodk\u00f3w z kasy pa\u0144stw strefy <span style=\"color: #ff0000;\">\u20acuro<\/span>\u201d.<\/em><\/p>\n<p style=\"text-align: justify;\"><em>Czyli, kr\u00f3tko pisz\u0105c, EFSF b\u0119dzie udawa\u0142, \u017ce ma dodatkowe pieni\u0105dze \u2013 nie maj\u0105c ich. Co oznacza tylko odwleczenie katastrofy.<\/em><\/p>\n<p style=\"text-align: justify;\"><em>Najlepszy jest ten kawa\u0142ek:<\/em><\/p>\n<p style=\"text-align: justify;\"><em>\u201eZ kolei szef eurogrupy Jan-Klaudiusz Juncker [NB. wyj\u0105tkowy unio-fanatyk z Luksemburga &#8211; uw. JKM] powiedzia\u0142 kilka dni temu, \u017ce je\u015bli banki i ubezpieczyciele prywatni nie zgodz\u0105 si\u0119 dobrowolnie na wi\u0119ksze straty ni\u017c uzgodnione latem 21%., \u00bbto b\u0119dziemy musieli rozwa\u017cy\u0107 obowi\u0105zkowe zaanga\u017cowanie wierzycieli\u00ab &#8222;<\/em><\/p>\n<p style=\"text-align: justify;\"><em>Sk\u0105d my to znamy? I dobrze jest wiedzie\u0107, co w <span style=\"color: #ff0000;\">UE <\/span>oznacza s\u0142owo &#8222;uzgodnione&#8221;.<\/em><\/p>\n<p style=\"text-align: justify;\"><a href=\"http:\/\/grzegorzjaszczura.pl\/http:\/\/grzegorzjaszczura.pl\/wp-content\/uploads\/2011\/12\/IMG_3765eoro-02.jpg\"><img loading=\"lazy\" decoding=\"async\" class=\"alignleft size-thumbnail wp-image-13938\" title=\"IMG_3765eoro 02\" src=\"http:\/\/grzegorzjaszczura.pl\/http:\/\/grzegorzjaszczura.pl\/wp-content\/uploads\/2011\/12\/IMG_3765eoro-02-150x150.jpg\" alt=\"\" width=\"150\" height=\"150\" \/><\/a>Niestety tak si\u0119 dzieje, gdy komuni\u015bci, cho\u0107by Barroso, zajmuj\u0105 si\u0119 ekonomi\u0105: <a href=\"http:\/\/biznes.onet.pl\/prasa-banki-przechodza-na-tryb-awaryjny-z-obawy-pr,18493,4934725,3219970,199,1,news-detal\">http:\/\/biznes.onet.pl\/prasa-banki-przechodza-na-tryb-awaryjny-z-obawy-pr,18493,4934725,3219970,199,1,news-detal<\/a>. \u017bydowski ekonomista wolnorynkowy Milton Friedman dawa\u0142 walucie <span style=\"color: #ff0000;\">euro<\/span> 10 lat istnienia i w\u0142a\u015bnie ten czas si\u0119 sko\u0144czy\u0142. Oczywi\u015bcie oni mog\u0105 przed\u0142u\u017ca\u0107 sztucznie ten sw\u00f3j polityczny pomys\u0142, ale my pami\u0119tajmy jak zako\u0144czy\u0142 realny socjalizm w przedsi\u0119wzi\u0119ciu zwanym <span style=\"color: #ff0000;\">Zwi\u0105zek Sowiecki<\/span> (wraz z satelitami typu PRL, NRD, CSRS, Jugos\u0142awia, itd.).<\/p>\n<p style=\"text-align: justify;\">Gdy 2 lata temu przewiduj\u0105c upadek waluty <span style=\"color: #ff0000;\">euro<\/span> przyr\u00f3wnywa\u0142em j\u0105 do <span style=\"color: #ff0000;\">rubla transferowego<\/span> prof. St. Owsiak (wtedy cz\u0142onek Rady Polityki Pieni\u0119\u017cnej), wyargumentowa\u0142 przeciwko mnie tylko jeden kontrargument: <strong><em>\u201eczy ja widzia\u0142em rubla transferowego?, bo to nie by\u0142 rubel, tylko wr\u00f3bel!\u201d<\/em><\/strong>. Zobacz ca\u0142y wpis: <a href=\"http:\/\/grzegorzjaszczura.pl\/?p=3223#more-3223\">euro &#8222;wali si\u0119&#8221;<\/a>.<\/p>\n<p style=\"text-align: justify;\">Nadal, s\u0142uchaj\u0105c medi\u00f3w mam to samo wra\u017cenie: <strong>chc\u0105 nas zagada\u0107 na \u015bmier\u0107,<\/strong> pseudoznawcy tematu. Aczkolwiek taki <span style=\"color: #ff0000;\">europejski rubel transferowy<\/span> (takie ECU transferowe) mo\u017ce by\u0107 dla nich wyj\u015bciem do przodu na kilka lat. Czego im nie \u017cycz\u0119.<\/p>\n<p style=\"text-align: justify;\"><span style=\"color: #0000ff;\"><strong>Ps.<\/strong><\/span> Dobry, polski <span style=\"color: #0000ff;\"><strong>grosz<\/strong><\/span>, lepiej go mie\u0107 czy nie mie\u0107?:<a href=\"http:\/\/grzegorzjaszczura.pl\/http:\/\/grzegorzjaszczura.pl\/wp-content\/uploads\/2011\/12\/201103151160.jpg\"><img loading=\"lazy\" decoding=\"async\" class=\"alignleft size-thumbnail wp-image-13931\" title=\"201103151160\" src=\"http:\/\/grzegorzjaszczura.pl\/http:\/\/grzegorzjaszczura.pl\/wp-content\/uploads\/2011\/12\/201103151160-150x150.jpg\" alt=\"\" width=\"150\" height=\"150\" \/><\/a><\/p>\n","protected":false},"excerpt":{"rendered":"<p>Zamiast si\u0119 cieszy\u0107, \u017ce jest szansa na w miar\u0119 pokojowe zamkni\u0119cie kolejnego do\u015bwiadczenia socjalist\u00f3w i likwidacj\u0119 waluty euro lub przynajmniej jego ograniczenie, to oni (rz\u0105dz\u0105cy) id\u0105 w zaparte! Niestety wida\u0107 tu jak na d\u0142oni, \u017ce przedsi\u0119wzi\u0119cie by\u0142o czysto polityczne a nie dla dobra gospodarek parapa\u0144stw tworz\u0105cych stref\u0119 euro i szerzej UE. O tym przyk\u0142adowo<\/p>\n","protected":false},"author":2,"featured_media":0,"comment_status":"open","ping_status":"open","sticky":false,"template":"","format":"standard","meta":{"_monsterinsights_skip_tracking":false,"_monsterinsights_sitenote_active":false,"_monsterinsights_sitenote_note":"","_monsterinsights_sitenote_category":0,"footnotes":""},"categories":[3],"tags":[],"class_list":["post-13025","post","type-post","status-publish","format-standard","hentry","category-polityczne"],"_links":{"self":[{"href":"https:\/\/grzegorzjaszczura.pl\/index.php?rest_route=\/wp\/v2\/posts\/13025","targetHints":{"allow":["GET"]}}],"collection":[{"href":"https:\/\/grzegorzjaszczura.pl\/index.php?rest_route=\/wp\/v2\/posts"}],"about":[{"href":"https:\/\/grzegorzjaszczura.pl\/index.php?rest_route=\/wp\/v2\/types\/post"}],"author":[{"embeddable":true,"href":"https:\/\/grzegorzjaszczura.pl\/index.php?rest_route=\/wp\/v2\/users\/2"}],"replies":[{"embeddable":true,"href":"https:\/\/grzegorzjaszczura.pl\/index.php?rest_route=%2Fwp%2Fv2%2Fcomments&post=13025"}],"version-history":[{"count":52,"href":"https:\/\/grzegorzjaszczura.pl\/index.php?rest_route=\/wp\/v2\/posts\/13025\/revisions"}],"predecessor-version":[{"id":13949,"href":"https:\/\/grzegorzjaszczura.pl\/index.php?rest_route=\/wp\/v2\/posts\/13025\/revisions\/13949"}],"wp:attachment":[{"href":"https:\/\/grzegorzjaszczura.pl\/index.php?rest_route=%2Fwp%2Fv2%2Fmedia&parent=13025"}],"wp:term":[{"taxonomy":"category","embeddable":true,"href":"https:\/\/grzegorzjaszczura.pl\/index.php?rest_route=%2Fwp%2Fv2%2Fcategories&post=13025"},{"taxonomy":"post_tag","embeddable":true,"href":"https:\/\/grzegorzjaszczura.pl\/index.php?rest_route=%2Fwp%2Fv2%2Ftags&post=13025"}],"curies":[{"name":"wp","href":"https:\/\/api.w.org\/{rel}","templated":true}]}}