{"id":13197,"date":"2011-11-04T09:25:40","date_gmt":"2011-11-04T07:25:40","guid":{"rendered":"http:\/\/grzegorzjaszczura.pl\/?p=13197"},"modified":"2011-11-04T09:28:12","modified_gmt":"2011-11-04T07:28:12","slug":"marsz-niepodleglosci-11-11-11","status":"publish","type":"post","link":"https:\/\/grzegorzjaszczura.pl\/?p=13197","title":{"rendered":"Marsz Niepodleg\u0142o\u015bci &#8211; 11.11.11."},"content":{"rendered":"<p style=\"text-align: justify;\"><span style=\"color: #ff0000;\"><strong><a href=\"http:\/\/grzegorzjaszczura.pl\/http:\/\/grzegorzjaszczura.pl\/wp-content\/uploads\/2011\/11\/SKMBT_C203111028150401.jpg\"><img loading=\"lazy\" decoding=\"async\" class=\"alignleft size-thumbnail wp-image-13274\" title=\"SKMBT_C20311102815040\" src=\"http:\/\/grzegorzjaszczura.pl\/http:\/\/grzegorzjaszczura.pl\/wp-content\/uploads\/2011\/11\/SKMBT_C203111028150401-150x150.jpg\" alt=\"\" width=\"150\" height=\"150\" \/><\/a>Zapraszam na <a href=\"http:\/\/marszniepodleglosci.pl\/\"><span style=\"color: #0000ff;\">Marsz Niepodleg\u0142o\u015bci<\/span><\/a>, kt\u00f3ry odb\u0119dzie si\u0119 w Warszawie w dniu <span style=\"color: #0000ff;\">11 listopada 2011 roku<\/span>. Rozpocz\u0119cie Marszu jest przewidywane <span style=\"color: #0000ff;\">o godz. 15.00<\/span><span style=\"color: #0000ff;\">.<\/span> na Placu Konstytucji.<\/strong><\/span><\/p>\n<p style=\"text-align: justify;\"><span style=\"color: #ff0000;\"><strong> <span style=\"color: #000000;\">Okr\u0119g <\/span><\/strong><\/span><span style=\"color: #ff0000;\"><strong><span style=\"color: #000000;\">\u015al\u0105sko-D\u0105browski <\/span><span style=\"color: #000000;\">Kongresu<\/span> Nowej <span style=\"color: #0000ff;\">Prawicy<\/span> r\u00f3wnie\u017c w\u0142\u0105czy\u0142 si\u0119 w t\u0105 akcj\u0119 Polak\u00f3w &#8211; patriot\u00f3w. <!--more-->Prezes okr\u0119gu pan Pawe\u0142 Janowski organizuje i koordynuje wyjazd autokarem 11 listopada (pi\u0105tek) do Warszawy. Cena przejazdu w dwie strony: 60 z\u0142 (+\/- 5 z\u0142). Planowana godzina wyjazdu:<\/strong><\/span><span style=\"color: #ff0000;\"><strong> <span style=\"color: #000000;\">Rybnik<\/span> godzina 8.00., dworzec PKS przy biedronce, na przeciwko komisariatu\u00a0policji. <\/strong><\/span><\/p>\n<p style=\"text-align: justify;\"><span style=\"color: #ff0000;\"><strong>N<\/strong><\/span><span style=\"color: #ff0000;\"><strong>ast\u0119pnie: <span style=\"color: #000000;\">Katowice<\/span> godzina 9.15., dworzec PKP przy\u00a0Placu Andrzeja,<\/strong><\/span><\/p>\n<p style=\"text-align: justify;\"><span style=\"color: #ff0000;\"><strong><span style=\"color: #000000;\">Cz\u0119stochowa<\/span> godzina 10.45., Galeria Jurajska.<\/strong><\/span><\/p>\n<p style=\"text-align: left;\"><span style=\"color: #ff0000;\"><strong>W razie zainteresowania prosz\u0119 o kontakt:<\/strong><\/span> <a href=\"mailto:pawel.janowski@nowaprawica.org.pl\">pawel.janowski@nowaprawica.org.pl<\/a><\/p>\n<p style=\"text-align: justify;\"><span style=\"color: #ff0000;\"><strong>Wp\u0142at nale\u017cy dokonywa\u0107 na konto: <span style=\"color: #000000;\">13 1020 2313 0000 3002 0370 4087<\/span> Pawe\u0142 Janowski, po uprzedniej rezerwacji miejsca, mailowo lub telefonicznie.<\/strong><\/span><\/p>\n<p style=\"text-align: justify;\"><span style=\"color: #ff0000;\"><strong>W Zag\u0142\u0119biu <span style=\"color: #00ff00;\">D\u0105browskim<\/span> autokar zatrzyma si\u0119 na trasie, przy M1 w <span style=\"color: #000000;\">Czeladzi<\/span>. Wi\u0119cej informacji i zapisy &#8211; Pawe\u0142 Janowski, tel. <span style=\"color: #0000ff;\">509 625 669<\/span>.<\/strong><\/span><\/p>\n<p style=\"text-align: justify;\"><span style=\"color: #ff0000;\"><strong>Zapraszamy wszystkich Polak\u00f3w i Polki, wszystkich prawych ludzi, w tym oczywi\u015bcie antykomunist\u00f3w, antysocjalist\u00f3w i antyfaszyst\u00f3w, wszystkich kt\u00f3rym Polska i jej dobro jest bliskie! Oczywi\u015bcie cz\u0142onk\u00f3w i sympatyk\u00f3w<span style=\"color: #000000;\"> Kongresu<\/span> Nowej <span style=\"color: #0000ff;\">Prawicy<\/span> na <span style=\"color: #0000ff;\">Marszu Niepodleg\u0142o\u015bci<\/span> nie zabraknie.<br \/>\n<\/strong><\/span><\/p>\n<p style=\"text-align: justify;\"><span style=\"color: #0000ff;\"><strong><a href=\"http:\/\/grzegorzjaszczura.pl\/http:\/\/grzegorzjaszczura.pl\/wp-content\/uploads\/2011\/11\/logo-NP.jpg\"><img loading=\"lazy\" decoding=\"async\" class=\"alignleft size-thumbnail wp-image-13210\" title=\"logo-NP\" src=\"http:\/\/grzegorzjaszczura.pl\/http:\/\/grzegorzjaszczura.pl\/wp-content\/uploads\/2011\/11\/logo-NP-150x150.jpg\" alt=\"\" width=\"150\" height=\"150\" \/><\/a>Ps.<\/strong><\/span> Przy okazji przy\u0142\u0105czam si\u0119 do apelu prezesa <strong>Kongresu <span style=\"color: #ff0000;\">Nowej<\/span> <span style=\"color: #0000ff;\">Prawicy<\/span><\/strong> pana Janusza Korwin-Mikke o wp\u0142aty na konto partii:<\/p>\n<p style=\"text-align: justify;\"><strong>39 1240 1024 1111 0010 3916 5861<\/strong><\/p>\n<p style=\"text-align: justify;\"><strong><br \/>\n<\/strong><\/p>\n","protected":false},"excerpt":{"rendered":"<p>Zapraszam na Marsz Niepodleg\u0142o\u015bci, kt\u00f3ry odb\u0119dzie si\u0119 w Warszawie w dniu 11 listopada 2011 roku. Rozpocz\u0119cie Marszu jest przewidywane o godz. 15.00. na Placu Konstytucji. Okr\u0119g \u015al\u0105sko-D\u0105browski Kongresu Nowej Prawicy r\u00f3wnie\u017c w\u0142\u0105czy\u0142 si\u0119 w t\u0105 akcj\u0119 Polak\u00f3w &#8211; patriot\u00f3w.<\/p>\n","protected":false},"author":2,"featured_media":0,"comment_status":"open","ping_status":"open","sticky":false,"template":"","format":"standard","meta":{"_monsterinsights_skip_tracking":false,"_monsterinsights_sitenote_active":false,"_monsterinsights_sitenote_note":"","_monsterinsights_sitenote_category":0,"footnotes":""},"categories":[3],"tags":[],"class_list":["post-13197","post","type-post","status-publish","format-standard","hentry","category-polityczne"],"_links":{"self":[{"href":"https:\/\/grzegorzjaszczura.pl\/index.php?rest_route=\/wp\/v2\/posts\/13197","targetHints":{"allow":["GET"]}}],"collection":[{"href":"https:\/\/grzegorzjaszczura.pl\/index.php?rest_route=\/wp\/v2\/posts"}],"about":[{"href":"https:\/\/grzegorzjaszczura.pl\/index.php?rest_route=\/wp\/v2\/types\/post"}],"author":[{"embeddable":true,"href":"https:\/\/grzegorzjaszczura.pl\/index.php?rest_route=\/wp\/v2\/users\/2"}],"replies":[{"embeddable":true,"href":"https:\/\/grzegorzjaszczura.pl\/index.php?rest_route=%2Fwp%2Fv2%2Fcomments&post=13197"}],"version-history":[{"count":46,"href":"https:\/\/grzegorzjaszczura.pl\/index.php?rest_route=\/wp\/v2\/posts\/13197\/revisions"}],"predecessor-version":[{"id":13285,"href":"https:\/\/grzegorzjaszczura.pl\/index.php?rest_route=\/wp\/v2\/posts\/13197\/revisions\/13285"}],"wp:attachment":[{"href":"https:\/\/grzegorzjaszczura.pl\/index.php?rest_route=%2Fwp%2Fv2%2Fmedia&parent=13197"}],"wp:term":[{"taxonomy":"category","embeddable":true,"href":"https:\/\/grzegorzjaszczura.pl\/index.php?rest_route=%2Fwp%2Fv2%2Fcategories&post=13197"},{"taxonomy":"post_tag","embeddable":true,"href":"https:\/\/grzegorzjaszczura.pl\/index.php?rest_route=%2Fwp%2Fv2%2Ftags&post=13197"}],"curies":[{"name":"wp","href":"https:\/\/api.w.org\/{rel}","templated":true}]}}