{"id":1371,"date":"2010-12-13T09:01:40","date_gmt":"2010-12-13T07:01:40","guid":{"rendered":"http:\/\/grzegorzjaszczura.pl\/?p=1371"},"modified":"2010-12-13T10:09:47","modified_gmt":"2010-12-13T08:09:47","slug":"bluzg-dla-w-jaruzelskiego","status":"publish","type":"post","link":"https:\/\/grzegorzjaszczura.pl\/?p=1371","title":{"rendered":"bluzg na genera\u0142a"},"content":{"rendered":"<p style=\"text-align: justify;\"><a href=\"http:\/\/grzegorzjaszczura.pl\/http:\/\/grzegorzjaszczura.pl\/wp-content\/uploads\/2010\/12\/20100520214.jpg\"><img loading=\"lazy\" decoding=\"async\" class=\"alignleft size-thumbnail wp-image-7448\" title=\"20100520214\" src=\"http:\/\/grzegorzjaszczura.pl\/http:\/\/grzegorzjaszczura.pl\/wp-content\/uploads\/2010\/12\/20100520214-150x150.jpg\" alt=\"20100520214\" width=\"150\" height=\"150\" \/><\/a>Kr\u00f3tko w temacie zbrodniczej (na narodzie polskim) <span style=\"color: #ff0000;\"><strong>rocznicy 13 grudnia<\/strong><\/span>, za Emilianem Kami\u0144skim, bo ka\u017cde klikni\u0119cie to<span style=\"color: #ff0000;\"> b\u00f3l<\/span> mojego palca i <span style=\"color: #ff0000;\">smr\u00f3d<\/span> w pomieszczeniu: <a href=\"http:\/\/www.youtube.com\/watch?v=YZQpptwEceo\">http:\/\/www.youtube.com\/watch?v=YZQpptwEceo<\/a><\/p>\n<p style=\"text-align: justify;\">Tak trzyma\u0107! Dla jasno\u015bci autor nieznany.<\/p>\n","protected":false},"excerpt":{"rendered":"<p>Kr\u00f3tko w temacie zbrodniczej (na narodzie polskim) rocznicy 13 grudnia, za Emilianem Kami\u0144skim, bo ka\u017cde klikni\u0119cie to b\u00f3l mojego palca i smr\u00f3d w pomieszczeniu: http:\/\/www.youtube.com\/watch?v=YZQpptwEceo Tak trzyma\u0107! Dla jasno\u015bci autor nieznany.<\/p>\n","protected":false},"author":2,"featured_media":0,"comment_status":"open","ping_status":"open","sticky":false,"template":"","format":"standard","meta":{"_monsterinsights_skip_tracking":false,"_monsterinsights_sitenote_active":false,"_monsterinsights_sitenote_note":"","_monsterinsights_sitenote_category":0,"footnotes":""},"categories":[3],"tags":[],"class_list":["post-1371","post","type-post","status-publish","format-standard","hentry","category-polityczne"],"_links":{"self":[{"href":"https:\/\/grzegorzjaszczura.pl\/index.php?rest_route=\/wp\/v2\/posts\/1371","targetHints":{"allow":["GET"]}}],"collection":[{"href":"https:\/\/grzegorzjaszczura.pl\/index.php?rest_route=\/wp\/v2\/posts"}],"about":[{"href":"https:\/\/grzegorzjaszczura.pl\/index.php?rest_route=\/wp\/v2\/types\/post"}],"author":[{"embeddable":true,"href":"https:\/\/grzegorzjaszczura.pl\/index.php?rest_route=\/wp\/v2\/users\/2"}],"replies":[{"embeddable":true,"href":"https:\/\/grzegorzjaszczura.pl\/index.php?rest_route=%2Fwp%2Fv2%2Fcomments&post=1371"}],"version-history":[{"count":38,"href":"https:\/\/grzegorzjaszczura.pl\/index.php?rest_route=\/wp\/v2\/posts\/1371\/revisions"}],"predecessor-version":[{"id":7463,"href":"https:\/\/grzegorzjaszczura.pl\/index.php?rest_route=\/wp\/v2\/posts\/1371\/revisions\/7463"}],"wp:attachment":[{"href":"https:\/\/grzegorzjaszczura.pl\/index.php?rest_route=%2Fwp%2Fv2%2Fmedia&parent=1371"}],"wp:term":[{"taxonomy":"category","embeddable":true,"href":"https:\/\/grzegorzjaszczura.pl\/index.php?rest_route=%2Fwp%2Fv2%2Fcategories&post=1371"},{"taxonomy":"post_tag","embeddable":true,"href":"https:\/\/grzegorzjaszczura.pl\/index.php?rest_route=%2Fwp%2Fv2%2Ftags&post=1371"}],"curies":[{"name":"wp","href":"https:\/\/api.w.org\/{rel}","templated":true}]}}