{"id":13894,"date":"2011-12-23T09:31:27","date_gmt":"2011-12-23T07:31:27","guid":{"rendered":"http:\/\/grzegorzjaszczura.pl\/?p=13894"},"modified":"2011-12-23T09:43:45","modified_gmt":"2011-12-23T07:43:45","slug":"30-rocznica-gwaltu-na-narodzie-uzupelnienie","status":"publish","type":"post","link":"https:\/\/grzegorzjaszczura.pl\/?p=13894","title":{"rendered":"30 rocznica gwa\u0142tu na narodzie &#8211; uzupe\u0142nienie"},"content":{"rendered":"<p style=\"text-align: justify;\"><a href=\"http:\/\/grzegorzjaszczura.pl\/http:\/\/grzegorzjaszczura.pl\/wp-content\/uploads\/2011\/12\/13grudnia-006.jpg\"><img loading=\"lazy\" decoding=\"async\" class=\"alignleft size-thumbnail wp-image-14051\" title=\"13grudnia 006\" src=\"http:\/\/grzegorzjaszczura.pl\/http:\/\/grzegorzjaszczura.pl\/wp-content\/uploads\/2011\/12\/13grudnia-006-150x150.jpg\" alt=\"\" width=\"150\" height=\"150\" \/><\/a>Jak wspomina\u0142em we wpisie z <a href=\"http:\/\/grzegorzjaszczura.pl\/?p=13879#more-13879\">13 grudnia<\/a>, w 30 rocznic\u0119 wypowiedzenia wojny narodowi polskiemu przez komunist\u00f3w w 1981 roku, w Zag\u0142\u0119biu D\u0105browskim na terenie Kombinatu Metalurgicznego Huta &#8222;Katowice&#8221;,<strong> strajk<\/strong> okupacyjny <strong>trwa\u0142 a\u017c do 23 grudnia<\/strong>. Dopiero po 11 dniach komunistom uda\u0142o si\u0119 spacyfikowa\u0107 strajkuj\u0105cych, a w\u0142a\u015bciwie<!--more--> sta\u0142o si\u0119 tak po decyzji przewodnicz\u0105cego Mi\u0119dzyzak\u0142adowego Komitetu Strajkowego Antoniego Kuszniera, rozwi\u0105zuj\u0105cego MKS. <a href=\"http:\/\/grzegorzjaszczura.pl\/http:\/\/grzegorzjaszczura.pl\/wp-content\/uploads\/2011\/12\/13grudnia-018.jpg\"><img loading=\"lazy\" decoding=\"async\" class=\"alignleft size-thumbnail wp-image-14195\" title=\"13grudnia 018\" src=\"http:\/\/grzegorzjaszczura.pl\/http:\/\/grzegorzjaszczura.pl\/wp-content\/uploads\/2011\/12\/13grudnia-018-150x150.jpg\" alt=\"\" width=\"150\" height=\"150\" \/><\/a>Poniewa\u017c w\u0142a\u015bnie tu, przy bramie g\u0142\u00f3wnej,\u00a0 przy pomniku &#8222;Porozumienia Katowickiego&#8221;, jako d\u0105browski oddzia\u0142 Kongresu Nowej Prawicy oddali\u015bmy w rocznic\u0119 stanu wojennego ho\u0142d wszystkim, kt\u00f3rzy przeciwstawili si\u0119 wtedy prosowieckiemu genera\u0142owi, chcia\u0142bym powr\u00f3ci\u0107 kr\u00f3tko do historii. A szczeg\u00f3lnie u nas, w &#8222;czerwonym&#8221; Zag\u0142\u0119biu D\u0105browskim, przypominanie o zbrodniach komunist\u00f3w na Polakach jest bardzo istotne.<\/p>\n<p style=\"text-align: justify;\">Tak jak kiedy\u015b na komisji Rady Miasta przeciwstawi\u0142em si\u0119 powrotowi pomnika <a href=\"http:\/\/grzegorzjaszczura.pl\/?p=142#more-142\">komunisty Aleksandra Zawadzkiego<\/a> i w\u0142a\u015bciwie pewnie dzi\u0119ki temu nie dosz\u0142o do kompromitacji naszego miasta w tym wzgl\u0119dzie na ca\u0142\u0105 Polsk\u0119, tak pami\u0119\u0107 o d\u0142ugim strajku na Hucie &#8222;Katowice&#8221;, niech te\u017c b\u0119dzie przestrog\u0105 dla nowych totalitaryst\u00f3w. A zauwa\u017cam ich w UE.<\/p>\n<p style=\"text-align: justify;\"><a href=\"http:\/\/grzegorzjaszczura.pl\/http:\/\/grzegorzjaszczura.pl\/wp-content\/uploads\/2011\/12\/20100911_000241.jpg\"><img loading=\"lazy\" decoding=\"async\" class=\"alignleft size-thumbnail wp-image-14198\" title=\"20100911_000241\" src=\"http:\/\/grzegorzjaszczura.pl\/http:\/\/grzegorzjaszczura.pl\/wp-content\/uploads\/2011\/12\/20100911_000241-150x150.jpg\" alt=\"\" width=\"150\" height=\"150\" \/><\/a>W. Jaruzelski dokona\u0142 puczu, gwa\u0142tu na narodzie i wci\u0105\u017c nie poni\u00f3s\u0142 za to kary, jakiejkolwiek, ani moralnej ani fizycznej! \u015awiadczy to tragicznie o polskim prawie! Jak\u017ce inaczej post\u0119puje na przyk\u0142ad lud Izraela i Mosad! Od razu mo\u017cna mie\u0107 w\u0105tpliwo\u015bci, czy my si\u0119 samorz\u0105dzimy w Polsce, abstrahuj\u0105c ju\u017c w tym momencie od utraty suwerenno\u015bci przez nasze pa\u0144stwo w wyniku podpisania Traktatu Lizbo\u0144skiego przez \u015b.p. L. Kaczy\u0144skiego! Ale mog\u0119 jedynie wyrazi\u0107 swoje zadziwienie, \u017ce takie s\u0105 fakty.<\/p>\n<p style=\"text-align: justify;\"><a href=\"http:\/\/grzegorzjaszczura.pl\/http:\/\/grzegorzjaszczura.pl\/wp-content\/uploads\/2011\/12\/SKMBT_C20311120713111.jpg\"><img loading=\"lazy\" decoding=\"async\" class=\"alignleft size-thumbnail wp-image-14202\" title=\"SKMBT_C20311120713111\" src=\"http:\/\/grzegorzjaszczura.pl\/http:\/\/grzegorzjaszczura.pl\/wp-content\/uploads\/2011\/12\/SKMBT_C20311120713111-150x150.jpg\" alt=\"\" width=\"150\" height=\"150\" \/><\/a>Wracaj\u0105c do strajku okupacyjnego w D\u0105browie G\u00f3rniczej, warto podkre\u015bli\u0107, \u017ce ten strajk to by\u0142a ci\u0105g\u0142a walka, broni\u0105cych si\u0119 robotnik\u00f3w, otoczonych przez wojsko i terrorystyczne boj\u00f3wki ZOMO. Celem strajkuj\u0105cych by\u0142a obrona Polski i wolno\u015bci. Pierwszy zmasowany atak wojska, MO, ZOMO, z czo\u0142gami, skotami i okratowanymi osinubosami nast\u0105pi\u0142 14 grudnia. Atak bandyt\u00f3w komunistycznych zosta\u0142 odparty. Najbardziej broniony by\u0142 Wielki Piec, zreszt\u0105 rozchodz\u0105ce si\u0119 po mie\u015bcie plotki o mo\u017cliwo\u015bci wysadzenia go, dodatkowo nie wp\u0142ywa\u0142y dobrze na nastroje spo\u0142eczne. Przecie\u017c wiele rodzin mia\u0142o swoich na strajku. Swoj\u0105 drog\u0105 to dziwi\u0119 si\u0119, \u017ce ju\u017c w wolnej Polsce formacje skrajnie lewicowe typu SdRP, SLD, SdPL, UP, itd., wygrywa\u0142y wybory lub przynajmniej wstawia\u0142y swoich przedstawicieli, kt\u00f3rzy rz\u0105dzili w D\u0105browie G\u00f3rniczej. Bardzo pami\u0119\u0107 ludzka jest zawodna i u\u0142omna! A dobrze na tym mieszka\u0144cy, przynajmniej znowu ta wi\u0119kszo\u015b\u0107, przecie\u017c nie wychodzi. O moim zdaniem, prywatnym folwarku w D\u0105browie G\u00f3rniczej, pisa\u0142em wielokrotnie w kontek\u015bcie cho\u0107by dzia\u0142a\u0144 Rady Miasta.<\/p>\n<p style=\"text-align: justify;\"><a href=\"http:\/\/grzegorzjaszczura.pl\/http:\/\/grzegorzjaszczura.pl\/wp-content\/uploads\/2011\/12\/SKMBT_C20311120713110.jpg\"><img loading=\"lazy\" decoding=\"async\" class=\"alignleft size-thumbnail wp-image-14192\" title=\"SKMBT_C20311120713110\" src=\"http:\/\/grzegorzjaszczura.pl\/http:\/\/grzegorzjaszczura.pl\/wp-content\/uploads\/2011\/12\/SKMBT_C20311120713110-150x150.jpg\" alt=\"\" width=\"150\" height=\"150\" \/><\/a>Co do <em>meritum<\/em>. W trakcie strajku wydawany by\u0142 &#8222;Wolny Zwi\u0105zkowiec&#8221;, zbierano pieni\u0105dze na pomoc dla rodzin g\u00f3rnik\u00f3w zabitych przez morderc\u00f3w (?) z\u00a0 ZOMO na kopalni Wujek (przecie\u017c sami do siebie nie strzelali!), odbywa\u0142y si\u0119 Msze \u015awi\u0119te, a nad Wielkim Piecem powiewa\u0142y flagi Polski i &#8222;Solidarno\u015bci&#8221;.<\/p>\n<p style=\"text-align: justify;\">Po wspomnianym na pocz\u0105tku, rozwi\u0105zaniu MKS-u przez A. Kuszniera, 23 grudnia o godz. 13.00., przez otwarte, ju\u017c nie bronione przez polskich robotnik\u00f3w bramy huty wjecha\u0142y czo\u0142gi 10. Sudeckiej Dywizji Pancernej. W \u015brodku by\u0142o jeszcze wtedy ok. 3 tysi\u0119cy ludzi. Ostatni opu\u015bcili teren zak\u0142adu p\u00f3\u017anym wieczorem&#8230;<\/p>\n<p style=\"text-align: justify;\">Komuni\u015bci (poplecznicy) W. Jaruzelskiego zwolnili z Huty Katowice, w ramach represji, ponad 1400 robotnik\u00f3w z pracy, z tzw. &#8222;wilczym biletem&#8221;. Oko\u0142o 100 cz\u0142onk\u00f3w &#8222;Solidarno\u015bci&#8221; zosta\u0142o internowanych. Wydano wiele wyrok\u00f3w wieloletniego wi\u0119zienia, cz\u0119\u015b\u0107 bohater\u00f3w strajku wyemigrowa\u0142a do Stan\u00f3w i Europy Zachodniej, cz\u0119\u015b\u0107 zosta\u0142a zmuszona do takowej emigracji.<\/p>\n<p style=\"text-align: justify;\"><a href=\"http:\/\/grzegorzjaszczura.pl\/http:\/\/grzegorzjaszczura.pl\/wp-content\/uploads\/2011\/12\/DSCN9140.jpg\"><img loading=\"lazy\" decoding=\"async\" class=\"alignleft size-thumbnail wp-image-14186\" title=\"DSCN9140\" src=\"http:\/\/grzegorzjaszczura.pl\/http:\/\/grzegorzjaszczura.pl\/wp-content\/uploads\/2011\/12\/DSCN9140-150x150.jpg\" alt=\"\" width=\"150\" height=\"150\" \/><\/a>Je\u017celi chodzi o ofiary \u015bmiertelne, to w niewyja\u015bnionych okoliczno\u015bciach zgin\u0105\u0142 Ryszard Kowalski (jego cia\u0142o wy\u0142owiono z Wis\u0142y pod Krakowem 7.02.1983 r.). Oczywi\u015bcie z wersj\u0105 w\u0142adzy komunistycznej o samob\u00f3jstwie. Na terenie huty znajduje si\u0119 krzy\u017c po\u015bwi\u0119cony \u015bmierci R. Kowalskiego i W\u0142. Jagodzi\u0144skiego. A. Kusznier przewodnicz\u0105cy KS, wywieziony ze strajku przez kolejarzy do stacji Strzemieszyce Ma\u0142e ukrywa\u0142 si\u0119, a nast\u0119pnie wyemigrowa\u0142 do USA.<\/p>\n<p style=\"text-align: justify;\"><a href=\"http:\/\/grzegorzjaszczura.pl\/http:\/\/grzegorzjaszczura.pl\/wp-content\/uploads\/2011\/12\/IMG_6040.jpg\"><img loading=\"lazy\" decoding=\"async\" class=\"alignleft size-thumbnail wp-image-14205\" title=\"IMG_6040\" src=\"http:\/\/grzegorzjaszczura.pl\/http:\/\/grzegorzjaszczura.pl\/wp-content\/uploads\/2011\/12\/IMG_6040-150x150.jpg\" alt=\"\" width=\"150\" height=\"150\" \/><\/a><a href=\"http:\/\/grzegorzjaszczura.pl\/http:\/\/grzegorzjaszczura.pl\/wp-content\/uploads\/2011\/12\/SKMBT_C20311120713010.jpg\"><img loading=\"lazy\" decoding=\"async\" class=\"alignleft size-thumbnail wp-image-14206\" title=\"SKMBT_C20311120713010\" src=\"http:\/\/grzegorzjaszczura.pl\/http:\/\/grzegorzjaszczura.pl\/wp-content\/uploads\/2011\/12\/SKMBT_C20311120713010-150x150.jpg\" alt=\"\" width=\"150\" height=\"150\" \/><\/a><\/p>\n<p style=\"text-align: justify;\">\n<p style=\"text-align: justify;\">\n<p style=\"text-align: justify;\">\n","protected":false},"excerpt":{"rendered":"<p>Jak wspomina\u0142em we wpisie z 13 grudnia, w 30 rocznic\u0119 wypowiedzenia wojny narodowi polskiemu przez komunist\u00f3w w 1981 roku, w Zag\u0142\u0119biu D\u0105browskim na terenie Kombinatu Metalurgicznego Huta &#8222;Katowice&#8221;, strajk okupacyjny trwa\u0142 a\u017c do 23 grudnia. Dopiero po 11 dniach komunistom uda\u0142o si\u0119 spacyfikowa\u0107 strajkuj\u0105cych, a w\u0142a\u015bciwie<\/p>\n","protected":false},"author":2,"featured_media":0,"comment_status":"open","ping_status":"open","sticky":false,"template":"","format":"standard","meta":{"_monsterinsights_skip_tracking":false,"_monsterinsights_sitenote_active":false,"_monsterinsights_sitenote_note":"","_monsterinsights_sitenote_category":0,"footnotes":""},"categories":[3],"tags":[],"class_list":["post-13894","post","type-post","status-publish","format-standard","hentry","category-polityczne"],"_links":{"self":[{"href":"https:\/\/grzegorzjaszczura.pl\/index.php?rest_route=\/wp\/v2\/posts\/13894","targetHints":{"allow":["GET"]}}],"collection":[{"href":"https:\/\/grzegorzjaszczura.pl\/index.php?rest_route=\/wp\/v2\/posts"}],"about":[{"href":"https:\/\/grzegorzjaszczura.pl\/index.php?rest_route=\/wp\/v2\/types\/post"}],"author":[{"embeddable":true,"href":"https:\/\/grzegorzjaszczura.pl\/index.php?rest_route=\/wp\/v2\/users\/2"}],"replies":[{"embeddable":true,"href":"https:\/\/grzegorzjaszczura.pl\/index.php?rest_route=%2Fwp%2Fv2%2Fcomments&post=13894"}],"version-history":[{"count":62,"href":"https:\/\/grzegorzjaszczura.pl\/index.php?rest_route=\/wp\/v2\/posts\/13894\/revisions"}],"predecessor-version":[{"id":14245,"href":"https:\/\/grzegorzjaszczura.pl\/index.php?rest_route=\/wp\/v2\/posts\/13894\/revisions\/14245"}],"wp:attachment":[{"href":"https:\/\/grzegorzjaszczura.pl\/index.php?rest_route=%2Fwp%2Fv2%2Fmedia&parent=13894"}],"wp:term":[{"taxonomy":"category","embeddable":true,"href":"https:\/\/grzegorzjaszczura.pl\/index.php?rest_route=%2Fwp%2Fv2%2Fcategories&post=13894"},{"taxonomy":"post_tag","embeddable":true,"href":"https:\/\/grzegorzjaszczura.pl\/index.php?rest_route=%2Fwp%2Fv2%2Ftags&post=13894"}],"curies":[{"name":"wp","href":"https:\/\/api.w.org\/{rel}","templated":true}]}}