{"id":1409,"date":"2010-02-12T14:16:59","date_gmt":"2010-02-12T12:16:59","guid":{"rendered":"http:\/\/grzegorzjaszczura.pl\/?p=1409"},"modified":"2010-02-13T18:44:00","modified_gmt":"2010-02-13T16:44:00","slug":"tomasz-pasek-strona-radnego","status":"publish","type":"post","link":"https:\/\/grzegorzjaszczura.pl\/?p=1409","title":{"rendered":"Tomasz Pasek &#8211; strona radnego"},"content":{"rendered":"<p style=\"text-align: justify;\"><a href=\"http:\/\/grzegorzjaszczura.pl\/http:\/\/grzegorzjaszczura.pl\/wp-content\/uploads\/2010\/02\/diety-za.jpg\"><img loading=\"lazy\" decoding=\"async\" class=\"alignleft size-thumbnail wp-image-1417\" title=\"diety-za\" src=\"http:\/\/grzegorzjaszczura.pl\/http:\/\/grzegorzjaszczura.pl\/wp-content\/uploads\/2010\/02\/diety-za-150x150.jpg\" alt=\"diety-za\" width=\"150\" height=\"150\" \/><\/a>Poniewa\u017c znalaz\u0142em wpisy z tego mojego bloga na kolejnej stronie internetowej, zach\u0119cam do jej odwiedzenia. Jest to strona radnego Rady Miasta w D\u0105browie G\u00f3rniczej Tomasza Paska:<a href=\"http:\/\/tomaszpasek.pl\/wiadomosci.html\"> http:\/\/tomaszpasek.pl\/wiadomosci.html<\/a><a href=\"http:\/\/www.tomaszpasek.pl\/\"> <\/a>Na zdj\u0119ciu obok, radny T. Pasek g\u0142osuje za zmniejszeniem diet wszystkim radnym o 50%. K&#8217;woli \u015bcis\u0142o\u015bci <strong><span style=\"color: #0000ff;\">za<\/span><\/strong> s\u0105 tak\u017ce radni G. Jaszczura i T. Sk\u00f3ra<span style=\"color: #000000;\">!<\/span> W\u0142a\u015bnie tych 3 (trzech) radnych podpisa\u0142o projekt uchwa\u0142y w tej sprawie. <strong><span style=\"color: #ff0000;\">Przeciwko<\/span><\/strong> by\u0142a reszta radnych widocznych na zdj\u0119ciu.<!--more--><\/p>\n<p style=\"text-align: justify;\"><span style=\"color: #0000ff;\"><a href=\"http:\/\/grzegorzjaszczura.pl\/http:\/\/grzegorzjaszczura.pl\/wp-content\/uploads\/2010\/02\/Pasek-08.jpg\"><img loading=\"lazy\" decoding=\"async\" class=\"alignleft size-thumbnail wp-image-1448\" title=\"Pasek 08\" src=\"http:\/\/grzegorzjaszczura.pl\/http:\/\/grzegorzjaszczura.pl\/wp-content\/uploads\/2010\/02\/Pasek-08-150x150.jpg\" alt=\"Pasek 08\" width=\"150\" height=\"150\" \/><\/a>\u017bycz\u0119 mu powodzenia i konsekwencji w dzia\u0142aniu<\/span>, tym bardziej, \u017ce wiele dzia\u0142a\u0144 i interpelacji do Pana Prezydenta podejmowali\u015bmy wsp\u00f3lnie. W\u0142a\u015bciwe ich rozpatrzenie i podj\u0119cie odpowiednich dzia\u0142a\u0144 przez <span style=\"color: #ff0000;\">Pana Prezydenta<\/span> na pewno przyczyni\u0142oby si\u0119 <span style=\"color: #0000ff;\">do znacz\u0105cej poprawy \u017cycia mieszka\u0144c\u00f3w naszego miasta.<\/span> Jest to oczywi\u015bcie moje zdanie. Dlaczego <span style=\"color: #ff0000;\">Pan Prezydent <\/span>nie korzysta z tak wspania\u0142ych rad nie wiem, ale widocznie uwa\u017ca, \u017ce ma lepszych i inteligentniejszych <span style=\"color: #ff0000;\">doradc\u00f3w i pe\u0142nomocnik\u00f3w<\/span>!!! Jeszcze raz link: <a href=\"http:\/\/tomaszpasek.pl\/wiadomosci-10-sosnowiecinfoostatni_rok_kadencji.html\">http:\/\/tomaszpasek.pl\/wiadomosci-10-sosnowiecinfoostatni_rok_kadencji.html<\/a><\/p>\n","protected":false},"excerpt":{"rendered":"<p>Poniewa\u017c znalaz\u0142em wpisy z tego mojego bloga na kolejnej stronie internetowej, zach\u0119cam do jej odwiedzenia. Jest to strona radnego Rady Miasta w D\u0105browie G\u00f3rniczej Tomasza Paska: http:\/\/tomaszpasek.pl\/wiadomosci.html Na zdj\u0119ciu obok, radny T. Pasek g\u0142osuje za zmniejszeniem diet wszystkim radnym o 50%. K&#8217;woli \u015bcis\u0142o\u015bci za s\u0105 tak\u017ce radni G. Jaszczura i T. Sk\u00f3ra! W\u0142a\u015bnie tych 3 [&hellip;]<\/p>\n","protected":false},"author":2,"featured_media":0,"comment_status":"open","ping_status":"open","sticky":false,"template":"","format":"standard","meta":{"_monsterinsights_skip_tracking":false,"_monsterinsights_sitenote_active":false,"_monsterinsights_sitenote_note":"","_monsterinsights_sitenote_category":0,"footnotes":""},"categories":[3],"tags":[],"class_list":["post-1409","post","type-post","status-publish","format-standard","hentry","category-polityczne"],"_links":{"self":[{"href":"https:\/\/grzegorzjaszczura.pl\/index.php?rest_route=\/wp\/v2\/posts\/1409","targetHints":{"allow":["GET"]}}],"collection":[{"href":"https:\/\/grzegorzjaszczura.pl\/index.php?rest_route=\/wp\/v2\/posts"}],"about":[{"href":"https:\/\/grzegorzjaszczura.pl\/index.php?rest_route=\/wp\/v2\/types\/post"}],"author":[{"embeddable":true,"href":"https:\/\/grzegorzjaszczura.pl\/index.php?rest_route=\/wp\/v2\/users\/2"}],"replies":[{"embeddable":true,"href":"https:\/\/grzegorzjaszczura.pl\/index.php?rest_route=%2Fwp%2Fv2%2Fcomments&post=1409"}],"version-history":[{"count":38,"href":"https:\/\/grzegorzjaszczura.pl\/index.php?rest_route=\/wp\/v2\/posts\/1409\/revisions"}],"predecessor-version":[{"id":1447,"href":"https:\/\/grzegorzjaszczura.pl\/index.php?rest_route=\/wp\/v2\/posts\/1409\/revisions\/1447"}],"wp:attachment":[{"href":"https:\/\/grzegorzjaszczura.pl\/index.php?rest_route=%2Fwp%2Fv2%2Fmedia&parent=1409"}],"wp:term":[{"taxonomy":"category","embeddable":true,"href":"https:\/\/grzegorzjaszczura.pl\/index.php?rest_route=%2Fwp%2Fv2%2Fcategories&post=1409"},{"taxonomy":"post_tag","embeddable":true,"href":"https:\/\/grzegorzjaszczura.pl\/index.php?rest_route=%2Fwp%2Fv2%2Ftags&post=1409"}],"curies":[{"name":"wp","href":"https:\/\/api.w.org\/{rel}","templated":true}]}}