{"id":14344,"date":"2012-01-05T20:26:37","date_gmt":"2012-01-05T18:26:37","guid":{"rendered":"http:\/\/grzegorzjaszczura.pl\/?p=14344"},"modified":"2012-01-09T18:14:45","modified_gmt":"2012-01-09T16:14:45","slug":"precz-z-faszyzmem","status":"publish","type":"post","link":"https:\/\/grzegorzjaszczura.pl\/?p=14344","title":{"rendered":"Precz z faszyzmem!"},"content":{"rendered":"<p style=\"text-align: justify;\"><strong><a href=\"http:\/\/grzegorzjaszczura.pl\/http:\/\/grzegorzjaszczura.pl\/wp-content\/uploads\/2012\/01\/Zdj\u0119cie0204.jpg\"><img loading=\"lazy\" decoding=\"async\" class=\"alignleft size-thumbnail wp-image-14398\" title=\"Zdj\u0119cie0204\" src=\"http:\/\/grzegorzjaszczura.pl\/http:\/\/grzegorzjaszczura.pl\/wp-content\/uploads\/2012\/01\/Zdj\u0119cie0204-150x150.jpg\" alt=\"\" width=\"150\" height=\"150\" \/><\/a><\/strong>Poniewa\u017c<strong> jestem antyfaszyst\u0105,<\/strong> zreszt\u0105 przeciwnikiem skrajnej lewicy nie tylko faszystowskiej ale i zwyk\u0142ej, jest moim obowi\u0105zkiem zaprotestowa\u0107 przeciwko wciskaniu ludziom tej totalitarnej ideologii czy nawet jej element\u00f3w. Oczywi\u015bcie lewaki pr\u00f3buj\u0105 nas, uczciwych ludzi, podchodzi\u0107 z r\u00f3\u017cnych stron, \u017ceby realizowa\u0107 swoje urojone, utopijne pomys\u0142y. Jednak\u017ce, tak jak kiedy\u015b <!--more-->uda\u0142o si\u0119 pokona\u0107 lewic\u0119 narodowosocjalistyczn\u0105 A. Hitlera (<span style=\"color: #ff0000;\">NSDAP &#8211; <\/span><span style=\"color: #ff0000;\">Narodowosocjalistyczna Niemiecka Partia Robotnik\u00f3w<\/span><span style=\"color: #000000;\">,<\/span> niem. <em>Nationalsozialistische Deutsche Arbeiterpartei<\/em>); uda\u0142o si\u0119 pokona\u0107 lewic\u0119 realnego socjalizmu i bolszewizm (np. W.I. Lenin, L.D. Trocki, J.W. Stalin i wielu innych towarzyszy), pewnie uda si\u0119 pokona\u0107 i wsp\u00f3\u0142czesne wersje tych zbrodniczych pseudoideologii. Problemem jest tylko ilo\u015b\u0107 ludzi, kt\u00f3rzy strac\u0105 z tego powodu \u017cycie, jak to w historii bywa\u0142o. Akurat ich zabijanie wychodzi\u0142o tej lewicy zawsze dobrze.<\/p>\n<p style=\"text-align: justify;\"><strong>Tutaj nale\u017cy zauwa\u017cy\u0107, \u017ce szkoleniowo posz\u0142o ostatnio demokratycznemu Parlamentowi w\u0119gierskiemu podsumowanie zas\u0142ug socjalist\u00f3w na W\u0119grzech:<\/strong><\/p>\n<p style=\"text-align: justify;\"><span style=\"color: #0000ff;\">&#8222;Wedle zapisu W\u0119gierska Partia Socjalistyczna jest &#8222;spadkobierczyni\u0105 zbrodniczego re\u017cimu komunistycznego&#8221;. <em>&#8222;Ustr\u00f3j pa\u0144stwowy nie mo\u017ce zosta\u0107 oparty na zbrodniach re\u017cimu komunistycznego&#8221;,<\/em> a <em>&#8222;organizacja  przest\u0119pcza powinna ponie\u015b\u0107 odpowiedzialno\u015b\u0107 za eliminacj\u0119  demokratycznej opozycji i eksterminacj\u0119 narodu w\u0119gierskiego&#8221;<\/em> &#8211; precyzuje poprawka do konstytucji.&#8221;<span style=\"color: #000000;\"> <a href=\"http:\/\/niezalezna.pl\/21075-wegry-partia-socjalistow-organizacja-przestepcza\">Zob. wi\u0119cej.<\/a><\/span><br \/>\n<\/span><\/p>\n<p style=\"text-align: justify;\">Lepiej p\u00f3\u017ano, ni\u017c wcale!<\/p>\n<p style=\"text-align: justify;\">Typowym i sztandarowym dla <span style=\"color: #ff0000;\">faszyzmu <span style=\"color: #000000;\">(<\/span>narodowego socjalizmu<span style=\"color: #000000;\">)<\/span><\/span> A. Hitlera, by\u0142o dbanie o jednolit\u0105 ras\u0119 narodu niemieckiego. By\u0142o to jedn\u0105 z praprzyczyn <em>holocaustu<\/em> S\u0142owian, \u017byd\u00f3w czy Cygan\u00f3w i powodem \u015bmierci wielu milion\u00f3w ludzi. M\u00f3wienie o tym, \u017ce Niemcy s\u0105 pierwszymi ofiarami tzw. nazizmu, czyli niemieckiego narodowego socjalizmu, jest stanowczo nie\u015bcis\u0142e i naci\u0105gane, uw\u0142acza inteligencji s\u0142uchaj\u0105cych (niestety Papie\u017c Benedykt XVI). Przecie\u017c nazi\u015bci byli g\u0142\u00f3wnie Niemcami.<\/p>\n<p style=\"text-align: justify;\"><strong>Ingerowanie w dzie\u0142o Pana Boga sko\u0144czy si\u0119 tym samym. <\/strong>Przedstawi\u0119 wpis blogera z Wis\u0142y kol. <strong>P. Grobelnego<\/strong>, kt\u00f3ry tak ocenia pomys\u0142y na wprowadzanie <em>in vitro<\/em> i przysz\u0142e konsekwencje takowych do\u015bwiadcze\u0144.<\/p>\n<p style=\"text-align: justify;\"><span style=\"color: #0000ff;\"><em>&#8222;<strong>Cel sztucznego  zap\u0142odnienia jest szlachetny.<\/strong> Ma da\u0107 szans\u0119 posiadania dzieci ludziom, kt\u00f3rzy  nie mog\u0105 mie\u0107 dzieci. &#8222;In vitro&#8221; polega na  zap\u0142odnieniu plemnikiem jaja w szklance a nast\u0119pnie w\u0142o\u017cenia zap\u0142odnionego jaja  do organizmu matki, gdzie dziecko ma si\u0119 rozwija\u0107 a\u017c do narodzin.<\/em><\/span><\/p>\n<p style=\"text-align: justify;\"><span style=\"color: #0000ff;\"><em>Medycyna ci\u0105gle idzie do  przodu i niewykluczone, \u017ce za kilka lat powstanie sztuczna macica, gdzie p\u0142\u00f3d  (zap\u0142odniony &#8222;in vitro&#8221;) b\u0119dzie m\u00f3g\u0142 swobodnie dojrzewa\u0107 zupe\u0142nie poza  organizmem matki, ca\u0142kowicie nienaturalnie.<\/em><\/span><\/p>\n<p style=\"text-align: justify;\"><span style=\"color: #0000ff;\"><em>Ile to oszcz\u0119dzi  niedogodno\u015bci zwi\u0105zanych z ci\u0105\u017c\u0105. Zniknie zagro\u017cenie powik\u0142aniami ci\u0105\u017cowymi,  znikn\u0105 ewentualne komplikacje podczas porodu, nie b\u0119dzie trzeba bra\u0107 urlop\u00f3w  macierzy\u0144skich, kobiety przez ca\u0142y okres dojrzewania p\u0142odu b\u0119d\u0105 w pe\u0142ni sprawne  fizycznie i zdolne seksualnie.<br \/>\n<strong>A w razie nag\u0142ego spadku  demograficznego, rz\u0105dy b\u0119d\u0105 mog\u0142y \u0142atwo liczb\u0119 dzieci uzupe\u0142ni\u0107 przy pomocy  przemys\u0142owych hodowli szklarniowych, gdzie masowo b\u0119d\u0105 produkowane dzieci w  sztucznych macicach, jak w fabryce. <\/strong>Czy\u017c to nie pi\u0119kne?<\/em><\/span><\/p>\n<p style=\"text-align: justify;\"><span style=\"color: #0000ff;\"><em>Jednym s\u0142owem, same  korzy\u015bci. Ale nachodzi pytanie, czy nale\u017cy to  robi\u0107? Czy mo\u017ce granic\u0105 powinna by\u0107 jaka\u015b etyka?<\/em><\/span><\/p>\n<p style=\"text-align: justify;\"><span style=\"color: #0000ff;\"><em>&#8222;In vitro&#8221; jednoznacznie ingeruje w natur\u0119  zast\u0119puj\u0105c j\u0105 sztuczno\u015bci\u0105. Skoro zezwalamy na sztuczne zap\u0142odnienie, nie b\u0119dzie powod\u00f3w, aby nie  zezwoli\u0107 na sztuczny rozw\u00f3j p\u0142odu! Bo niby dlaczego?<\/em><\/span><\/p>\n<p style=\"text-align: justify;\"><span style=\"color: #0000ff;\"><em>Ma\u0142o kto wie, \u017ce metoda &#8222;in  vitro&#8221; wraz z genetyk\u0105 ju\u017c umo\u017cliwiaj\u0105 dobranie w taki spos\u00f3b gen\u00f3w, \u017ceby  urodzi\u0142 si\u0119 w pe\u0142ni <strong>zaplanowany cz\u0142owiek<\/strong>. Np. <strong>wysoki, z niebieskimi oczami<\/strong>,  wysportowany, odporny na choroby, itd. To tylko kwestia selekcji odpowiednich  gen\u00f3w ju\u017c medycznie mo\u017cliwa do zrealizowania.<br \/>\nW \u015bwiecie ro\u015blin od dawna  si\u0119 to robi i dlatego powstaj\u0105 nowe, lepsze odmiany ro\u015blin.<br \/>\nDlaczego wi\u0119c  nie robi\u0107 tego samego z cz\u0142owiekiem, skoro to jest medycznie mo\u017cliwe i pozornie  korzystne?<br \/>\n<strong>Dlatego, \u017ce etyka na to nie  pozwala.<\/strong> Etyka wobec ludzi jest zupe\u0142nie inna ni\u017c etyka wobec ro\u015blin i dlatego  si\u0119 tego z lud\u017ami nie robi, co si\u0119 robi z ro\u015blinami. <strong>&#8222;In vitro&#8221; jest ewidentnym precedensem  zr\u00f3wnuj\u0105cym etyk\u0119 wobec ludzi z etyk\u0105 wobec ro\u015blin i dlatego z samej zasady  powinno by\u0107 odrzucone. <\/strong>To, \u017ce co\u015b  jest medycznie mo\u017cliwe, wcale nie znaczy, \u017ce mamy to robi\u0107.<\/em><\/span><\/p>\n<p style=\"text-align: justify;\"><span style=\"color: #0000ff;\"><em><strong>Eugenika czyli hodowanie cz\u0142owieka  sta\u0142a si\u0119 w przesz\u0142o\u015bci podwalin\u0105 jak\u017ce niebezpiecznych ustroj\u00f3w faszystowskich.<\/strong> &#8222;In vitro&#8221; jest niew\u0105tpliwie wst\u0119pem do nowej  eugeniki, gdy\u017c jest wst\u0119pem do hodowli cz\u0142owieka zast\u0119puj\u0105c przypadek i  r\u00f3\u017cnorodno\u015b\u0107 in\u017cynieri\u0105 i planistyk\u0105, jak w fabryce \u015brubek.&#8221;<\/em><\/span><\/p>\n<p style=\"text-align: justify;\"><span style=\"color: #0000ff;\"><span style=\"color: #000000;\">Aby nie czepia\u0107 si\u0119 tylko lewicowej ideologii faszystowskiej, przypomn\u0119 co pisa\u0142em swego czasu we wpisie <strong>&#8222;W obronie kreacjonizmu&#8221;<\/strong> o innej ultralewicowej ideologii, czyli <strong>komunizmie<\/strong>:<\/span><\/span><\/p>\n<p style=\"text-align: justify;\"><span style=\"color: #0000ff;\"><em><a href=\"http:\/\/grzegorzjaszczura.pl\/http:\/\/grzegorzjaszczura.pl\/wp-content\/uploads\/2012\/01\/Go\u0142on\u00f3g-01.jpg\"><img loading=\"lazy\" decoding=\"async\" class=\"alignleft size-thumbnail wp-image-14400\" title=\"Go\u0142on\u00f3g 01\" src=\"http:\/\/grzegorzjaszczura.pl\/http:\/\/grzegorzjaszczura.pl\/wp-content\/uploads\/2012\/01\/Go\u0142on\u00f3g-01-150x150.jpg\" alt=\"\" width=\"150\" height=\"150\" \/><\/a>&#8222;[&#8230;] W <span style=\"color: #ff0000;\">Zwi\u0105zku Sowieckim<\/span> (<span style=\"color: #ff0000;\">ZSRS<\/span>), oficjalnym kontynuatorem darwinowskiego ewolucjonizmu by\u0142 niejaki Trofim D. \u0141ysenko. <strong>Rozwin\u0105\u0142 ewolucjonizm spo\u0142eczny marksistowsko \u2013 leninowski i \u201ewyt\u0142umaczy\u0142\u201d nim czystki, rzezie i eksterminacj\u0119 ca\u0142ych klas i narod\u00f3w! <\/strong>Towarzysz  \u0141ysenko pr\u00f3bowa\u0142 przeprowadza\u0107 do\u015bwiadczenia maj\u0105ce zmodyfikowa\u0107  ro\u015bliny i zwierz\u0119ta poprzez zmian\u0119 ich \u015brodowiska. Niestety teoria si\u0119  nie sprawdzi\u0142a, <\/em><em>a sowieccy ch\u0142opi ju\u017c nigdy nie mogli otrz\u0105sn\u0105\u0107 si\u0119 z koszmaru wywo\u0142anego tymi innowacjami. Oczywi\u015bcie naukowc\u00f3w, kt\u00f3rzy oprotestowali te oszustwa komuni\u015bci wys\u0142ali na Syberi\u0119. Ale to tylko tak nawiasem pisz\u0105c.<\/em><\/span><\/p>\n<p style=\"text-align: justify;\"><span style=\"color: #0000ff;\"><em>Ewolucjoni\u015bci wsp\u00f3\u0142cze\u015bni obecnie marz\u0105 wci\u0105\u017c o stworzeniu postcz\u0142owieka (<span style=\"color: #ff0000;\">komunisty<\/span>), kt\u00f3ry jeszcze przed zbiorowym wygini\u0119ciem rodzaju ludzkiego zast\u0105pi\u0142by cz\u0142owieka.  Wynikiem eugenicznej utopii i in\u017cynierii genetycznej ma by\u0107  \u201ewyprodukowanie\u201d niemowl\u0119cia doskona\u0142ego. Ma by\u0107 ono bez wad i chor\u00f3b, o  wysokim ilorazie inteligencji i pi\u0119knym wygl\u0105dzie. W skr\u00f3cie b\u0119dzie to <\/em><em>homo geneticus. <strong>Prokreacj\u0119 zast\u0105pi laboratorium, matka i ojciec stan\u0105 si\u0119 zb\u0119dni, zreszt\u0105 podobnie jak i Rodzina.<\/strong> W praktyce u komunist\u00f3w sowieckich w <span style=\"color: #ff0000;\">ZSRS<\/span> polega\u0142o to na odbieraniu dzieci Rodzicom i zap\u0119dzaniu ich do <\/em><em>Konsomo\u0142u, gdzie mogli si\u0119 \u201erozwija\u0107\u201d w my\u015bl w\u0142a\u015bnie tej\u017ce \u201eewolucji\u201d. Czy\u017c dzia\u0142ania ultralewak\u00f3w nie koreluj\u0105 z tym celem?, tak\u017ce z wyeliminowaniem z Ziemi <strong>cz\u0142owieka, kt\u00f3rego B\u00f3g stworzy\u0142 na Sw\u00f3j obraz i podobie\u0144stwo?&#8221;<\/strong><\/em><\/span><\/p>\n<p style=\"text-align: justify;\"><span style=\"color: #0000ff;\"><span style=\"color: #000000;\"><strong>Zobacz: <\/strong><\/span><\/span><a href=\"http:\/\/grzegorzjaszczura.pl\/?p=1360#more-1360\">http:\/\/grzegorzjaszczura.pl\/?p=1360#more-1360<\/a> oraz <a href=\"http:\/\/grzegorzjaszczura.pl\/?p=1291#more-1291\">http:\/\/grzegorzjaszczura.pl\/?p=1291#more-1291<\/a> (tu wspominam o<span style=\"color: #ff0000;\"> niemieckich socjalistach<\/span>).<\/p>\n<p style=\"text-align: justify;\"><span style=\"color: #0000ff;\"><span style=\"color: #000000;\"><strong>I to by\u0142oby dzisiaj na tyle w obronie cz\u0142owiecze\u0144stwa przed faszyzmem.<\/strong><\/span><\/span><\/p>\n<p style=\"text-align: justify;\"><span style=\"color: #0000ff;\"><span style=\"color: #000000;\"><strong><a href=\"http:\/\/grzegorzjaszczura.pl\/http:\/\/grzegorzjaszczura.pl\/wp-content\/uploads\/2012\/01\/Zdj\u0119cie2209.jpg\"><img loading=\"lazy\" decoding=\"async\" class=\"alignleft size-thumbnail wp-image-14403\" title=\"Zdj\u0119cie2209\" src=\"http:\/\/grzegorzjaszczura.pl\/http:\/\/grzegorzjaszczura.pl\/wp-content\/uploads\/2012\/01\/Zdj\u0119cie2209-150x150.jpg\" alt=\"\" width=\"150\" height=\"150\" \/><\/a><br \/>\n<\/strong><\/span><\/span><\/p>\n<p style=\"text-align: justify;\">\n","protected":false},"excerpt":{"rendered":"<p>Poniewa\u017c jestem antyfaszyst\u0105, zreszt\u0105 przeciwnikiem skrajnej lewicy nie tylko faszystowskiej ale i zwyk\u0142ej, jest moim obowi\u0105zkiem zaprotestowa\u0107 przeciwko wciskaniu ludziom tej totalitarnej ideologii czy nawet jej element\u00f3w. Oczywi\u015bcie lewaki pr\u00f3buj\u0105 nas, uczciwych ludzi, podchodzi\u0107 z r\u00f3\u017cnych stron, \u017ceby realizowa\u0107 swoje urojone, utopijne pomys\u0142y. Jednak\u017ce, tak jak kiedy\u015b<\/p>\n","protected":false},"author":2,"featured_media":0,"comment_status":"open","ping_status":"open","sticky":false,"template":"","format":"standard","meta":{"_monsterinsights_skip_tracking":false,"_monsterinsights_sitenote_active":false,"_monsterinsights_sitenote_note":"","_monsterinsights_sitenote_category":0,"footnotes":""},"categories":[3],"tags":[],"class_list":["post-14344","post","type-post","status-publish","format-standard","hentry","category-polityczne"],"_links":{"self":[{"href":"https:\/\/grzegorzjaszczura.pl\/index.php?rest_route=\/wp\/v2\/posts\/14344","targetHints":{"allow":["GET"]}}],"collection":[{"href":"https:\/\/grzegorzjaszczura.pl\/index.php?rest_route=\/wp\/v2\/posts"}],"about":[{"href":"https:\/\/grzegorzjaszczura.pl\/index.php?rest_route=\/wp\/v2\/types\/post"}],"author":[{"embeddable":true,"href":"https:\/\/grzegorzjaszczura.pl\/index.php?rest_route=\/wp\/v2\/users\/2"}],"replies":[{"embeddable":true,"href":"https:\/\/grzegorzjaszczura.pl\/index.php?rest_route=%2Fwp%2Fv2%2Fcomments&post=14344"}],"version-history":[{"count":80,"href":"https:\/\/grzegorzjaszczura.pl\/index.php?rest_route=\/wp\/v2\/posts\/14344\/revisions"}],"predecessor-version":[{"id":14648,"href":"https:\/\/grzegorzjaszczura.pl\/index.php?rest_route=\/wp\/v2\/posts\/14344\/revisions\/14648"}],"wp:attachment":[{"href":"https:\/\/grzegorzjaszczura.pl\/index.php?rest_route=%2Fwp%2Fv2%2Fmedia&parent=14344"}],"wp:term":[{"taxonomy":"category","embeddable":true,"href":"https:\/\/grzegorzjaszczura.pl\/index.php?rest_route=%2Fwp%2Fv2%2Fcategories&post=14344"},{"taxonomy":"post_tag","embeddable":true,"href":"https:\/\/grzegorzjaszczura.pl\/index.php?rest_route=%2Fwp%2Fv2%2Ftags&post=14344"}],"curies":[{"name":"wp","href":"https:\/\/api.w.org\/{rel}","templated":true}]}}