{"id":14766,"date":"2012-01-19T09:01:04","date_gmt":"2012-01-19T07:01:04","guid":{"rendered":"http:\/\/grzegorzjaszczura.pl\/?p=14766"},"modified":"2012-01-19T22:31:24","modified_gmt":"2012-01-19T20:31:24","slug":"onet-cenzuruje-antyfaszystow","status":"publish","type":"post","link":"https:\/\/grzegorzjaszczura.pl\/?p=14766","title":{"rendered":"Onet cenzuruje antyfaszyst\u00f3w"},"content":{"rendered":"<p style=\"text-align: justify;\"><a href=\"http:\/\/grzegorzjaszczura.pl\/http:\/\/grzegorzjaszczura.pl\/wp-content\/uploads\/2012\/01\/Zdj\u0119cie2311.jpg\"><img loading=\"lazy\" decoding=\"async\" class=\"alignleft size-thumbnail wp-image-14835\" title=\"Zdj\u0119cie2311\" src=\"http:\/\/grzegorzjaszczura.pl\/http:\/\/grzegorzjaszczura.pl\/wp-content\/uploads\/2012\/01\/Zdj\u0119cie2311-150x150.jpg\" alt=\"\" width=\"150\" height=\"150\" \/><\/a>Teoretycznie, gdybym nie zdawa\u0142 sobie sprawy z tego, \u017ce prawie ca\u0142a <span style=\"color: #ff0000;\">Unia Europejska<span style=\"color: #000000;\">,<\/span><\/span> jej sprzymierze\u0144cy i sponsorzy, to <a href=\"http:\/\/kwejk.pl\/obrazek\/839888\/w%C5%82adze,ue.html\">lewica lub skrajna lewica<\/a> zdziwi\u0142bym si\u0119, \u017ce dochodzi do takiej sytuacji. Na 5 (s\u0142ownie: pi\u0119\u0107) minut przed zamkni\u0119ciem zg\u0142osze\u0144 do konkursu Onetu na blogi roku (s\u0105 r\u00f3\u017cne podobno kategorie), blog czasami propagowanego (<a href=\"http:\/\/grzegorzjaszczura.pl\/?p=12861#more-12861\">tu przyk\u0142ad<\/a>) na moim blogu kol. <strong>Paw\u0142a Grobelnego<\/strong> z Wis\u0142y zostaje zablokowany. W\u0142a\u015bciciel bloga zostaje te\u017c poinformowany,<!--more--> \u017ce nie mo\u017ce uczestniczy\u0107 w konkursie!<\/p>\n<p style=\"text-align: justify;\">Oto tre\u015b\u0107 zakwestionowanego przez lewicowy Onet wpisu P. Grobelnego, w kt\u00f3rym wg Onetu nawo\u0142uje on do PRZEMOCY i NIENAWI\u015aCI na tle ideologicznym (wpis pochodzi z dnia 11 sierpnia 2011 r.):<\/p>\n<p style=\"text-align: justify;\"><span style=\"color: #0000ff;\"><em><strong>&#8222;<span style=\"text-decoration: underline;\">Mia\u0142em racj\u0119 broni\u0105c Breivika:<\/span><br \/>\nMia\u0142em nosa broni\u0105c Andrzeja Breivika, jeszcze zanim fakty ujrza\u0142y \u015bwiat\u0142o dzienne. Teraz, kiedy ujrza\u0142y czekam na  przeprosiny, od ludzi, kt\u00f3rzy mnie obra\u017cali. Wystarczy zajrze\u0107 do  licz\u0105cego 1518 stron \u201eManifestu\u2013 Europejskiej Deklaracji Niepodleg\u0142o\u015bci\u201d  jego autorstwa, \u017ceby si\u0119 o tym przekona\u0107. M\u017conki o jego  niepoczytalno\u015bci to bzdura wymy\u015blona przez lewic\u0119, \u017ceby pokaza\u0107, \u017ce  wszystko jest OK., tylko jaki\u015b wariat, ekstremista doprowadzi\u0142 do  tragedii niewinnych ludzi.<br \/>\nW rzeczywisto\u015bci Andrzej Breivik to  zupe\u0142nie zdrowy, heroiczny patriota, o pogl\u0105dach, kt\u00f3rzy podzielaj\u0105  wszyscy normalni ludzie. R\u0105bi\u0105c bomb\u0105 do ministerialnych urz\u0119das\u00f3w i  karabinem w m\u0142odocianych marksist\u00f3w, bezspornie winnych tego, co mamy w  Europie, Andrzej Breivik chcia\u0142 Europ\u0119 przebudzi\u0107.<\/strong><\/em><\/span><\/p>\n<p style=\"text-align: justify;\"><span style=\"color: #0000ff;\"><em><strong>Kto ma  jeszcze jakie\u015b w\u0105tpliwo\u015bci odno\u015bnie s\u0142uszno\u015bci czynu Breivika, prosz\u0119  koniecznie przeczyta\u0107 ten nieco przyd\u0142ugawy fragment napisanego przez  niego \u201eManifestu\u201d zamieszczonego poni\u017cej (w drugim wpisie).&#8221;<\/strong><\/em><\/span><\/p>\n<p style=\"text-align: justify;\"><span style=\"color: #0000ff;\"><span style=\"color: #000000;\">I oczywi\u015bcie s\u0142uszne wyja\u015bnienie autora wpisu:<br \/>\n<\/span><\/span><\/p>\n<p style=\"text-align: justify;\"><span style=\"color: #0000ff;\"><em><strong><a href=\"http:\/\/grzegorzjaszczura.pl\/http:\/\/grzegorzjaszczura.pl\/wp-content\/uploads\/2012\/01\/pg2.jpg\"><img loading=\"lazy\" decoding=\"async\" class=\"alignleft size-thumbnail wp-image-14841\" title=\"pg2\" src=\"http:\/\/grzegorzjaszczura.pl\/http:\/\/grzegorzjaszczura.pl\/wp-content\/uploads\/2012\/01\/pg2-150x150.jpg\" alt=\"\" width=\"150\" height=\"150\" \/><\/a>&#8222;Wpis jest tylko recenzj\u0105  dotycz\u0105c\u0105 nie zamachu na Utoyi, a dzie\u0142a, kt\u00f3re napisa\u0142 Andrzej Breivik.  W kt\u00f3rym miejscu wpis nawo\u0142uje do przemocy i nienawi\u015bci na tle  ideologicznym &#8211; nie wiem. Popieranie kogo\u015b a nawo\u0142ywanie do przemocy to  dwie r\u00f3\u017cne rzeczy! Je\u017celi nie dogadam  si\u0119 z prezesem Zarz\u0105du sp\u00f3\u0142ki Onet i nie przeka\u017ce parafii w  Wi\u015ble-Czarnem r\u00f3wnowarto\u015bci nagr\u00f3d, kt\u00f3re bym wygra\u0142, gdyby mnie nie  usuni\u0119to, pozostaje mi ostateczna droga.<\/strong><\/em><\/span><span style=\"color: #0000ff;\"><span style=\"color: #0000ff;\"><em><strong><\/strong><\/em><\/span><em><strong><span style=\"color: #0000ff;\">&#8222;<\/span><\/strong><\/em><\/span><\/p>\n<p style=\"text-align: justify;\"><span style=\"color: #0000ff;\"><span style=\"color: #000000;\">Zastanawiam si\u0119 jak wyt\u0142umaczy\u0107, szczeg\u00f3lnie m\u0142odemu pokoleniu, pokoleniu lewicowych wilk\u00f3w medialno-politycznych, \u017ce nie maj\u0105 oni racji t\u0119pi\u0105c kol. P. Grobelnego. <strong>Abstrahuj\u0105c od tego,\u00a0 \u017ce i tak prawdopodobnie nie chwyc\u0105, ujm\u0119 to tak:<\/strong><\/span><\/span><\/p>\n<p style=\"text-align: justify;\"><span style=\"color: #0000ff;\"><span style=\"color: #000000;\"> <a href=\"http:\/\/grzegorzjaszczura.pl\/http:\/\/grzegorzjaszczura.pl\/wp-content\/uploads\/2012\/01\/SKMBT_C20311120712561.jpg\"><img loading=\"lazy\" decoding=\"async\" class=\"alignleft size-thumbnail wp-image-14847\" title=\"SKMBT_C20311120712561\" src=\"http:\/\/grzegorzjaszczura.pl\/http:\/\/grzegorzjaszczura.pl\/wp-content\/uploads\/2012\/01\/SKMBT_C20311120712561-150x150.jpg\" alt=\"\" width=\"150\" height=\"150\" \/><\/a>Na prze\u0142omie lat siedemdziesi\u0105tych i osiemdziesi\u0105tych ubieg\u0142ego wieku, gdy rozpoczyna\u0142em studia na <em>stricte<\/em> \u015bcis\u0142ych kierunkach, bo fizyki oraz budownictwa, obowi\u0105zkowe by\u0142y \u0107wiczenia i wyk\u0142ady, a nawet wi\u0105\u017c\u0105ce si\u0119 z tym egzaminy, m.in. z ekonomii marksistowsko-leninowskiej, filozofii (z olbrzymim naciskiem na marksistowsko-leninowsk\u0105) i chyba nauki o pracy, czy co\u015b takiego. Niestety niezaliczenie tych przedmiot\u00f3w, decyduj\u0105co &#8222;wa\u017cnych&#8221; na wspomnianych kierunkach studi\u00f3w (!!!), o kt\u00f3rych wspomnia\u0142em, grozi\u0142o szybkim przekierowaniem papier\u00f3w studenta p\u0142ci m\u0119skiej do odpowiedniego WKU i zmiany poziomu studi\u00f3w, na np. czo\u0142ganie. Niech\u0119tnie i w zale\u017cno\u015bci od szcz\u0119\u015bcia musieli\u015bmy zapoznawa\u0107 si\u0119 z ww. osi\u0105gni\u0119ciami my\u015bli lewackiej. Ja tak\u017ce zapozna\u0142em si\u0119 i zda\u0142em nawet egzaminy z tych utopii lewicowych. Nie ceni\u0142em tego, nie docenia\u0142em przyswojonych wtedy wiadomo\u015bci &#8222;naukowych&#8221; pochodz\u0105cych z tych lewicowych wizji ekonomii i filozofii. Dopiero po latach zrozumia\u0142em, znaj\u0105c te podstawy gospodarki realnego socjalizmu, faszyzmu czy komunizmu, \u017ce nie ma z\u0142ego co by nie wysz\u0142o na dobre. <\/span><\/span><\/p>\n<p style=\"text-align: justify;\"><strong><span style=\"color: #0000ff;\"><span style=\"color: #000000;\"><a href=\"http:\/\/grzegorzjaszczura.pl\/http:\/\/grzegorzjaszczura.pl\/wp-content\/uploads\/2012\/01\/za\u015bwiadczenie.jpg\"><img loading=\"lazy\" decoding=\"async\" class=\"alignleft size-thumbnail wp-image-14850\" title=\"za\u015bwiadczenie\" src=\"http:\/\/grzegorzjaszczura.pl\/http:\/\/grzegorzjaszczura.pl\/wp-content\/uploads\/2012\/01\/za\u015bwiadczenie-150x150.jpg\" alt=\"\" width=\"150\" height=\"150\" \/><\/a>Teraz wiem, mam przecie\u017c teoretyczne podstawy do tego, \u017ceby jednoznacznie stwierdzi\u0107, \u017ce lewicowa socjalistyczna gospodarka <span style=\"color: #ff0000;\">Unii Europejskiej<\/span>, zcentralizowana przez neokomunist\u00f3w musi pa\u015b\u0107! Niestety wiem tak\u017ce prze\u017cywszy troch\u0119 lat w komunizmie (realnym socjalizmie), w jednej z pararepublik <span style=\"color: #ff0000;\">Zwi\u0105zku Sowieckiego<\/span>, jak\u0105 by\u0142 <span style=\"color: #ff0000;\">PRL<\/span>, \u017ce wyst\u0105pi koszt takowej &#8222;zabawy&#8221; lewak\u00f3w.<\/span><\/span><\/strong><\/p>\n<p style=\"text-align: justify;\"><span style=\"color: #0000ff;\"><span style=\"color: #000000;\">Dlatego Onetowi proponuj\u0119 zorganizowanie obowi\u0105zkowego kursu dla wszystkich swoich pracownik\u00f3w z dzie\u0142a A. Breivika. Bez zapoznania si\u0119 ze wspomnian\u0105 przez P. Grobelnego pozycj\u0105 nie b\u0119d\u0105 wiedzie\u0107 co jest z\u0142e, a co dobre. A tak, by\u0107 mo\u017ce, nawet po latach, ale zrozumiej\u0105.<\/span><\/span><\/p>\n<p style=\"text-align: justify;\"><span style=\"color: #0000ff;\"><span style=\"color: #000000;\"> Bez tego, pozostan\u0105 im tylko metody z epoki historycznej, do kt\u00f3rej si\u0119gn\u0105\u0142em, a kt\u00f3re przyczyni\u0142y si\u0119 do \u015bmierci milion\u00f3w niewinnych ludzi. Jako <strong>antyfaszysta<\/strong> i <strong>antykomunista<\/strong> niedawno opisywa\u0142em te zbrodnicze systemy totalitarne i <a href=\"http:\/\/grzegorzjaszczura.pl\/?p=14344#more-14344\">m\u00f3j negatywny<\/a> stosunek do nich. <strong>Zaapeluj\u0119: walczmy z tym, bo o <em>happy end <\/em>b\u0119dzie bardzo trudno!<\/strong><\/span><\/span><\/p>\n<p style=\"text-align: justify;\"><span style=\"color: #0000ff;\"><span style=\"color: #000000;\"><strong><span style=\"color: #0000ff;\">Ps.<\/span> <\/strong>Jeszcze wyja\u015bnienie. Kol. Pawe\u0142 zrobi\u0142 to, co przyk\u0142adowo robi\u0105 przedsi\u0119biorcy ze swoimi firmami, gdy lewaki wprowadzaj\u0105 horrendalnie wysokie podatki, tzn. przenosz\u0105 je do tzw. raju podatkowego, a najwi\u0119cej traci na tym biedota, ochraniana podobno socjalnie przez wspomnianych lewicowc\u00f3w, bo pozostaje jej tzw. g&#8230;o. Konkretnie P. Grobelny przeni\u00f3s\u0142 bloga na serwer do Czech: <\/span><\/span><a href=\"http:\/\/grobelny.blog.cz\/1201\/breivik-mial-zaczac-od-redakcji-onetu\">http:\/\/grobelny.blog.cz\/1201\/breivik-mial-zaczac-od-redakcji-onetu<\/a>.<\/p>\n<p style=\"text-align: justify;\"><span style=\"color: #0000ff;\"><strong>Ps. ps. <\/strong><\/span>A zabawy onetu nale\u017cy ignorowa\u0107 i bojkotowa\u0107!<\/p>\n","protected":false},"excerpt":{"rendered":"<p>Teoretycznie, gdybym nie zdawa\u0142 sobie sprawy z tego, \u017ce prawie ca\u0142a Unia Europejska, jej sprzymierze\u0144cy i sponsorzy, to lewica lub skrajna lewica zdziwi\u0142bym si\u0119, \u017ce dochodzi do takiej sytuacji. Na 5 (s\u0142ownie: pi\u0119\u0107) minut przed zamkni\u0119ciem zg\u0142osze\u0144 do konkursu Onetu na blogi roku (s\u0105 r\u00f3\u017cne podobno kategorie), blog czasami propagowanego (tu przyk\u0142ad) na moim blogu [&hellip;]<\/p>\n","protected":false},"author":2,"featured_media":0,"comment_status":"open","ping_status":"open","sticky":false,"template":"","format":"standard","meta":{"_monsterinsights_skip_tracking":false,"_monsterinsights_sitenote_active":false,"_monsterinsights_sitenote_note":"","_monsterinsights_sitenote_category":0,"footnotes":""},"categories":[3],"tags":[],"class_list":["post-14766","post","type-post","status-publish","format-standard","hentry","category-polityczne"],"_links":{"self":[{"href":"https:\/\/grzegorzjaszczura.pl\/index.php?rest_route=\/wp\/v2\/posts\/14766","targetHints":{"allow":["GET"]}}],"collection":[{"href":"https:\/\/grzegorzjaszczura.pl\/index.php?rest_route=\/wp\/v2\/posts"}],"about":[{"href":"https:\/\/grzegorzjaszczura.pl\/index.php?rest_route=\/wp\/v2\/types\/post"}],"author":[{"embeddable":true,"href":"https:\/\/grzegorzjaszczura.pl\/index.php?rest_route=\/wp\/v2\/users\/2"}],"replies":[{"embeddable":true,"href":"https:\/\/grzegorzjaszczura.pl\/index.php?rest_route=%2Fwp%2Fv2%2Fcomments&post=14766"}],"version-history":[{"count":102,"href":"https:\/\/grzegorzjaszczura.pl\/index.php?rest_route=\/wp\/v2\/posts\/14766\/revisions"}],"predecessor-version":[{"id":14872,"href":"https:\/\/grzegorzjaszczura.pl\/index.php?rest_route=\/wp\/v2\/posts\/14766\/revisions\/14872"}],"wp:attachment":[{"href":"https:\/\/grzegorzjaszczura.pl\/index.php?rest_route=%2Fwp%2Fv2%2Fmedia&parent=14766"}],"wp:term":[{"taxonomy":"category","embeddable":true,"href":"https:\/\/grzegorzjaszczura.pl\/index.php?rest_route=%2Fwp%2Fv2%2Fcategories&post=14766"},{"taxonomy":"post_tag","embeddable":true,"href":"https:\/\/grzegorzjaszczura.pl\/index.php?rest_route=%2Fwp%2Fv2%2Ftags&post=14766"}],"curies":[{"name":"wp","href":"https:\/\/api.w.org\/{rel}","templated":true}]}}