{"id":15139,"date":"2012-02-08T12:36:25","date_gmt":"2012-02-08T10:36:25","guid":{"rendered":"http:\/\/grzegorzjaszczura.pl\/?p=15139"},"modified":"2024-10-29T10:06:19","modified_gmt":"2024-10-29T09:06:19","slug":"cuda-i-grzech-zaniechania-konsekwencje","status":"publish","type":"post","link":"https:\/\/grzegorzjaszczura.pl\/?p=15139","title":{"rendered":"Cuda i grzech zaniechania &#8211; konsekwencje"},"content":{"rendered":"<p style=\"text-align: justify;\"><a href=\"http:\/\/grzegorzjaszczura.pl\/http:\/\/grzegorzjaszczura.pl\/wp-content\/uploads\/2012\/02\/20101118869.jpg\"><img loading=\"lazy\" decoding=\"async\" class=\"alignleft size-thumbnail wp-image-15151\" title=\"20101118869\" src=\"http:\/\/grzegorzjaszczura.pl\/http:\/\/grzegorzjaszczura.pl\/wp-content\/uploads\/2012\/02\/20101118869-150x150.jpg\" alt=\"\" width=\"150\" height=\"150\" \/><\/a>Rozmowa z<strong> Tadeuszem Strzeleckim<\/strong>, by\u0142ym pe\u0142nomocnikiem prezydenta D\u0105browy G\u00f3rniczej ds. rozlicze\u0144 inwestycji Mitex S.A. W listopadzie 2010 roku Pan T. Strzelecki m\u00f3wi\u0142 m.in.:<\/p>\n<p style=\"text-align: justify;\">&#8211;\u00a0\u00a0\u00a0\u00a0\u00a0\u00a0\u00a0 <strong>Kiedy przesta\u0142 Pan by\u0107 pe\u0142nomocnikiem prezydenta D\u0105browy G\u00f3rniczej?<!--more--><\/strong><\/p>\n<p style=\"text-align: justify;\">&#8211;\u00a0\u00a0\u00a0\u00a0\u00a0\u00a0\u00a0 Cztery lata temu i dwie godziny po obj\u0119ciu tego urz\u0119du przez Zbigniewa Podraz\u0119. Zwolnienie mnie to chyba jedna z jego pierwszych decyzji.<\/p>\n<p style=\"text-align: justify;\">&#8211;\u00a0\u00a0\u00a0\u00a0\u00a0\u00a0\u00a0 <strong>Sk\u0105d ten po\u015bpiech? <\/strong><\/p>\n<p style=\"text-align: justify;\">&#8211;\u00a0\u00a0\u00a0\u00a0\u00a0\u00a0\u00a0 Zapewne st\u0105d, \u017ce jako pe\u0142nomocnik prezydenta Talkowskiego stara\u0142em si\u0119 ukr\u00f3ci\u0107 bezprawne \u2013 moim zdaniem \u2013 praktyki, kt\u00f3re by\u0142y dzie\u0142em partyjnych koleg\u00f3w pana Podrazy za czas\u00f3w prezydenta Marka Lipczyka.<\/p>\n<p style=\"text-align: justify;\">&#8211;\u00a0\u00a0\u00a0\u00a0\u00a0\u00a0\u00a0 <strong>Co to za praktyki?<\/strong><\/p>\n<p style=\"text-align: justify;\">&#8211;\u00a0\u00a0\u00a0\u00a0\u00a0\u00a0\u00a0 Dzia\u0142ania na niekorzy\u015b\u0107 miasta, ale z korzy\u015bci\u0105 dla ludzi i firm zwi\u0105zanych w\u00f3wczas z lewic\u0105. Bynajmniej nie chodzi\u0142o o za\u0142atwienie partyjnemu koledze intratnej posady. Tam gra sz\u0142a o grube miliony, kt\u00f3re trafia\u0142y do prywatnych kieszeni pustosz\u0105c kas\u0119 miejsk\u0105.<\/p>\n<p style=\"text-align: justify;\"><strong><a href=\"http:\/\/grzegorzjaszczura.pl\/?p=7112#more-7112\">Ca\u0142o\u015b\u0107 tutaj. <\/a><\/strong><\/p>\n<p style=\"text-align: justify;\"><strong>Przejd\u017amy do tera\u017aniejszo\u015bci:<br \/>\n<\/strong><\/p>\n<p style=\"text-align: justify;\">\n<p style=\"text-align: justify;\"><strong>CZ\u0118\u015a\u0106 I &#8211; Nemo-Wodny \u015awiat<br \/>\n<\/strong><\/p>\n<p style=\"text-align: justify;\"><span style=\"color: #0000ff;\"><strong>Panie in\u017cynierze. W wywiadzie &#8222;Cuda i grzech zaniechania&#8221; dla &#8222;Przejrzystego miasta&#8221;, m\u00f3wi\u0142 Pan o rozrzutno\u015bci i niegospodarno\u015bci Pana zdaniem lewicowych w\u0142adz miasta D\u0105browy G\u00f3rniczej, zar\u00f3wno za kadencji pana M. Lipczyka jak i pana Z. Podrazy. W zwi\u0105zku z tym po up\u0142ywie kolejnych dw\u00f3ch lat chcia\u0142bym prosi\u0107 Pana o odpowied\u017a na kilka pyta\u0144.<\/strong><\/span><\/p>\n<p style=\"text-align: justify;\"><span style=\"color: #0000ff;\">&#8211; S\u0142ucham.<\/span><\/p>\n<p style=\"text-align: justify;\"><span style=\"color: #0000ff;\"><strong><a href=\"http:\/\/grzegorzjaszczura.pl\/http:\/\/grzegorzjaszczura.pl\/wp-content\/uploads\/2012\/02\/Zdj\u0119cie2187.jpg\"><img loading=\"lazy\" decoding=\"async\" class=\"alignleft size-thumbnail wp-image-15158\" title=\"Zdj\u0119cie2187\" src=\"http:\/\/grzegorzjaszczura.pl\/http:\/\/grzegorzjaszczura.pl\/wp-content\/uploads\/2012\/02\/Zdj\u0119cie2187-150x150.jpg\" alt=\"\" width=\"150\" height=\"150\" \/><\/a>Zacznijmy od sprawy przedsi\u0119biorstwa &#8222;Nemo-Wodny \u015awiat&#8221; sp. z o.o. B\u0105d\u017a co b\u0105d\u017a, spraw\u0119 niewa\u017cnego Kontraktu na projekt, budow\u0119 i eksploatacj\u0119 Centrum Administracji (pot. Pentagonu) mamy jakby zako\u0144czon\u0105?<\/strong><\/span><\/p>\n<p style=\"text-align: justify;\"><span style=\"color: #0000ff;\">&#8211; Prosz\u0119 nie \u017cartowa\u0107, sprawa Centrum Administracji nie jest zako\u0144czona, albowiem prokuratura prowadz\u0105ca przedmiotowe \u015bledztwo jedynie je umorzy\u0142a, nie daj\u0105c \u017cadnego rozstrzygni\u0119cia co do winy podejrzanych w post\u0119powaniu. Tymczasem S\u0105dy Powszechne we wszystkich instancjach prawomocnie uzna\u0142y, \u017ce Kontrakt na projekt, budow\u0119 i eksploatacj\u0119 Centrum Administracji (dzie\u0142o Zarz\u0105du naszego Miasta i sp\u00f3\u0142ki Mitex S.A.) jest z mocy prawa &#8211;<em> ex lege<\/em> niewa\u017cny wraz z umowami oko\u0142okontraktowymi &#8211; warto o tym pami\u0119ta\u0107 zw\u0142aszcza w kr\u0119gach by\u0142ych i obecnych w\u0142odarzy naszego Miasta.<\/span><\/p>\n<p style=\"text-align: justify;\"><span style=\"color: #0000ff;\">Ale rozumiem, \u017ce nie o tym dzisiaj mamy rozmawia\u0107.<\/span><\/p>\n<p style=\"text-align: justify;\"><span style=\"color: #0000ff;\"><strong>W\u0142a\u015bnie, wracaj\u0105c do Nemo-Wodny \u015awiat sp. z o.o.?<\/strong><\/span><\/p>\n<p style=\"text-align: justify;\"><span style=\"color: #0000ff;\"><a href=\"http:\/\/grzegorzjaszczura.pl\/http:\/\/grzegorzjaszczura.pl\/wp-content\/uploads\/2012\/02\/SKMBT_C20312020712510.jpg\"><img loading=\"lazy\" decoding=\"async\" class=\"alignleft size-thumbnail wp-image-15154\" title=\"SKMBT_C20312020712510\" src=\"http:\/\/grzegorzjaszczura.pl\/http:\/\/grzegorzjaszczura.pl\/wp-content\/uploads\/2012\/02\/SKMBT_C20312020712510-150x150.jpg\" alt=\"\" width=\"150\" height=\"150\" \/><\/a>W zwi\u0105zku z tocz\u0105c\u0105 si\u0119 spraw\u0105 karn\u0105 w S\u0105dzie Okr\u0119gowym w Katowicach sygn. XXI\/K\/243\/10\/BW by\u0142em przes\u0142uchiwany jako \u015bwiadek w dniu 26 stycznia b.r. Sprawa ta dotyczy <em>stricte<\/em> sp\u00f3\u0142ki Nemo-Wodny \u015awiat.<\/span><\/p>\n<p style=\"text-align: justify;\"><span style=\"color: #0000ff;\"><strong>Kto jest oskar\u017cony i czy Pana zdaniem Prokuratura w\u0142a\u015bciwie wykona\u0142a swoj\u0105 prac\u0119?<\/strong><\/span><\/p>\n<p style=\"text-align: justify;\"><span style=\"color: #0000ff;\">&#8211; Zgodnie z informacj\u0105 na wokandzie, druku wezwania i widoku \u0142awy oskar\u017conych mog\u0119 Panu powiedzie\u0107, i\u017c oskar\u017conych jest dwoje:<\/span><\/p>\n<p style=\"text-align: justify;\"><span style=\"color: #0000ff;\">1. p. Lucyna W.-J.<\/span><\/p>\n<p style=\"text-align: justify;\"><span style=\"color: #0000ff;\">2. p. Leszek P.<\/span><\/p>\n<p style=\"text-align: justify;\"><span style=\"color: #0000ff;\">Oboje oskar\u017conych to jednocze\u015bnie prezesi sp\u00f3\u0142ki Nemo-Wodny \u015awiat D.G. i Nemo Investment. Trudno dociec wobec kt\u00f3rej sp\u00f3\u0142ki byli lojalni i czy Prokuratura bada\u0142a ten w\u0105tek.<\/span><\/p>\n<p style=\"text-align: justify;\"><span style=\"color: #0000ff;\">Pr\u00f3buj\u0105c dokona\u0107 oceny pracy Prokuratury to trzeba by by\u0142o przeczyta\u0107 akt oskar\u017cenia, co jak wiadomo nie jest mo\u017cliwe. Nie mniej trudno nie zauwa\u017cy\u0107, \u017ce \u0142awa oskar\u017conych jest niepe\u0142na co wskazuje, i\u017c Prokuratura prawdopodobnie zaniecha\u0142a badania niekt\u00f3rych w\u0105tk\u00f3w istotnych ugruntowania przes\u0142anek delikt\u00f3w z art. 296 par. 1 i 3 k.k.<\/span><\/p>\n<p style=\"text-align: justify;\"><span style=\"color: #0000ff;\">Materia\u0142 dowodowy, kt\u00f3ry powinien by\u0107 w aktach sprawy (kompletowa\u0142em go osobi\u015bcie dla Prokuratury) bezspornie wskazuje, \u017ce przes\u0142anki niegospodarno\u015bci wype\u0142niali tak\u017ce prezydenci Miasta, cho\u0107by z tytu\u0142u nierozliczonego kredytu i nierozliczonych, i zawy\u017conych znacznie nak\u0142ad\u00f3w na budow\u0119 Aquaparku przez sp\u00f3\u0142k\u0119 Mitex S.A. i wg projektu sp\u00f3\u0142ki Nemo Investment z Czeladzi.<\/span><\/p>\n<p style=\"text-align: justify;\"><span style=\"color: #0000ff;\">W kontek\u015bcie zgromadzonego materia\u0142u powstaje pytanie czy Prokuratura z D\u0105browy G\u00f3rniczej powinna bada\u0107 spraw\u0119 Gminy D\u0105browa G\u00f3rnicza?<\/span><\/p>\n<p style=\"text-align: justify;\"><span style=\"color: #0000ff;\"><strong>A jak pana zdaniem powinna wygl\u0105da\u0107 sprawa sp\u0142aty ok. 29 mln z\u0142 d\u0142ugu przez t\u0105 prywatn\u0105 firm\u0119 Gminie?<\/strong><\/span><\/p>\n<p style=\"text-align: justify;\"><span style=\"color: #0000ff;\">&#8211; O ile znam <em>standing<\/em> sp\u00f3\u0142ki &#8222;Nemo-Wodny \u015awiat&#8221; sp. z o.o., to jedyn\u0105 drog\u0105 sp\u0142aty \u0142\u0105cznie oko\u0142o 38 milion\u00f3w, to transfer maj\u0105tku sp\u00f3\u0142ki na rzecz Gminy D\u0105browa G\u00f3rnicza, kt\u00f3ra w ten spos\u00f3b powinna sta\u0107 si\u0119 jedynym w\u0142a\u015bcicielem sp\u00f3\u0142ki &#8222;Nemo-Wodny \u015awiat&#8221; sp. z o.o.<\/span><\/p>\n<p style=\"text-align: justify;\"><span style=\"color: #0000ff;\">Oczywi\u015bcie sp\u0142ata musi jako\u015b nast\u0105pi\u0107. Nie zapominajmy tak\u017ce o odsetkach, poniewa\u017c u\u017cywanie cudzych pieni\u0119dzy kosztuje na ca\u0142ym \u015bwiecie!<\/span><\/p>\n<p style=\"text-align: justify;\"><span style=\"color: #0000ff;\"><strong>Jako\u015b cicho i g\u0142ucho o tym?<\/strong><\/span><\/p>\n<p style=\"text-align: justify;\"><span style=\"color: #0000ff;\">&#8211; Mieszka\u0144cy wybrali przyk\u0142adnie radnych, kt\u00f3rzy niestety milcz\u0105 zamiast dr\u0105\u017cy\u0107 i stara\u0107 si\u0119 odzyska\u0107 pieni\u0105dze wszystkich mieszka\u0144c\u00f3w na drodze prawnej.<\/span><\/p>\n<p style=\"text-align: justify;\"><span style=\"color: #0000ff;\"><strong>Czy pana zdaniem pan prezydent Zb. Podraza m\u00f3g\u0142 post\u0105pi\u0107 inaczej?<\/strong><\/span><\/p>\n<p style=\"text-align: justify;\"><span style=\"color: #0000ff;\"><a href=\"http:\/\/grzegorzjaszczura.pl\/http:\/\/grzegorzjaszczura.pl\/wp-content\/uploads\/2012\/02\/SKMBT_C20312020811470.jpg\"><img loading=\"lazy\" decoding=\"async\" class=\"alignleft size-thumbnail wp-image-15162\" title=\"SKMBT_C20312020811470\" src=\"http:\/\/grzegorzjaszczura.pl\/http:\/\/grzegorzjaszczura.pl\/wp-content\/uploads\/2012\/02\/SKMBT_C20312020811470-150x150.jpg\" alt=\"\" width=\"150\" height=\"150\" \/><\/a>&#8211; Oczywi\u015bcie nie tylko m\u00f3g\u0142, ale powinien. Przede wszystkim na drodze prawnej zwolni\u0107 si\u0119 ze skutk\u00f3w b\u0142\u0119dnie ustanowionych weksli i awalu &#8211; patrz opinia kancelarii prawnej Korczy\u0144ski-Grochalski z Mys\u0142owic.<\/span><\/p>\n<p style=\"text-align: justify;\"><span style=\"color: #0000ff;\"><strong>Czy chcia\u0142by pan jeszcze co\u015b doda\u0107?<\/strong><\/span><\/p>\n<p style=\"text-align: justify;\"><span style=\"color: #0000ff;\">&#8211; My\u015bl\u0119, \u017ce \u017cycie samo wygeneruje odpowiednie rozwi\u0105zanie.<\/span><\/p>\n<p style=\"text-align: justify;\"><span style=\"color: #0000ff;\"><strong>Dzi\u0119kuj\u0119.<\/strong><\/span><\/p>\n<p style=\"text-align: justify;\"><span style=\"color: #0000ff;\"><strong>Ps. <\/strong><span style=\"color: #000000;\">W uzupe\u0142nieniu <a href=\"http:\/\/grzegorzjaszczura.pl\/?p=12558#more-12558\"><strong>m\u00f3j ostatni wpis<\/strong><\/a> o Nemo-Wodnym \u015awiecie w D\u0105browie G\u00f3rniczej oraz<strong> <a href=\"http:\/\/grzegorzjaszczura.pl\/?p=4695#more-4695\">troch\u0119 starszy <\/a><\/strong>o &#8222;sp\u0142acaniu&#8221; d\u0142ugu\u00a0 Gminie przez prywatn\u0105 firm\u0119 Nemo-Wodny \u015awiat sp. z o.o.<\/span><strong><br \/>\n<\/strong><\/span><\/p>\n","protected":false},"excerpt":{"rendered":"<p>Rozmowa z Tadeuszem Strzeleckim, by\u0142ym pe\u0142nomocnikiem prezydenta D\u0105browy G\u00f3rniczej ds. rozlicze\u0144 inwestycji Mitex S.A. W listopadzie 2010 roku Pan T. Strzelecki m\u00f3wi\u0142 m.in.: &#8211;\u00a0\u00a0\u00a0\u00a0\u00a0\u00a0\u00a0 Kiedy przesta\u0142 Pan by\u0107 pe\u0142nomocnikiem prezydenta D\u0105browy G\u00f3rniczej?<\/p>\n","protected":false},"author":2,"featured_media":0,"comment_status":"open","ping_status":"open","sticky":false,"template":"","format":"standard","meta":{"_monsterinsights_skip_tracking":false,"_monsterinsights_sitenote_active":false,"_monsterinsights_sitenote_note":"","_monsterinsights_sitenote_category":0,"footnotes":""},"categories":[9],"tags":[],"class_list":["post-15139","post","type-post","status-publish","format-standard","hentry","category-wywiady"],"_links":{"self":[{"href":"https:\/\/grzegorzjaszczura.pl\/index.php?rest_route=\/wp\/v2\/posts\/15139","targetHints":{"allow":["GET"]}}],"collection":[{"href":"https:\/\/grzegorzjaszczura.pl\/index.php?rest_route=\/wp\/v2\/posts"}],"about":[{"href":"https:\/\/grzegorzjaszczura.pl\/index.php?rest_route=\/wp\/v2\/types\/post"}],"author":[{"embeddable":true,"href":"https:\/\/grzegorzjaszczura.pl\/index.php?rest_route=\/wp\/v2\/users\/2"}],"replies":[{"embeddable":true,"href":"https:\/\/grzegorzjaszczura.pl\/index.php?rest_route=%2Fwp%2Fv2%2Fcomments&post=15139"}],"version-history":[{"count":44,"href":"https:\/\/grzegorzjaszczura.pl\/index.php?rest_route=\/wp\/v2\/posts\/15139\/revisions"}],"predecessor-version":[{"id":69061,"href":"https:\/\/grzegorzjaszczura.pl\/index.php?rest_route=\/wp\/v2\/posts\/15139\/revisions\/69061"}],"wp:attachment":[{"href":"https:\/\/grzegorzjaszczura.pl\/index.php?rest_route=%2Fwp%2Fv2%2Fmedia&parent=15139"}],"wp:term":[{"taxonomy":"category","embeddable":true,"href":"https:\/\/grzegorzjaszczura.pl\/index.php?rest_route=%2Fwp%2Fv2%2Fcategories&post=15139"},{"taxonomy":"post_tag","embeddable":true,"href":"https:\/\/grzegorzjaszczura.pl\/index.php?rest_route=%2Fwp%2Fv2%2Ftags&post=15139"}],"curies":[{"name":"wp","href":"https:\/\/api.w.org\/{rel}","templated":true}]}}