{"id":15945,"date":"2012-03-12T09:05:23","date_gmt":"2012-03-12T07:05:23","guid":{"rendered":"http:\/\/grzegorzjaszczura.pl\/?p=15945"},"modified":"2013-12-22T00:49:38","modified_gmt":"2013-12-21T17:49:38","slug":"aneksja-zaglebia-zatrzymana","status":"publish","type":"post","link":"https:\/\/grzegorzjaszczura.pl\/?p=15945","title":{"rendered":"Aneksja Zag\u0142\u0119bia zatrzymana"},"content":{"rendered":"<p style=\"text-align: justify;\"><span style=\"color: #0000ff;\"><a href=\"http:\/\/grzegorzjaszczura.pl\/http:\/\/grzegorzjaszczura.pl\/wp-content\/uploads\/2012\/03\/choragiew-1.jpg\"><img loading=\"lazy\" decoding=\"async\" class=\"alignleft size-thumbnail wp-image-16005\" title=\"choragiew-1\" src=\"http:\/\/grzegorzjaszczura.pl\/http:\/\/grzegorzjaszczura.pl\/wp-content\/uploads\/2012\/03\/choragiew-1-150x150.jpg\" alt=\"\" width=\"150\" height=\"150\" \/><\/a>Nie uda si\u0119 <strong>\u015al\u0119\u017canom<\/strong> (zwanym obecnie <strong>\u015al\u0105zakami<\/strong>) zaanektowa\u0107<strong> <span style=\"color: #00ff00;\">Ziemi <\/span><span style=\"color: #ff0000;\">Zag\u0142\u0119biowskiej<\/span><\/strong>, przynajmniej w najbli\u017cszym czasie. Minister z rz\u0105du lewicowej koalicji <span style=\"color: #ff6600;\">PO<\/span>&#8211;<span style=\"color: #00ff00;\">PSL<\/span> o\u015bwiadczy\u0142, \u017ce prace nad ustaw\u0105 metropolitarn\u0105 zostaj\u0105 wstrzymane. Sta\u0142o si\u0119 to na zarz\u0105dzie Zwi\u0105zku Miast Polskich w Krynicy.<\/span><\/p>\n<p style=\"text-align: justify;\"><span style=\"color: #0000ff;\"><strong>Musz\u0119 przyzna\u0107, \u017ce jest to ju\u017c drugie posuni\u0119cie obecnego rz\u0105du w ostatnim czasie, kt\u00f3re popieram.<\/strong> Pierwszym by\u0142a wiadomo\u015b\u0107<!--more--> o podj\u0119ciu pr\u00f3by deregulacji cz\u0119\u015bci zawod\u00f3w w Polsce przez ministra J. Gowina. <strong><a href=\"http:\/\/grzegorzjaszczura.pl\/?p=14886#more-14886\">Pisa\u0142em o tym<\/a><\/strong> niedawno, tak\u017ce wyra\u017caj\u0105c nadziej\u0119, \u017ce tego typu dzia\u0142ania nast\u0105pi\u0105. Zreszt\u0105 zarz\u0105d <strong><span style=\"color: #000000;\">Kongresu<\/span> <span style=\"color: #ff0000;\">Nowej<\/span> Prawicy<\/strong> wyda\u0142 <strong><a href=\"http:\/\/www.nowaprawica.org.pl\/home\/item\/owiadczenie-prezesa-nowej-prawicy-2\">specjalne o\u015bwiadczenie<\/a><\/strong> w tej sprawie. \u017beby by\u0142a jasno\u015b\u0107 nie zmienia to mojej generalnie negatywnej oceny dzia\u0142a\u0144 tego <span style=\"color: #ff0000;\">prounioeuropejskiego rz\u0105du<\/span>.<br \/>\n<\/span><\/p>\n<p style=\"text-align: justify;\"><span style=\"color: #0000ff;\">Co do Zwi\u0105zku Metropolitarnego &#8222;<strong>Silesia&#8221;<\/strong> (\u015al\u0105sk) wypowiada\u0142em si\u0119 o nim negatywnie od zawsze. Zobacz przyk\u0142adowo wpis sprzed 3 lat: <\/span><strong><a href=\"http:\/\/grzegorzjaszczura.pl\/?p=320#more-320\">http:\/\/grzegorzjaszczura.pl\/?p=320#more-320<\/a><\/strong><span style=\"color: #0000ff;\">,<\/span><span style=\"color: #0000ff;\"> gdzie zreszt\u0105 przedstawi\u0142em swoje w\u0105tpliwo\u015bci w spos\u00f3b merytoryczny. Metropolia w takim kszta\u0142cie by\u0142a nie do zaakceptowania. <strong>To\u017csamo\u015b\u0107 zag\u0142\u0119biowska<\/strong> powinna by\u0107 przez nas <strong><span style=\"color: #00ff00;\">Zag\u0142\u0119<\/span><span style=\"color: #ff0000;\">biak\u00f3w<\/span><\/strong> ho\u0142ubiona, a nie rozmywana w \u015bl\u0119\u017ca\u0144skim tworze, \u017ce podkre\u015bl\u0119 aspekt marginalizacji.<br \/>\n<\/span><\/p>\n<p style=\"text-align: justify;\"><span style=\"color: #0000ff;\">Prosz\u0119 rzuci\u0107 tak\u017ce okiem na wpis: <\/span><strong><a href=\"http:\/\/grzegorzjaszczura.pl\/?p=539#more-539\">http:\/\/grzegorzjaszczura.pl\/?p=539#more-539<\/a><\/strong><span style=\"color: #0000ff;\">.<\/span><\/p>\n<p style=\"text-align: justify;\"><span style=\"color: #0000ff;\"><strong><a href=\"http:\/\/grzegorzjaszczura.pl\/http:\/\/grzegorzjaszczura.pl\/wp-content\/uploads\/2012\/03\/Zdj\u0119cie2328.jpg\"><img loading=\"lazy\" decoding=\"async\" class=\"alignleft size-thumbnail wp-image-16019\" title=\"Zdj\u0119cie2328\" src=\"http:\/\/grzegorzjaszczura.pl\/http:\/\/grzegorzjaszczura.pl\/wp-content\/uploads\/2012\/03\/Zdj\u0119cie2328-150x150.jpg\" alt=\"\" width=\"150\" height=\"150\" \/><\/a>Powstaje pytanie kto jest odpowiedzialny za wyrzucone pieni\u0105dze podatnik\u00f3w &#8211; mieszka\u0144c\u00f3w cho\u0107by naszego miasta? <\/strong>Pieni\u0105dze, co warto zauwa\u017cy\u0107, zabierane z bud\u017cetu wszystkich mieszka\u0144c\u00f3w bez \u017cadnej ich zgody (przyk\u0142adowo mo\u017cna by zrobi\u0107 referendum w tak wa\u017cnej sprawie!) czy nawet uchwa\u0142y Rady Miasta. Za zasiadanie, w tym obecnie zb\u0119dnym biurokratycznym tworze, <strong>pan prezydent Zb. Podraza<\/strong> pobiera wg moich informacji pieni\u0105dze! Mo\u017ce dlatego tak <strong>ch\u0119tnie lokuje<\/strong> <strong><span style=\"color: #000000;\">D\u0105brow\u0119 G\u00f3rnicz\u0105 <\/span>w\u015br\u00f3d<\/strong> najwi\u0119kszych powierzchniowo <strong>miast \u015bl\u0105skich<\/strong>. Zob.: <\/span><strong><a href=\"http:\/\/grzegorzjaszczura.pl\/?p=5353#more-5353\">http:\/\/grzegorzjaszczura.pl\/?p=5353#more-5353<\/a><\/strong><span style=\"color: #0000ff;\">.<\/span><\/p>\n<p style=\"text-align: justify;\"><span style=\"color: #0000ff;\">Swego czasu by\u0142em jedynym radnym, kt\u00f3ry pr\u00f3bowa\u0142 nie dopu\u015bci\u0107 do przyj\u0119cia na sesji Rady Miasta (23.12.2009 r.), uchwa\u0142y zmieniaj\u0105cej Statut wspomnianego Zwi\u0105zku Metropolitarnego Silesia, co wtedy by\u0142oby r\u00f3wnoznaczne z opuszczeniem przez miasto D\u0105browa G\u00f3rnicza tego zwi\u0105zku: <\/span><\/p>\n<p style=\"text-align: justify;\"><span style=\"color: #ff0000;\"><em><strong><a href=\"http:\/\/grzegorzjaszczura.pl\/http:\/\/grzegorzjaszczura.pl\/wp-content\/uploads\/2012\/03\/grzegorz.jpg\"><img loading=\"lazy\" decoding=\"async\" class=\"alignleft size-thumbnail wp-image-16008\" title=\"grzegorz\" src=\"http:\/\/grzegorzjaszczura.pl\/http:\/\/grzegorzjaszczura.pl\/wp-content\/uploads\/2012\/03\/grzegorz-150x150.jpg\" alt=\"\" width=\"150\" height=\"150\" \/><\/a>&#8222;Burz\u0119 wywo\u0142a\u0142o moje \u201eveto\u201d<\/strong> przeciwko uchwale w sprawie przyj\u0119cia zmiany Statutu G\u00f3rno\u015bl\u0105skiego Zwi\u0105zku Metropolitarnego <strong>oraz m\u00f3j apel o nie uchwalanie tej uchwa\u0142y i opuszczenie tego Zwi\u0105zku przez miasto D\u0105browa G\u00f3rnicza.<\/strong> Okazuje si\u0119, \u017ce lobby \u201epro\u015bl\u0105skie\u201d jest bardzo silne w naszej Radzie Miasta z Panem Prezydentem Zb. Podraz\u0105 na czele. Pisz\u0119 \u201epro\u015bl\u0105skie\u201d, bo ten zwi\u0105zek ma si\u0119 nazywa\u0107 \u00a0GZM \u201eSILESIA\u201d lub Metropolia \u201eSILESIA\u201d. Powiedzia\u0142em, \u017ce dla mnie jako Zag\u0142\u0119biaka i D\u0105browiaka (Strzemieszyczanina) jest to nie do przyj\u0119cia.<\/em><\/span><\/p>\n<p style=\"text-align: justify;\"><span style=\"color: #ff0000;\"><em>Oczywi\u015bcie przeciwko przynale\u017cno\u015bci do tego medialnego tworu urz\u0119dniczego przemawia jeszcze kilka fakt\u00f3w merytorycznych. Ju\u017c bez wiedzy radnych zwi\u0119kszono sk\u0142adk\u0119 na przysz\u0142y rok do tego Zwi\u0105zku GZM \u201eSilesia\u201d <strong>o 100%<\/strong>, czyli z 1 z\u0142 do 2 z\u0142 od ka\u017cdego mieszka\u0144ca D\u0105browy G\u00f3rniczej (czyli Gmina zap\u0142aci 252\u00a0000 z\u0142 sk\u0142adki). Zadziwiaj\u0105ce jest to, \u017ce <strong>Zwi\u0105zek GZM \u201eSilesia\u201d<\/strong>, kt\u00f3ry chwilowo nie ma wi\u0119kszych uprawnie\u0144, <strong>sam w imieniu mieszka\u0144c\u00f3w, podwy\u017csza sobie sk\u0142adk\u0119 przez nich p\u0142acon\u0105, w dowolny i niekontrolowany przez Wyborc\u00f3w spos\u00f3b. <\/strong>Jeszcze raz podkre\u015blaj\u0105c, \u017ce radni obecnej opcji proprezydenckiej<strong> <\/strong>zag\u0142osowali<strong> <\/strong>za tym Zwi\u0105zkiem, apeluj\u0119 do Wyborc\u00f3w o zastanowienie si\u0119 przy nast\u0119pnych wyborach samorz\u0105dowych!<\/em><\/span><strong><span style=\"color: #ff0000;\"><em>&#8222;<\/em><\/span><br \/>\n<\/strong><\/p>\n<p style=\"text-align: justify;\"><span style=\"color: #0000ff;\">Ca\u0142o\u015b\u0107 zobacz: <\/span><strong><a href=\"http:\/\/grzegorzjaszczura.pl\/?p=953#more-953\">http:\/\/grzegorzjaszczura.pl\/?p=953#more-953<\/a><\/strong><span style=\"color: #0000ff;\">.<\/span><\/p>\n<p style=\"text-align: justify;\"><span style=\"color: #0000ff;\"><strong>Mam nadziej\u0119, \u017ce strumie\u0144 pieni\u0119dzy w zaistnia\u0142ej sytuacji przestanie p\u0142yn\u0105\u0107. Wzywam pana prezydenta Zb. Podraz\u0119 (skrajna <span style=\"color: #ff0000;\">lewica SLD<\/span>) oraz Rad\u0119 Miasta o zaprzestanie op\u0142acania urz\u0119dnik\u00f3w GZM Silesia i dbanie o byt mieszka\u0144c\u00f3w D\u0105browy G\u00f3rniczej!<\/strong><br \/>\n<\/span><\/p>\n<p style=\"text-align: justify;\"><span style=\"color: #0000ff;\">W nawi\u0105zaniu do tamtej sesji musz\u0119 podkre\u015bli\u0107, \u017ce tak s\u0142u\u017calczego dzia\u0142ania (przynajmniej moim zdaniem) lewicowych w\u0142adz miasta w stosunku do Centrali za Brynic\u0105, nie spodziewa\u0142em si\u0119. Jednak\u017ce wysz\u0142o, jak \u0142asi s\u0105 urz\u0119dnicy (<span style=\"color: #ff0000;\">biurwy<\/span>) i to ka\u017cdej opcji politycznej, na tworzenie nowych miejsc urz\u0119dniczych z podatk\u00f3w wszystkich mieszka\u0144c\u00f3w! Je\u017celi chodzi o D\u0105brow\u0119 G\u00f3rnicz\u0105, czyli serce <strong><span style=\"color: #00ff00;\">Zag\u0142\u0119bia<\/span> <span style=\"color: #ff0000;\">D\u0105browskiego<\/span><\/strong> to dok\u0142adnie z tego &#8222;<strong>ci\u0105gu ku biurokracji<\/strong>&#8221; nie wy\u0142ama\u0142 si\u0119 nikt, ani z lewicy <span style=\"color: #ff0000;\">SLD<\/span>, ani pos\u0142anek i pos\u0142\u00f3w <span style=\"color: #ff6600;\">PO<\/span> czy <span style=\"color: #993366;\">PIS<\/span> oraz senator\u00f3w.\u00a0 Przynajmniej nic o tym nie wiem! Maj\u0105 takie samo bielmo na oczach jak partie, kt\u00f3re wepchn\u0119\u0142y Polsk\u0119 do socjalistycznej, biurokratycznej <span style=\"color: #ff0000;\">Unii Europejskiej<\/span>, ostatnio z elementami <strong><a href=\"http:\/\/www.nowaprawica.org.pl\/home\/item\/po-grobach-j-kardaszewskiego-atak-na-prof-rybiskiego\">faszyzacji \u017cycia publicznego<\/a><\/strong>!<br \/>\n<\/span><\/p>\n<p style=\"text-align: justify;\"><span style=\"color: #0000ff;\">Moj\u0105 koncepcj\u0119 rozwi\u0105zania sytuacji z dostrze\u017ceniem potencja\u0142u i kilkuset tysi\u0119cy mieszka\u0144c\u00f3w <strong><span style=\"color: #00ff00;\">Zag\u0142\u0119bia<\/span> <span style=\"color: #ff0000;\">D\u0105browskiego<\/span><\/strong> przedstawi\u0142em we wpisie: <\/span><strong><a href=\"http:\/\/grzegorzjaszczura.pl\/?p=6385#more-6385\">http:\/\/grzegorzjaszczura.pl\/?p=6385#more-6385<\/a><\/strong><span style=\"color: #0000ff;\">, wsp\u00f3lnie z D. Kmiotkiem. <\/span><\/p>\n<p style=\"text-align: justify;\"><span style=\"color: #0000ff;\"><strong>Ps. <span style=\"color: #000000;\">Zobacz tak\u017ce:<\/span> <a href=\"http:\/\/grzegorzjaszczura.pl\/?p=10497#more-10497\">&#8222;Symbole<span style=\"color: #00ff00;\"> Zag\u0142\u0119bia<\/span> <span style=\"color: #ff0000;\">D\u0105browskiego<\/span>&#8222;<\/a>!<a href=\"http:\/\/grzegorzjaszczura.pl\/http:\/\/grzegorzjaszczura.pl\/wp-content\/uploads\/2012\/03\/Zalacznik-21.jpg\"><img loading=\"lazy\" decoding=\"async\" class=\"alignleft size-thumbnail wp-image-16014\" title=\"Zalacznik 2\" src=\"http:\/\/grzegorzjaszczura.pl\/http:\/\/grzegorzjaszczura.pl\/wp-content\/uploads\/2012\/03\/Zalacznik-21-150x150.jpg\" alt=\"\" width=\"150\" height=\"150\" \/><\/a><\/strong><br \/>\n<\/span><\/p>\n","protected":false},"excerpt":{"rendered":"<p>Nie uda si\u0119 \u015al\u0119\u017canom (zwanym obecnie \u015al\u0105zakami) zaanektowa\u0107 Ziemi Zag\u0142\u0119biowskiej, przynajmniej w najbli\u017cszym czasie. Minister z rz\u0105du lewicowej koalicji PO&#8211;PSL o\u015bwiadczy\u0142, \u017ce prace nad ustaw\u0105 metropolitarn\u0105 zostaj\u0105 wstrzymane. Sta\u0142o si\u0119 to na zarz\u0105dzie Zwi\u0105zku Miast Polskich w Krynicy. Musz\u0119 przyzna\u0107, \u017ce jest to ju\u017c drugie posuni\u0119cie obecnego rz\u0105du w ostatnim czasie, kt\u00f3re popieram. Pierwszym by\u0142a [&hellip;]<\/p>\n","protected":false},"author":2,"featured_media":0,"comment_status":"open","ping_status":"open","sticky":false,"template":"","format":"standard","meta":{"_monsterinsights_skip_tracking":false,"_monsterinsights_sitenote_active":false,"_monsterinsights_sitenote_note":"","_monsterinsights_sitenote_category":0,"footnotes":""},"categories":[3,11],"tags":[],"class_list":["post-15945","post","type-post","status-publish","format-standard","hentry","category-polityczne","category-zaglebie-dabrowskie"],"_links":{"self":[{"href":"https:\/\/grzegorzjaszczura.pl\/index.php?rest_route=\/wp\/v2\/posts\/15945","targetHints":{"allow":["GET"]}}],"collection":[{"href":"https:\/\/grzegorzjaszczura.pl\/index.php?rest_route=\/wp\/v2\/posts"}],"about":[{"href":"https:\/\/grzegorzjaszczura.pl\/index.php?rest_route=\/wp\/v2\/types\/post"}],"author":[{"embeddable":true,"href":"https:\/\/grzegorzjaszczura.pl\/index.php?rest_route=\/wp\/v2\/users\/2"}],"replies":[{"embeddable":true,"href":"https:\/\/grzegorzjaszczura.pl\/index.php?rest_route=%2Fwp%2Fv2%2Fcomments&post=15945"}],"version-history":[{"count":74,"href":"https:\/\/grzegorzjaszczura.pl\/index.php?rest_route=\/wp\/v2\/posts\/15945\/revisions"}],"predecessor-version":[{"id":26294,"href":"https:\/\/grzegorzjaszczura.pl\/index.php?rest_route=\/wp\/v2\/posts\/15945\/revisions\/26294"}],"wp:attachment":[{"href":"https:\/\/grzegorzjaszczura.pl\/index.php?rest_route=%2Fwp%2Fv2%2Fmedia&parent=15945"}],"wp:term":[{"taxonomy":"category","embeddable":true,"href":"https:\/\/grzegorzjaszczura.pl\/index.php?rest_route=%2Fwp%2Fv2%2Fcategories&post=15945"},{"taxonomy":"post_tag","embeddable":true,"href":"https:\/\/grzegorzjaszczura.pl\/index.php?rest_route=%2Fwp%2Fv2%2Ftags&post=15945"}],"curies":[{"name":"wp","href":"https:\/\/api.w.org\/{rel}","templated":true}]}}