{"id":16412,"date":"2012-03-29T10:50:43","date_gmt":"2012-03-29T08:50:43","guid":{"rendered":"http:\/\/grzegorzjaszczura.pl\/?p=16412"},"modified":"2012-03-29T10:50:43","modified_gmt":"2012-03-29T08:50:43","slug":"nowa-prawica-informacje-sn-2","status":"publish","type":"post","link":"https:\/\/grzegorzjaszczura.pl\/?p=16412","title":{"rendered":"Nowa Prawica &#8211; informacje SN"},"content":{"rendered":"<p style=\"text-align: justify;\"><a href=\"http:\/\/grzegorzjaszczura.pl\/http:\/\/grzegorzjaszczura.pl\/wp-content\/uploads\/2012\/03\/logo-NP1.jpg\"><img loading=\"lazy\" decoding=\"async\" class=\"alignleft size-thumbnail wp-image-16419\" title=\"logo-NP\" src=\"http:\/\/grzegorzjaszczura.pl\/http:\/\/grzegorzjaszczura.pl\/wp-content\/uploads\/2012\/03\/logo-NP1-150x150.jpg\" alt=\"\" width=\"150\" height=\"150\" \/><\/a>W ostatni\u0105 niedziel\u0119, tj. 25.03.2012 r., w Krakowie odby\u0142o si\u0119 kolejne posiedzenie <strong>S\u0105du Naczelnego<\/strong> <strong>Kongresu <span style=\"color: #ff0000;\">Nowej<\/span> <span style=\"color: #0000ff;\">Prawicy<\/span>. <\/strong>S\u0105d obradowa\u0142 w sk\u0142adzie trzyosobowym: Prezes S\u0105du kol. <strong>Tomasz Sk\u00f3ra<\/strong>, S\u0119dzia Zwyczajny kol. <strong>Janusz \u017burek<\/strong> i II S\u0119dzia Nadzwyczajny, czyli ja <strong>Grzegorz Jaszczura. <\/strong>W zwi\u0105zku z powy\u017cszym czuj\u0119 si\u0119 w obowi\u0105zku zamieszczenia tej kr\u00f3tkiej informacji.<strong><!--more--><br \/>\n<\/strong><\/p>\n<p style=\"text-align: justify;\">Efektem posiedzenia <strong>S\u0105du Naczelnego<\/strong> by\u0142o zatwierdzenie\u00a0<strong>Regulaminu Stra\u017cy K<span style=\"color: #ff0000;\">N<\/span><span style=\"color: #0000ff;\">P<\/span><\/strong>. Ponadto s\u0105d zgodnie ze swoimi uprawnieniami wybra\u0142 jednego cz\u0142onka <strong>Centralnej Komisji Rewizyjnej<\/strong> partii. Zosta\u0142 nim cz\u0142onek d\u0105browskiego oddzia\u0142u partii<strong> <span style=\"color: #ff0000;\"><span style=\"color: #000000;\">Kongresu<\/span> Nowej<\/span> <span style=\"color: #0000ff;\">Prawicy<\/span><\/strong>, okr\u0119gu \u015bl\u0105sko-d\u0105browskiego, mieszkaniec B\u0119dzina kol. <strong>Pawe\u0142 Kruk<\/strong>. Uzupe\u0142nienie <em>vacatu<\/em> spowoduje mo\u017cliwo\u015b\u0107 pracy <strong>CKR<\/strong> w pe\u0142nym sk\u0142adzie osobowym. Uchwa\u0142y przyjmowano jednog\u0142o\u015bnie.<\/p>\n<p style=\"text-align: justify;\">Zobacz tak\u017ce: <a href=\"http:\/\/grzegorzjaszczura.pl\/?p=14058#more-14058\">http:\/\/grzegorzjaszczura.pl\/?p=14058#more-14058<\/a>, ew. <a href=\"http:\/\/grzegorzjaszczura.pl\/?p=11626#more-11626\">http:\/\/grzegorzjaszczura.pl\/?p=11626#more-11626<\/a>.<\/p>\n<p style=\"text-align: justify;\"><a href=\"http:\/\/grzegorzjaszczura.pl\/http:\/\/grzegorzjaszczura.pl\/wp-content\/uploads\/2012\/03\/20120323239.jpg\"><img loading=\"lazy\" decoding=\"async\" class=\"alignleft size-thumbnail wp-image-16422\" title=\"20120323239\" src=\"http:\/\/grzegorzjaszczura.pl\/http:\/\/grzegorzjaszczura.pl\/wp-content\/uploads\/2012\/03\/20120323239-150x150.jpg\" alt=\"\" width=\"150\" height=\"150\" \/><\/a><\/p>\n","protected":false},"excerpt":{"rendered":"<p>W ostatni\u0105 niedziel\u0119, tj. 25.03.2012 r., w Krakowie odby\u0142o si\u0119 kolejne posiedzenie S\u0105du Naczelnego Kongresu Nowej Prawicy. S\u0105d obradowa\u0142 w sk\u0142adzie trzyosobowym: Prezes S\u0105du kol. Tomasz Sk\u00f3ra, S\u0119dzia Zwyczajny kol. Janusz \u017burek i II S\u0119dzia Nadzwyczajny, czyli ja Grzegorz Jaszczura. W zwi\u0105zku z powy\u017cszym czuj\u0119 si\u0119 w obowi\u0105zku zamieszczenia tej kr\u00f3tkiej informacji.<\/p>\n","protected":false},"author":2,"featured_media":0,"comment_status":"open","ping_status":"open","sticky":false,"template":"","format":"standard","meta":{"_monsterinsights_skip_tracking":false,"_monsterinsights_sitenote_active":false,"_monsterinsights_sitenote_note":"","_monsterinsights_sitenote_category":0,"footnotes":""},"categories":[3],"tags":[],"class_list":["post-16412","post","type-post","status-publish","format-standard","hentry","category-polityczne"],"_links":{"self":[{"href":"https:\/\/grzegorzjaszczura.pl\/index.php?rest_route=\/wp\/v2\/posts\/16412","targetHints":{"allow":["GET"]}}],"collection":[{"href":"https:\/\/grzegorzjaszczura.pl\/index.php?rest_route=\/wp\/v2\/posts"}],"about":[{"href":"https:\/\/grzegorzjaszczura.pl\/index.php?rest_route=\/wp\/v2\/types\/post"}],"author":[{"embeddable":true,"href":"https:\/\/grzegorzjaszczura.pl\/index.php?rest_route=\/wp\/v2\/users\/2"}],"replies":[{"embeddable":true,"href":"https:\/\/grzegorzjaszczura.pl\/index.php?rest_route=%2Fwp%2Fv2%2Fcomments&post=16412"}],"version-history":[{"count":31,"href":"https:\/\/grzegorzjaszczura.pl\/index.php?rest_route=\/wp\/v2\/posts\/16412\/revisions"}],"predecessor-version":[{"id":16458,"href":"https:\/\/grzegorzjaszczura.pl\/index.php?rest_route=\/wp\/v2\/posts\/16412\/revisions\/16458"}],"wp:attachment":[{"href":"https:\/\/grzegorzjaszczura.pl\/index.php?rest_route=%2Fwp%2Fv2%2Fmedia&parent=16412"}],"wp:term":[{"taxonomy":"category","embeddable":true,"href":"https:\/\/grzegorzjaszczura.pl\/index.php?rest_route=%2Fwp%2Fv2%2Fcategories&post=16412"},{"taxonomy":"post_tag","embeddable":true,"href":"https:\/\/grzegorzjaszczura.pl\/index.php?rest_route=%2Fwp%2Fv2%2Ftags&post=16412"}],"curies":[{"name":"wp","href":"https:\/\/api.w.org\/{rel}","templated":true}]}}