{"id":16484,"date":"2012-04-12T07:43:39","date_gmt":"2012-04-12T05:43:39","guid":{"rendered":"http:\/\/grzegorzjaszczura.pl\/?p=16484"},"modified":"2012-04-12T07:43:39","modified_gmt":"2012-04-12T05:43:39","slug":"pacta-sunt-servanda","status":"publish","type":"post","link":"https:\/\/grzegorzjaszczura.pl\/?p=16484","title":{"rendered":"Pacta sunt servanda"},"content":{"rendered":"<p style=\"text-align: justify;\"><strong><a href=\"http:\/\/grzegorzjaszczura.pl\/http:\/\/grzegorzjaszczura.pl\/wp-content\/uploads\/2012\/04\/SKMBT_C20312020115590.jpg\"><img loading=\"lazy\" decoding=\"async\" class=\"alignleft size-thumbnail wp-image-16686\" title=\"SKMBT_C20312020115590\" src=\"http:\/\/grzegorzjaszczura.pl\/http:\/\/grzegorzjaszczura.pl\/wp-content\/uploads\/2012\/04\/SKMBT_C20312020115590-150x150.jpg\" alt=\"\" width=\"150\" height=\"150\" \/><\/a>Zbli\u017caj\u0105ce si\u0119 kolejne, oczywi\u015bcie w majestacie prawa, okradzenie mnie przez pa\u0144stwo, powoduje, \u017ce staje si\u0119 ono dla mnie wrogiem, jak kilkadziesi\u0105t lat wstecz pa\u0144stwo komunistyczne rz\u0105dzone przez komunist\u00f3w (w tym zbrodniarzy) z <span style=\"color: #ff0000;\">PZPR<\/span>. Cz\u0142onkowie partii komunistycznej nie reprezentowali w Polsce interes\u00f3w Polski &#8211; to jest oczywiste, budowali utopi\u0119 komunistyczn\u0105, nie przebieraj\u0105c w \u015brodkach.<!--more--> Ten rz\u0105d te\u017c reprezentuje bardziej interesy socjalistycznej <span style=\"color: #ff0000;\">Unii Europejskiej<\/span> ni\u017c Polski, Polek i Polak\u00f3w.<\/strong> <strong>Od dawna dla mnie, co zreszt\u0105 niejednokrotnie sugerowa\u0142em, m.in. na tym blogu,<\/strong> <strong><span style=\"color: #ff0000;\">Unia Europejska<\/span> to taki <span style=\"color: #ff0000;\">Zwi\u0105zek Sowiecki<\/span> lustrzanie odbity z przeciwnej geograficznie strony Polski.<\/strong><\/p>\n<p style=\"text-align: justify;\"><strong> <a href=\"http:\/\/grzegorzjaszczura.pl\/http:\/\/grzegorzjaszczura.pl\/wp-content\/uploads\/2012\/04\/SKMBT_C20312030216000.jpg\"><img loading=\"lazy\" decoding=\"async\" class=\"alignleft size-thumbnail wp-image-16689\" title=\"SKMBT_C20312030216000\" src=\"http:\/\/grzegorzjaszczura.pl\/http:\/\/grzegorzjaszczura.pl\/wp-content\/uploads\/2012\/04\/SKMBT_C20312030216000-150x150.jpg\" alt=\"\" width=\"150\" height=\"150\" \/><\/a>Odebranie mi potencjalnej emerytury, poprzez zerwanie umowy, jak\u0105 rozpoczynaj\u0105c p\u0142aci\u0107 na <span style=\"color: #ff0000;\">ZUS<\/span> zawar\u0142em z pa\u0144stwem, jest przecie\u017c z\u0142odziejstwem. <em>Pacta sunt servanda<\/em> panie premierze D. Tusk. Ja rozumiem, \u017ce pana elektorat jest na poziomie intelektualnym, kt\u00f3ry powoduje, \u017ce \u0142aciny jako j\u0119zyka martwego nie zna i nie stosuje zasad cywilizacji \u0142aci\u0144skiej (mam zreszt\u0105 nadziej\u0119, \u017ce nie ca\u0142y), ale nawet to nie zwalnia pana z odpowiedzialno\u015bci. Pisz\u0119 o elektoracie, bo zauwa\u017cam, \u017ce wi\u0119kszo\u015b\u0107 rzeczy robi Pan pod ten\u017ce elektorat.<br \/>\n<\/strong><\/p>\n<p style=\"text-align: justify;\"><strong>Tamci, wspomniani na pocz\u0105tku, komuni\u015bci te\u017c wysoko podnosili g\u0142owy, szczeg\u00f3lnie, gdy byli schowani za czo\u0142gami, armatkami wodnymi i tarczami Zomowc\u00f3w (Romowc\u00f3w), albo<em> zwiskami<\/em> <span style=\"color: #ff0000;\">TW<\/span>. Mam nadziej\u0119, \u017ce pan sko\u0144czy gorzej ni\u017c oni, bo niestety, m.in. w wyniku pana dzia\u0142ania oni nie sko\u0144czyli gorzej! <\/strong><\/p>\n<p style=\"text-align: justify;\"><span style=\"color: #0000ff;\"><strong><a href=\"http:\/\/grzegorzjaszczura.pl\/http:\/\/grzegorzjaszczura.pl\/wp-content\/uploads\/2012\/04\/Grzegorz2.jpg\"><img loading=\"lazy\" decoding=\"async\" class=\"alignleft size-thumbnail wp-image-16692\" title=\"Grzegorz\" src=\"http:\/\/grzegorzjaszczura.pl\/http:\/\/grzegorzjaszczura.pl\/wp-content\/uploads\/2012\/04\/Grzegorz2-150x150.jpg\" alt=\"\" width=\"150\" height=\"150\" \/><\/a>Osobi\u015bcie pracuj\u0105c i p\u0142ac\u0105c coraz wy\u017csze podatki, a tak\u017ce horrendalne op\u0142aty na <span style=\"color: #ff0000;\">ZUS<\/span> liczy\u0142em na obni\u017cenie wieku emerytalnego, a nie jego podwy\u017cszenie. Dzi\u0119ki obaleniu, niestety bezkrwawemu, poprzednich komunist\u00f3w, nast\u0105pi\u0142 rozw\u00f3j gospodarki, zacz\u0119li\u015bmy zarabia\u0107 troch\u0119 wi\u0119cej ni\u017c kilkana\u015bcie dolar\u00f3w miesi\u0119cznie. Do tego doszed\u0142 niezaprzeczalny post\u0119p technologiczny. Sama komputeryzacja powinna zast\u0105pi\u0107 tysi\u0105ce niepotrzebnych <span style=\"color: #ff0000;\">biurw<\/span>, kt\u00f3rych utrzymanie powoduje wzrost wspomnianych przed chwil\u0105 danin. Ale panu i pana poprzednikom komputeryzacja zwi\u0119kszy\u0142a ilo\u015b\u0107 zapotrzebowania na etaty, a nie zmniejszy\u0142a i to o kilkaset tysi\u0119cy sztuk! Zadziwiaj\u0105ce. A wci\u0105\u017c tworzy si\u0119 nowe urz\u0119dy, kt\u00f3re tak naprawd\u0119 powoduj\u0105 jedynie zabijanie przedsi\u0119biorczo\u015bci obywateli!<br \/>\n<\/strong><\/span><\/p>\n<p style=\"text-align: justify;\"><strong>Jest alternatywa dla Polek i Polak\u00f3w wg mnie. Wystarczy opu\u015bci\u0107 biurokratyczno-polityczny tw\u00f3r, kt\u00f3remu s\u0142u\u017cy polski rz\u0105d, czyli <span style=\"color: #ff0000;\">Uni\u0119 Europejsk\u0105 <\/span>i prac\u0105 zbudowa\u0107 dobrobyt ludzi. Nie mo\u017ce by\u0107 tak, \u017ce za nieudacznictwo kolejnych rz\u0105d\u00f3w, zad\u0142u\u017canie i \u017cycie ponad stan polityko-urz\u0119dnik\u00f3w, brak pomy\u015blunku w prostych sprawach, korupcj\u0119, nepotyzm i inne lewackie przywary, maj\u0105 odpowiada\u0107 zwykli obywatele, w zdecydowanej wi\u0119kszo\u015bci ci\u0119\u017cko pracuj\u0105cy na ww. nieudacznik\u00f3w. <\/strong><\/p>\n<p style=\"text-align: justify;\"><strong>Dlaczego ci wielcy g\u0142osiciele demokracji boj\u0105 si\u0119 referendum w sprawie przyk\u0142adowo wieku emerytalnego? Czy\u017c jest wy\u017csza forma demokracji od referendum? Osobi\u015bcie, chocia\u017c nie jestem zwolennikiem demokracji, uwa\u017cam, \u017ce referendum powinno by\u0107 podstaw\u0105 jej demokratycznego prze\u0142o\u017cenia na rzeczywisto\u015b\u0107. Ju\u017c tak nawiasem pisz\u0105c, referenda powinny by\u0107 podstaw\u0105 dzia\u0142ania lokalnych samorz\u0105d\u00f3w, we w\u0142a\u015bciwie ka\u017cdym obszarze. Przyk\u0142ad Szwajcarii wskazuje na sens takiej demokracji, abstrahuj\u0105c ju\u017c od tego, \u017ce nie jestem jej zwolennikiem.<br \/>\n<\/strong><\/p>\n<p style=\"text-align: justify;\"><strong><br \/>\n<\/strong><\/p>\n","protected":false},"excerpt":{"rendered":"<p>Zbli\u017caj\u0105ce si\u0119 kolejne, oczywi\u015bcie w majestacie prawa, okradzenie mnie przez pa\u0144stwo, powoduje, \u017ce staje si\u0119 ono dla mnie wrogiem, jak kilkadziesi\u0105t lat wstecz pa\u0144stwo komunistyczne rz\u0105dzone przez komunist\u00f3w (w tym zbrodniarzy) z PZPR. Cz\u0142onkowie partii komunistycznej nie reprezentowali w Polsce interes\u00f3w Polski &#8211; to jest oczywiste, budowali utopi\u0119 komunistyczn\u0105, nie przebieraj\u0105c w \u015brodkach.<\/p>\n","protected":false},"author":2,"featured_media":0,"comment_status":"open","ping_status":"open","sticky":false,"template":"","format":"standard","meta":{"_monsterinsights_skip_tracking":false,"_monsterinsights_sitenote_active":false,"_monsterinsights_sitenote_note":"","_monsterinsights_sitenote_category":0,"footnotes":""},"categories":[3],"tags":[],"class_list":["post-16484","post","type-post","status-publish","format-standard","hentry","category-polityczne"],"_links":{"self":[{"href":"https:\/\/grzegorzjaszczura.pl\/index.php?rest_route=\/wp\/v2\/posts\/16484","targetHints":{"allow":["GET"]}}],"collection":[{"href":"https:\/\/grzegorzjaszczura.pl\/index.php?rest_route=\/wp\/v2\/posts"}],"about":[{"href":"https:\/\/grzegorzjaszczura.pl\/index.php?rest_route=\/wp\/v2\/types\/post"}],"author":[{"embeddable":true,"href":"https:\/\/grzegorzjaszczura.pl\/index.php?rest_route=\/wp\/v2\/users\/2"}],"replies":[{"embeddable":true,"href":"https:\/\/grzegorzjaszczura.pl\/index.php?rest_route=%2Fwp%2Fv2%2Fcomments&post=16484"}],"version-history":[{"count":100,"href":"https:\/\/grzegorzjaszczura.pl\/index.php?rest_route=\/wp\/v2\/posts\/16484\/revisions"}],"predecessor-version":[{"id":16763,"href":"https:\/\/grzegorzjaszczura.pl\/index.php?rest_route=\/wp\/v2\/posts\/16484\/revisions\/16763"}],"wp:attachment":[{"href":"https:\/\/grzegorzjaszczura.pl\/index.php?rest_route=%2Fwp%2Fv2%2Fmedia&parent=16484"}],"wp:term":[{"taxonomy":"category","embeddable":true,"href":"https:\/\/grzegorzjaszczura.pl\/index.php?rest_route=%2Fwp%2Fv2%2Fcategories&post=16484"},{"taxonomy":"post_tag","embeddable":true,"href":"https:\/\/grzegorzjaszczura.pl\/index.php?rest_route=%2Fwp%2Fv2%2Ftags&post=16484"}],"curies":[{"name":"wp","href":"https:\/\/api.w.org\/{rel}","templated":true}]}}