{"id":16968,"date":"2012-04-26T08:21:39","date_gmt":"2012-04-26T06:21:39","guid":{"rendered":"http:\/\/grzegorzjaszczura.pl\/?p=16968"},"modified":"2012-04-27T09:09:48","modified_gmt":"2012-04-27T07:09:48","slug":"korekta-kapitalizmu-wg-palikota-spotkanie","status":"publish","type":"post","link":"https:\/\/grzegorzjaszczura.pl\/?p=16968","title":{"rendered":"Korekta kapitalizmu wg Palikota &#8211; spotkanie"},"content":{"rendered":"<p style=\"text-align: justify;\"><a href=\"http:\/\/grzegorzjaszczura.pl\/http:\/\/grzegorzjaszczura.pl\/wp-content\/uploads\/2012\/04\/SKMBT_C20312011008170.jpg\"><img loading=\"lazy\" decoding=\"async\" class=\"alignleft size-thumbnail wp-image-16978\" title=\"SKMBT_C20312011008170\" src=\"http:\/\/grzegorzjaszczura.pl\/http:\/\/grzegorzjaszczura.pl\/wp-content\/uploads\/2012\/04\/SKMBT_C20312011008170-150x150.jpg\" alt=\"\" width=\"150\" height=\"150\" \/><\/a>Od razu zaznaczam, \u017ce tym razem to nie by\u0142o spotkanie czy starcie <strong><span style=\"color: #ff0000;\">Nowej<\/span> <span style=\"color: #0000ff;\">Prawicy<\/span><\/strong> z tym nowym, skrajnie lewicowym, ruchem na polskiej scenie politycznej. To tak <em>a propos <\/em>s\u0142ynnego pojedynku <strong>Janusza Korwin-Mikke<\/strong> z <strong>Januszem Palikotem<\/strong> na ringu &#8211; 10 rund, przed ostatnimi wyborami, kiedy to jeszcze pseudodemokratyczne <span style=\"color: #ff0000;\"><strong>OKW<\/strong><\/span> nie zd\u0105\u017cy\u0142y pozbawi\u0107 nas mo\u017cliwo\u015bci<!--more--> uczestniczenia w tej demokratycznej <a href=\"http:\/\/grzegorzjaszczura.pl\/?p=12769#more-12769\"><strong>szopce wyborczej<\/strong><\/a>. Po prostu cz\u0142onek oddzia\u0142u d\u0105browskiego <strong>K<span style=\"color: #ff0000;\">N<\/span><span style=\"color: #0000ff;\">P<\/span><\/strong> kol. <strong>Tomasz Forto\u0144ski<\/strong>, zaszczyci\u0142 swoj\u0105 obecno\u015bci\u0105 spotkanie pos\u0142\u00f3w <span style=\"color: #ff0000;\"><strong>Ruchu Palikota<\/strong><\/span>, czyli takiej <span style=\"color: #ff0000;\">Samoobrony Miejskiej<span style=\"color: #000000;\">, m.in.<\/span> <\/span>ze studentami U\u015a na Wydziale Nauk Spo\u0142ecznych. Jego spostrze\u017cenia i opis spotkania zamieszcz\u0119 w ca\u0142o\u015bci. Niew\u0105tpliwie b\u0119dzie to nowe prze\u017cycie dla <span style=\"color: #0000ff;\"><strong>Szanownych Czytelniczek<\/strong><\/span> i <strong><span style=\"color: #0000ff;\">Czytelnik\u00f3w<\/span><\/strong> tego bloga.<\/p>\n<p style=\"text-align: justify;\"><span style=\"color: #0000ff;\"><a href=\"http:\/\/grzegorzjaszczura.pl\/http:\/\/grzegorzjaszczura.pl\/wp-content\/uploads\/2012\/04\/DSC00174.jpg\"><img loading=\"lazy\" decoding=\"async\" class=\"alignleft size-thumbnail wp-image-17006\" title=\"DSC00174\" src=\"http:\/\/grzegorzjaszczura.pl\/http:\/\/grzegorzjaszczura.pl\/wp-content\/uploads\/2012\/04\/DSC00174-150x120.jpg\" alt=\"\" width=\"150\" height=\"120\" \/><\/a>&#8222;Dnia 24 kwietnia bie\u017c\u0105cego roku, na Wydziale Nauk Spo\u0142ecznych Uniwersytetu \u015al\u0105skiego, mia\u0142a miejsce debata polityczna z udzia\u0142em przedstawicieli <strong><span style=\"color: #ff0000;\">Ruchu Palikota<\/span><\/strong>. Swoj\u0105 obecno\u015bci\u0105 publiczno\u015b\u0107 zaszczycili mi\u0119dzy innymi: przewodnicz\u0105cy <strong>Janusz Palikot<\/strong>, rzecznik prasowy <strong>Andrzej Rozenek<\/strong>, pose\u0142 <strong>Jerzy Borkowski<\/strong> czy cho\u0107by nie tak ju\u017c nowy nabytek <span style=\"color: #ff0000;\">RPP<\/span> \u2013<strong> \u0141ukasz Giba\u0142a<\/strong>. <strong>Temat debaty stanowi\u0142a ,,korekta kapitalizmu\u2019\u2019.<\/strong> Temat niezwyk\u0142e kontrowersyjny dla ka\u017cdego prawdziwego wolno\u015bciowca. Ludzie powiadaj\u0105 by nie ocenia\u0107 ksi\u0105\u017cki po ok\u0142adce. B\u0105d\u017amy wi\u0119c z tym w zgodzie\u00a0 i przyjrzyjmy si\u0119 bli\u017cej co ,,autor chcia\u0142 przez to powiedzie\u0107\u2019\u2019. <\/span><\/p>\n<p style=\"text-align: justify;\"><span style=\"color: #0000ff;\">Jako pierwszy g\u0142os zabra\u0142 <strong>Janusz Palikot<\/strong>. Zacz\u0105\u0142 w typowym dla siebie stylu. Ot\u00f3\u017c oznajmi\u0142 zgromadzonym, \u017ce w roku 1991 <em>,,\u015bni\u0142 o raju w Polsce\u2019\u2019<\/em> \u2013 przed narodem <em>,,uwolnionym\u2019\u2019 <\/em>ze szpon komunizmu, przyjmuj\u0105cym system demokratyczny\u00a0 otwieraj\u0105 si\u0119 wspania\u0142e perspektywy. Sen jednak po 20 latach prys\u0142 (dziwne, \u017ce tak p\u00f3\u017ano;\u00a0 czemu nie np. jak by\u0142 pos\u0142em z ramienia <span style=\"color: #ff6600;\"><strong>PO<\/strong><\/span>), a szara polska rzeczywisto\u015b\u0107 okazuje si\u0119 naprawd\u0119 coraz bardziej szara. Stopa bezrobocia w Polsce w Polsce w roku 1991 wynosi\u0142a jak przytacza 26% (chyba troch\u0119 przesadzone), by w roku \u00a02011, wliczaj\u0105c emigracj\u0119 zarobkow\u0105 wynie\u015b\u0107 tyle samo.<\/span><\/p>\n<p style=\"text-align: justify;\"><span style=\"color: #0000ff;\"> Palikot stawia fundamentalne pytanie \u2013 co doprowadzi\u0142o do tego stanu rzeczy i jak mo\u017cna to zmieni\u0107? Ano wed\u0142ug niego sprawc\u0105 problemu jest system kapitalistyczny, kt\u00f3ry nale\u017cy poprawi\u0107. Zatrzymajmy si\u0119 jednak na chwil\u0119 przy kapitalizmie by wyja\u015bni\u0107 par\u0119 kwestii. <strong>Ot\u00f3\u017c czy je\u015bli chodzi o grunt polski, czy wypada nazywa\u0107 ten system ekonomiczny, kt\u00f3ry dzisiaj mamy kapitalizmem?<\/strong> Od czasu przyj\u0119cia Planu Balcerowicza, coraz bardziej oddalamy si\u0119 od przyj\u0119tej 23 grudnia 1988 ustawy <strong>Wilczka<\/strong>.<\/span><\/p>\n<p style=\"text-align: justify;\"><span style=\"color: #0000ff;\"> <strong>Robert Gwiazdowski <\/strong>m\u00f3wi o tym tak: <em>,,Ustawa o dzia\u0142alno\u015bci gospodarczej, zwana ustaw\u0105 Wilczka, uchwalona jeszcze za komuny w grudniu 1988 r., stwierdza\u0142a, \u017ce &#8222;podejmowanie i prowadzenie dzia\u0142alno\u015bci gospodarczej jest wolne i dozwolone ka\u017cdemu na r\u00f3wnych prawach&#8221;<\/em>. <strong>P\u00f3\u017aniej by\u0142o ju\u017c tylko gorzej:<\/strong> kolejne regulacje, ograniczenia, koncesje, zezwolenia w my\u015bl typowej raczej dla komunizmu, a nie budowanego rzekomo kapitalizmu, zasady post\u0119powania z prywaciarzami: <em>&#8222;trzeba ich tolerowa\u0107, ale nale\u017cy trzyma\u0107 kr\u00f3tko\u2019\u2019<\/em>. <\/span><\/p>\n<p style=\"text-align: justify;\"><span style=\"color: #0000ff;\">Doprowadzi\u0142o to do tego, \u017ce Polska obecnie plasuje si\u0119 w si\u00f3dmej dziesi\u0105tce kraj\u00f3w z najwy\u017cszym wska\u017anikiem wolno\u015bci gospodarczej, w kategorii <em>,,W zasadzie bez wolno\u015bci\u2019\u2019<\/em>. Je\u015bli chodzi o skomplikowanie systemu podatkowego, jest to miejsce 128. Wyniki m\u00f3wi\u0105 same za siebie. Natur\u0119 tego systemu dobrze okre\u015bla redaktor <strong>Stanis\u0142aw Michalkiewicz<\/strong>, nazywaj\u0105c go <strong>kapitalizmem kompradorskim<\/strong>, zaprojektowanym z my\u015bl\u0105 o odnalezieniu si\u0119 w nowej rzeczywisto\u015bci by\u0142ej elicie <span style=\"color: #ff0000;\">PZPR-u<\/span>, bezpieczniakom, agentom czy innym towarzyszom. Przy obecnym stopniu interwencjonizmu i ingerencji biurokracji w gospodark\u0119 z pewno\u015bci\u0105 nie mo\u017cemy m\u00f3wi\u0107 o modelowym kapitalizmie. Jedn\u0105 z niewielu pozytywnych reform rz\u0105du<span style=\"color: #ff6600;\"> PO<\/span>&#8211;<span style=\"color: #00ff00;\">PSL<\/span>, wydaje si\u0119 by\u0107 projektowana deregulacja zawod\u00f3w. Jednak <strong>Janusz Palikot<\/strong> nie wierzy w <span style=\"text-decoration: underline;\">to by deregulacja i u\u0142atwienie zak\u0142adania firm mog\u0142o wp\u0142yn\u0105\u0107 na zmniejszenie bezrobocia<\/span> (!!!!). <strong>Te s\u0142owa wydaj\u0105 si\u0119 by\u0107 istnym kuriozum. <\/strong>Brzmi\u0105 do\u015b\u0107 dziwacznie w ustach rzekomego libera\u0142a. Takie co\u015b mo\u017ce m\u00f3wi\u0107 albo cz\u0142owiek nie znaj\u0105cy podstaw ekonomii, albo to drugie pewniejsze, cz\u0142owiek broni\u0105cy za wszelk\u0105 cen\u0119 uk\u0142adu, kt\u00f3ry panuj\u0119 w wielu bran\u017cach, np. w s\u0105downictwie, gdzie cz\u0142onkowie rodzin tworz\u0105 ju\u017c praktycznie arystokratyczne rody, z dziedzicznymi tytu\u0142ami. Uwa\u017ca, \u017ce klasyczny wolny rynek nie jest w stanie zmieni\u0107 rzeczywisto\u015bci (XIX-wieczna Anglia i USA i XX-wieczna Hiszpania i Chile chyba jednak to pokaza\u0142y), w zamian proponuje coraz wi\u0119ksz\u0105 ingerencj\u0119 pa\u0144stwa i jego odwa\u017cn\u0105 rol\u0119 kierownicz\u0105 (Keynsizm si\u0119 k\u0142ania). Przyk\u0142adem musi by\u0107 silna ingerencja w bran\u017ce innowacji technologicznej (pa\u0144stwo te\u017c silnie ingerowa\u0142o w poczynania Kopernika, albo badania Curie-Sk\u0142odowskiej?) czy cho\u0107by ustalanie plan\u00f3w gospodarczych oraz cen na polskie p\u0142ody rolne przez Agencj\u0119 Modernizacji Rolnictwa (powr\u00f3t <span style=\"color: #ff0000;\">PRL<\/span>?, mo\u017ce jeszcze <span style=\"color: #ff0000;\">kolektywizacja<\/span>?). <strong>Korekta kapitalizmu ma polega\u0107 tak\u017ce na dofinansowywaniu pa\u0144stwowych firm. Tak ma wygl\u0105da\u0107 w skr\u00f3cie owa korekta wed\u0142ug Palikota.<\/strong><\/span><\/p>\n<p style=\"text-align: justify;\"><span style=\"color: #0000ff;\"> Kolejny m\u00f3wca \u2013 <strong>Andrzej Rozenek<\/strong> skupi\u0142 si\u0119 w swym wyst\u0105pieniu na problemie budowy elektrowni atomowej w Polsce, co nie powinno dziwi\u0107, gdy\u017c sam Palikot jak deklaruje ma zabarwienie<span style=\"color: #339966;\"> zielone<\/span>, a tak\u017ce <strong><span style=\"color: #ff0000;\">RPP<\/span><\/strong> wsp\u00f3\u0142pracuje na tym polu z organizacjami ekonazistowskimi (<strong><span style=\"color: #339966;\">Zieloni 2004<\/span><\/strong>). Rozenek zacz\u0105\u0142 od przywo\u0142ania s\u0142\u00f3w Pawlaka z 2007, kt\u00f3re dotyczy\u0142y obecno\u015bci w ka\u017cdej gminie biogazowni, a kt\u00f3re do tej pory nie zosta\u0142y zrealizowane. Wed\u0142ug Rozenka\u00a0 energia ze \u017ar\u00f3de\u0142 odnawialnych nap\u0119dzi nasz\u0105 gospodark\u0119 (a mo\u017ce gospodark\u0119 kraj\u00f3w, w kt\u00f3rych b\u0119dziemy kupowa\u0107 np. turbiny do wiatrak\u00f3w?), i zapewni kilkaset tysi\u0119cy miejsc pracy. Elektrownia atomowa stanowi jak to pokaza\u0142 przyk\u0142ad Czarnobyla i Fukuszimy, zagro\u017cenie dla cz\u0142owieka, jak i \u015brodowiska w kt\u00f3rym \u017cyje! Jest to jak uj\u0105\u0142 <em>,,tykaj\u0105ca bomba atomowa\u2019\u2019<\/em> (nawiasem m\u00f3wi\u0105c, gdyby\u015bmy tak\u0105 bomb\u0119 mieli na wyposa\u017ceniu armii nasza pozycja mi\u0119dzynarodowa oraz mo\u017cliwo\u015b\u0107 prowadzenia polityki zagranicznej wygl\u0105da\u0142aby zupe\u0142nie inaczej). Zobrazowa\u0142 to plastycznie przyk\u0142adem, w kt\u00f3rym twierdzi, \u017ce je\u015bli 1 na 200 wind by si\u0119 urywa\u0142a, on by do niej nie wsiad\u0142 (a co gdyby mieszka\u0142 na 15-20 pi\u0119trze?). S\u0105dzi, \u017ce <span style=\"color: #ff0000;\">Unia<\/span> prowadzi polityk\u0119 walki z CO2 by by\u0107 konkurencyjna wobec np. Chin (!!!). <strong>Powo\u0142uje si\u0119 na referendum w miejscu planowania budowy, w kt\u00f3rym ludzie opowiedzieli si\u0119 przeciw<\/strong> (b\u0119dzie tak z ka\u017cdym miejscem)<strong>. Ciekawe, \u017ce w tym wzgl\u0119dzie pos\u0142owie Palikota powo\u0142uj\u0105 si\u0119 na wol\u0119 ludu, a np. w sprawie emerytur ju\u017c nie. <\/strong>Taka to jest w Polsce demokracja. Tak\u017ce wed\u0142ug Rozenka przysz\u0142o\u015bci\u0105 dla naszej gospodarki jest odej\u015bcie od w\u0119gla na rzecz wody, wiatrak\u00f3w czy biogazowni. (<em><strong>przecie\u017c odej\u015bcie od w\u0119gla przez przyj\u0119cie pakietu klimatycznego spowoduje zapa\u015b\u0107 gospodarki<\/strong><\/em><strong>!<\/strong>).<\/span><\/p>\n<p style=\"text-align: justify;\"><span style=\"color: #0000ff;\"> Nast\u0119pny prelegent &#8211; <strong>Jerzy Borkowski<\/strong>, swoje wyst\u0105pienie ograniczy\u0142 do stwierdzenia, \u017ce dzia\u0142acze <strong><span style=\"color: #ff0000;\">RPP<\/span><\/strong> s\u0105 <em>,,odmienni pozytywnie\u2019\u2019<\/em>, o czym \u015bwiadczy wynik wybor\u00f3w (bardzo wylewny ten nasz pose\u0142 z <span style=\"color: #00ff00;\"><strong>Zag\u0142\u0119bia<\/strong><span style=\"color: #0000ff;\">)<\/span><\/span><span style=\"color: #0000ff;\">.<\/span><\/span><\/p>\n<p style=\"text-align: justify;\"><span style=\"color: #0000ff;\"> Ca\u0142o\u015b\u0107 zamkn\u0105\u0142 pose\u0142 <strong>Giba\u0142a<\/strong>, kt\u00f3ry na tle wcze\u015bniejszych przedm\u00f3wc\u00f3w wypad\u0142 chyba najlepiej. Cho\u0107 s\u0142uchaj\u0105c jego wyst\u0105pienia odnios\u0142em wra\u017cenie pewnej sprzeczno\u015bci mi\u0119dzy nim a np. Palikotem. Giba\u0142a przytaczaj\u0105c wspomniane przeze mnie statystyki, udowadnia \u017ce polska gospodarka potrzebuje wi\u0119kszej wolno\u015bci, co znacznie odbiega od tego co wyg\u0142osi\u0142 wcze\u015bniej przewodnicz\u0105cy <span style=\"color: #ff0000;\">RPP<\/span>. Zauwa\u017ca, \u017ce poda\u017c miejsc pracy zale\u017cy od kondycji gospodarki, a ta jest odwrotnie proporcjonalna do stopnia etatyzmu. Postuluje: &#8211; 3 miesi\u0119czne ulgi podatkowe dla nowopowsta\u0142ych firm, 60-dniow\u0105 milcz\u0105c\u0105 zgod\u0119 czy prawo do b\u0142\u0119dnej interpretacji.<\/span><\/p>\n<p style=\"text-align: justify;\"><span style=\"color: #0000ff;\"> Podobnie jak Palikot akcentuje konieczno\u015b\u0107 innowacyjno\u015bci naszej gospodarki, wobec braku jej konkurencyjno\u015bci je\u015bli chodzi o koszty robocizny. Oczywi\u015bcie podobnie jak pan Palikot, pose\u0142 Giba\u0142a nie pe\u0142ni mandatu pierwsz\u0105 kadencj\u0119 (w czasie VI kadencji mia\u0142 ca\u0142e cztery lata, na walk\u0119 o swoje idee w szeregach <span style=\"color: #ff9900;\">PO<\/span>). <\/span><\/p>\n<p style=\"text-align: justify;\"><span style=\"color: #0000ff;\">Dla Palikota to jest ju\u017c 3 kadencja i nawet b\u0119d\u0105c cz\u0142onkiem komisji <em><strong>,,Przyjazne Pa\u0144stwo\u2019\u2019<\/strong><\/em> (mia\u0142a walczy\u0107 z biurokracj\u0105 a powsta\u0142o nowe 150 tys. posad), nie zdzia\u0142a\u0142 za du\u017co na tym polu. Po tych wyst\u0105pieniach przyszed\u0142 czas na pytania od publiczno\u015bci.<\/span><\/p>\n<p style=\"text-align: justify;\"><span style=\"color: #0000ff;\"> Znamienne by\u0142o pytanie o maso\u0144skie pochodzenie <strong><span style=\"color: #ff0000;\">RPP<\/span><\/strong>, kt\u00f3re zosta\u0142o przez zaproszonych dzia\u0142aczy tej partii zlekcewa\u017cone. Poniewa\u017c nast\u0105pi\u0142o u mnie znu\u017cenie wywodami cz\u0142onk\u00f3w <span style=\"color: #ff0000;\"><strong>RPP<\/strong><\/span> opu\u015bci\u0142em sal\u0119 przed czasem.<\/span><\/p>\n<p style=\"text-align: right;\"><span style=\"color: #0000ff;\"><strong>Tomasz Forto\u0144ski<\/strong>&#8221;<br \/>\n<\/span><\/p>\n","protected":false},"excerpt":{"rendered":"<p>Od razu zaznaczam, \u017ce tym razem to nie by\u0142o spotkanie czy starcie Nowej Prawicy z tym nowym, skrajnie lewicowym, ruchem na polskiej scenie politycznej. To tak a propos s\u0142ynnego pojedynku Janusza Korwin-Mikke z Januszem Palikotem na ringu &#8211; 10 rund, przed ostatnimi wyborami, kiedy to jeszcze pseudodemokratyczne OKW nie zd\u0105\u017cy\u0142y pozbawi\u0107 nas mo\u017cliwo\u015bci<\/p>\n","protected":false},"author":2,"featured_media":0,"comment_status":"open","ping_status":"open","sticky":false,"template":"","format":"standard","meta":{"_monsterinsights_skip_tracking":false,"_monsterinsights_sitenote_active":false,"_monsterinsights_sitenote_note":"","_monsterinsights_sitenote_category":0,"footnotes":""},"categories":[3],"tags":[],"class_list":["post-16968","post","type-post","status-publish","format-standard","hentry","category-polityczne"],"_links":{"self":[{"href":"https:\/\/grzegorzjaszczura.pl\/index.php?rest_route=\/wp\/v2\/posts\/16968","targetHints":{"allow":["GET"]}}],"collection":[{"href":"https:\/\/grzegorzjaszczura.pl\/index.php?rest_route=\/wp\/v2\/posts"}],"about":[{"href":"https:\/\/grzegorzjaszczura.pl\/index.php?rest_route=\/wp\/v2\/types\/post"}],"author":[{"embeddable":true,"href":"https:\/\/grzegorzjaszczura.pl\/index.php?rest_route=\/wp\/v2\/users\/2"}],"replies":[{"embeddable":true,"href":"https:\/\/grzegorzjaszczura.pl\/index.php?rest_route=%2Fwp%2Fv2%2Fcomments&post=16968"}],"version-history":[{"count":47,"href":"https:\/\/grzegorzjaszczura.pl\/index.php?rest_route=\/wp\/v2\/posts\/16968\/revisions"}],"predecessor-version":[{"id":17067,"href":"https:\/\/grzegorzjaszczura.pl\/index.php?rest_route=\/wp\/v2\/posts\/16968\/revisions\/17067"}],"wp:attachment":[{"href":"https:\/\/grzegorzjaszczura.pl\/index.php?rest_route=%2Fwp%2Fv2%2Fmedia&parent=16968"}],"wp:term":[{"taxonomy":"category","embeddable":true,"href":"https:\/\/grzegorzjaszczura.pl\/index.php?rest_route=%2Fwp%2Fv2%2Fcategories&post=16968"},{"taxonomy":"post_tag","embeddable":true,"href":"https:\/\/grzegorzjaszczura.pl\/index.php?rest_route=%2Fwp%2Fv2%2Ftags&post=16968"}],"curies":[{"name":"wp","href":"https:\/\/api.w.org\/{rel}","templated":true}]}}