{"id":17185,"date":"2012-05-14T11:46:55","date_gmt":"2012-05-14T09:46:55","guid":{"rendered":"http:\/\/grzegorzjaszczura.pl\/?p=17185"},"modified":"2012-05-14T15:48:26","modified_gmt":"2012-05-14T13:48:26","slug":"falsz-socjalizmu-bezplatna-sluzba-zdrowia","status":"publish","type":"post","link":"https:\/\/grzegorzjaszczura.pl\/?p=17185","title":{"rendered":"Fa\u0142sz socjalizmu &#8211; bezp\u0142atna s\u0142u\u017cba zdrowia"},"content":{"rendered":"<p style=\"text-align: justify;\"><span style=\"color: #000000;\"><a href=\"http:\/\/grzegorzjaszczura.pl\/http:\/\/grzegorzjaszczura.pl\/wp-content\/uploads\/2012\/05\/DSC001741.jpg\"><img loading=\"lazy\" decoding=\"async\" class=\"alignleft size-thumbnail wp-image-17285\" title=\"DSC00174\" src=\"http:\/\/grzegorzjaszczura.pl\/http:\/\/grzegorzjaszczura.pl\/wp-content\/uploads\/2012\/05\/DSC001741-150x120.jpg\" alt=\"\" width=\"150\" height=\"120\" \/><\/a>W uzupe\u0142nieniu mojego anonsu z wpisu po\u015bwi\u0119conego ostatniemu <strong><a href=\"http:\/\/grzegorzjaszczura.pl\/?p=17215#more-17215\">zebraniu oddzia\u0142u d\u0105browskiego<\/a><\/strong> <strong>Kongresu <span style=\"color: #ff0000;\">Nowej<\/span> <span style=\"color: #0000ff;\">Prawicy<\/span><\/strong><span style=\"color: #000000;\">,<\/span> opis fa\u0142szu socjalizmu, tak powszechnego w <span style=\"color: #ff0000;\">mainstreamowych mediach<\/span>.<\/span><\/p>\n<p style=\"text-align: justify;\"><span style=\"color: #000000;\"> Zebra\u0142 w artyku\u0142 zatytu\u0142owany <span style=\"color: #0000ff;\"><em><strong>Mit bezp\u0142atnej s\u0142u\u017cby zdrowia i szkolnictwa <\/strong><\/em><span style=\"color: #000000;\">kol. <strong>Tomasz Forto\u0144ski<\/strong>:<!--more--><\/span><em><strong><br \/>\n<\/strong><\/em><\/span><\/span><\/p>\n<p style=\"text-align: justify;\"><span style=\"color: #0000ff;\">&#8222;<strong>Jeden z najwa\u017cniejszych postulat\u00f3w<\/strong> g\u0142oszonych przez ludzi pokroju tow. Bogus\u0142awa Zi\u0119tka (<span style=\"color: #ff0000;\">PPP<\/span>) <strong>to<\/strong> <strong>walka<\/strong> <strong>o<\/strong> tzw. <strong>powszechn\u0105, bezp\u0142atn\u0105 s\u0142u\u017cb\u0119 zdrowia<\/strong>, jak i edukacj\u0119 na ka\u017cdym szczeblu. Ale nie tylko <span style=\"color: #ff0000;\">trocki\u015bci<\/span> <span style=\"color: #000000;\">(przyk\u0142adowo J. Kuro\u0144 (<\/span><span style=\"color: #ff0000;\">PZPR<\/span>, <span style=\"color: #800080;\">UW<\/span><span style=\"color: #000000;\">) &#8211; przyp. m\u00f3j)<\/span>, postawili taki cel przed sob\u0105. Nie b\u0119d\u0119 tu wylicza\u0142 z oczywistych (ideologicznych) wzgl\u0119d\u00f3w pozosta\u0142ych odmian czerwieni, gdy\u017c je\u015bli je co\u015b r\u00f3\u017cni w tej kwestii, to s\u0105 to tylko r\u00f3\u017cnice kosmetyczne. Natomiast tym, co <strong>mnie niezwykle elektryzuje,<\/strong> jest stosunek do tego problemu obecnych partii politycznych, deklaruj\u0105cych swoj\u0105 prawicowo\u015b\u0107. Okazuje si\u0119 on by\u0107 bardzo zbie\u017cny z tym, co g\u0142osi szeroko poj\u0119ta lewica (otwart\u0105 kwesti\u0105 pozostaje tutaj niezrozumienie fa\u0142szywo\u015bci poj\u0119cia czy, co bardziej mo\u017cliwe \u2013 ugranie wi\u0119kszego kapita\u0142u wyborczego). <strong>Czym jest tak naprawd\u0119 ta idea? Szlachetnym celem wpisuj\u0105cym si\u0119 w realizacj\u0119 sprawiedliwo\u015bci spo\u0142ecznej, czy mo\u017ce tylko zwyk\u0142ym, populistycznym k\u0142amstwem, za kt\u00f3rym g\u0142osuj\u0105 miliony?<\/strong><\/span><\/p>\n<p style=\"text-align: justify;\"><span style=\"color: #0000ff;\"> Najsampierw rozwa\u017cmy ow\u0105 rzekom\u0105 bezp\u0142atno\u015b\u0107. <strong>Je\u017celi m\u00f3wimy o czym\u015b, \u017ce co jest darmowe, to mamy na my\u015bli nieodp\u0142atno\u015b\u0107 tego dobra, czy tej us\u0142ugi. Czy w zwi\u0105zku z tym mo\u017cemy tak m\u00f3wi\u0107 o pa\u0144stwowych szpitalach i plac\u00f3wkach o\u015bwiatowych? Ot\u00f3\u017c <span style=\"text-decoration: underline;\">zdecydowanie<\/span> NIE!!!<\/strong> Wyobra\u017amy sobie tak\u0105 oto sytuacj\u0119: zdenerwowany rodzic wraca z wywiad\u00f3wki i wytyka swojej pociesze brak ch\u0119ci do nauki, pomimo \u017ce rodzina nie musi za ni\u0105 p\u0142aci\u0107.<\/span><\/p>\n<p style=\"text-align: justify;\"><span style=\"color: #0000ff;\"> Sk\u0105d takie prze\u015bwiadczenie? Ano bierze si\u0119 to z prostej przyczyny. Spory odsetek ludzi po prostu nie zdaje sobie sprawy &#8211; nie rozumie, w jaki spos\u00f3b dzia\u0142a system podatkowy. <strong>Z jednej strony narzekaj\u0105 na wysokie podatki, by za chwile cieszy\u0107 si\u0119 z darmowych bada\u0144\u2026<\/strong> <\/span><\/p>\n<p style=\"text-align: justify;\"><span style=\"color: #0000ff;\"><strong>Milton Friedman<\/strong> mawia\u0142 &#8211; <strong>,,<em>There\u2019s no such thing as a free lunch&#8221;<\/em><\/strong> (Nie istnieje co\u015b takiego jak darmowe obiady). \u00a0<strong>Jest rzecz\u0105 zrozumia\u0142\u0105, \u017ce daniny kt\u00f3re p\u0142acimy pa\u0144stwu (<span style=\"color: #ff0000;\">PIT<\/span>, <span style=\"color: #ff0000;\">CIT<\/span>, <span style=\"color: #ff0000;\">Vat<\/span>, <span style=\"color: #ff0000;\">akcyza<\/span>, <span style=\"color: #ff0000;\">c\u0142o<\/span>) tworz\u0105 bud\u017cet, z kt\u00f3rego z naszych pieni\u0119dzy finansowane jest funkcjonowanie ,,bezp\u0142atnej s\u0142u\u017cby zdrowia i o\u015bwiaty\u2019\u2019.<\/strong><\/span><\/p>\n<p style=\"text-align: justify;\"><span style=\"color: #0000ff;\"> W 2011 na t\u0105 s\u0142u\u017cb\u0119 wydano oko\u0142o 8,5mld z\u0142otych (<a href=\"http:\/\/prawo.legeo.pl\/prawo\/ustawa-budzetowa-na-rok-2011-z-dnia-20-stycznia-2011-r\/zal2\/\">http:\/\/prawo.legeo.pl\/prawo\/ustawa-budzetowa-na-rok-2011-z-dnia-20-stycznia-2011-r\/zal2\/<\/a>), wydatki na edukacj\u0119 narodow\u0105 wynios\u0142y 37mld (<a href=\"http:\/\/bip.men.gov.pl\/index.php?option=com_content&amp;view=category&amp;layout=blog&amp;id=31&amp;Itemid=22\">http:\/\/bip.men.gov.pl\/index.php?option=com_content&amp;view=category&amp;layout=blog&amp;id=31&amp;Itemid=22<\/a>),\u00a0 a na szkolnictwo wy\u017csze \u2013 \u00a0ponad 11mld z\u0142 (<a href=\"http:\/\/bip.men.gov.pl\/index.php?option=com_content&amp;view=category&amp;layout=blog&amp;id=31&amp;Itemid=22\">http:\/\/prawo.legeo.pl\/prawo\/ustawa-budzetowa-na-rok-2011-z-dnia-20-stycznia-2011-r\/zal2\/<\/a>).<\/span><\/p>\n<p style=\"text-align: justify;\"><span style=\"color: #0000ff;\"> Ka\u017cdy z nas czy si\u0119 uczy czy nie, czy ma dzieci czy nie (je\u015bli ich nie ma, to czemu ma p\u0142aci\u0107 za kogo\u015b?), czy jest chory czy nie \u2013 jest obci\u0105\u017cony kosztami funkcjonowania tych plac\u00f3wek.\u00a0 Dodatkowy przymus ubezpiecze\u0144 spo\u0142ecznych (emerytalnych poniek\u0105d r\u00f3wnie\u017c) powoduje, \u017ce ludzie pozbawieni swobody dysponowania w\u0142asnymi pieni\u0119dzmi, staj\u0105 si\u0119 umieraj\u0105cymi w kolejkach niewolnikami, pozbawionymi \u015brodk\u00f3w na prywatne lecznictwo. Nie musz\u0119 chyba dodawa\u0107, \u017ce <strong>s\u0105 to wymarzone warunki do rozwoju korupcji<\/strong>, w sytuacji gdy o kolejno\u015bci operowanych decyduje zasobno\u015b\u0107 koperty. Jest to precedens w\u0105tpliwie moralny podobnie jak \u015bwiadomo\u015b\u0107, \u017ce nasze pieni\u0105dze utrzymuj\u0105 szko\u0142y (nawet gdy nie mamy potomstwa), w kt\u00f3rych o tym, czego si\u0119 naucza decyduje Ministerstwo Edukacji Narodowej (nawet program dla szk\u00f3\u0142 prywatnych zatwierdza minister!!!). Co w po\u0142\u0105czeniu z przymusem ucz\u0119szczania do szko\u0142y (to czyje tak naprawd\u0119 jest dziecko? pa\u0144stwa?) powoduje, \u017ce<strong> dzieci od ma\u0142ego s\u0105 poddawane systematycznej indoktrynacji<\/strong>, bez rozpoznania indywidualnych predyspozycji i mo\u017cliwo\u015bci (urz\u0119dnik przecie\u017c wie to lepiej).<\/span><\/p>\n<p style=\"text-align: justify;\"><span style=\"color: #0000ff;\"> <strong>Zwa\u017cywszy na fakt, \u017ce ju\u017c tak\u017ce w szko\u0142ach poprawno\u015b\u0107 polityczna usadowi\u0142a si\u0119 bardzo mocno (pami\u0119tam z autopsji nachaln\u0105 wr\u0119cz europropagand\u0119) oraz celowe ,,nie realizowanie z braku godzin\u2019\u2019 lekcji XX-wiecznej historii Polski (podstawa prze\u0142adowana nieistotnymi tematami), co w po\u0142\u0105czeniu z rozlu\u017anieniem dyscypliny i obyczaj\u00f3w, skutkuje produkcj\u0105 ,,wsp\u00f3\u0142czesnych Europejczyk\u00f3w\u2019\u2019, pozbawionych sztuki krytycznego my\u015blenia oraz w\u0142asnej to\u017csamo\u015bci.<\/strong> Oto ca\u0142y sekret tego systemu.<\/span><\/p>\n<p style=\"text-align: justify;\"><span style=\"color: #0000ff;\"><strong>Wobec powy\u017cszych rozwa\u017ca\u0144 jest oczywiste, \u017ce bezp\u0142atna s\u0142u\u017cba zdrowia i szkolnictwo jest zwyk\u0142ym mitem i k\u0142amstwem, g\u0142oszonym w celach czysto wyborczych, a tak\u017ce ideologicznych, polegaj\u0105cych na realizacji wsp\u00f3\u0142czesnej wizji <em><span style=\"color: #ff0000;\">homo sovieticusa<\/span>.<\/em> <\/strong>Nast\u0119pstwem tego jest post\u0119puj\u0105ca ingerencja biurokracji w \u017cycie cz\u0142owieka, co skutkuje ograniczeniem mo\u017cliwo\u015bci podejmowania przez niego decyzji, a czego konsekwencj\u0105 staje si\u0119 narastanie systemu niewolniczego. <\/span><\/p>\n<p style=\"text-align: justify;\"><span style=\"color: #0000ff;\">Gdyby kto\u015b jeszcze pr\u00f3bowa\u0142 domaga\u0107 si\u0119 przy nas tego co stanowi tytu\u0142 niniejszego artyku\u0142u, zapytajmy takiego delikwenta: <strong>Czy lekarz i nauczyciel otrzymuj\u0105 za swoj\u0105 prac\u0119 zap\u0142at\u0119? <\/strong>Odpowied\u017a pozostawmy bez komentarza.&#8221;<\/span><\/p>\n<p style=\"text-align: justify;\"><strong><span style=\"color: #000000;\">Kr\u00f3tka refleksja: <\/span><\/strong><\/p>\n<p style=\"text-align: justify;\"><span style=\"color: #0000ff;\"><span style=\"color: #000000;\"><a href=\"http:\/\/grzegorzjaszczura.pl\/http:\/\/grzegorzjaszczura.pl\/wp-content\/uploads\/2012\/05\/20100528256.jpg\"><img loading=\"lazy\" decoding=\"async\" class=\"alignleft size-thumbnail wp-image-17361\" title=\"20100528256\" src=\"http:\/\/grzegorzjaszczura.pl\/http:\/\/grzegorzjaszczura.pl\/wp-content\/uploads\/2012\/05\/20100528256-150x150.jpg\" alt=\"\" width=\"150\" height=\"150\" \/><\/a>Lewaki i ludzie bezmy\u015blni, przesi\u0105kni\u0119ci medialn\u0105 lewicow\u0105 papk\u0105, podawan\u0105 im przez lewicowych, niedouczonych dziennikarzy za &#8222;darmo&#8221; do telewizora (radia), ciesz\u0105 si\u0119 tzw. przechy\u0142em w lewo czy to we Francji, czy to w Grecji, nied\u0142ugo u Niemc\u00f3w i dalej. <strong>A ja zastanawiam si\u0119 jak to mo\u017cliwe, \u017ce istniej\u0105ce lewactwo przechyla si\u0119 jeszcze bardziej na lewo?<\/strong> Przecie\u017c przy takim przechyle to ju\u017c powinno waln\u0105\u0107. Fikcyjne pieni\u0105dze drukowane przez polityk\u00f3w, zad\u0142u\u017canie dzieci, kt\u00f3re nie zd\u0105\u017cy\u0142y si\u0119 jeszcze narodzi\u0107, a przy lewackiej rozpustnej moralno\u015bci to nawet si\u0119 nie narodz\u0105 &#8211; to musi waln\u0105\u0107! <\/span><br \/>\n<\/span><\/p>\n","protected":false},"excerpt":{"rendered":"<p>W uzupe\u0142nieniu mojego anonsu z wpisu po\u015bwi\u0119conego ostatniemu zebraniu oddzia\u0142u d\u0105browskiego Kongresu Nowej Prawicy, opis fa\u0142szu socjalizmu, tak powszechnego w mainstreamowych mediach. Zebra\u0142 w artyku\u0142 zatytu\u0142owany Mit bezp\u0142atnej s\u0142u\u017cby zdrowia i szkolnictwa kol. Tomasz Forto\u0144ski:<\/p>\n","protected":false},"author":2,"featured_media":0,"comment_status":"open","ping_status":"open","sticky":false,"template":"","format":"standard","meta":{"_monsterinsights_skip_tracking":false,"_monsterinsights_sitenote_active":false,"_monsterinsights_sitenote_note":"","_monsterinsights_sitenote_category":0,"footnotes":""},"categories":[3],"tags":[],"class_list":["post-17185","post","type-post","status-publish","format-standard","hentry","category-polityczne"],"_links":{"self":[{"href":"https:\/\/grzegorzjaszczura.pl\/index.php?rest_route=\/wp\/v2\/posts\/17185","targetHints":{"allow":["GET"]}}],"collection":[{"href":"https:\/\/grzegorzjaszczura.pl\/index.php?rest_route=\/wp\/v2\/posts"}],"about":[{"href":"https:\/\/grzegorzjaszczura.pl\/index.php?rest_route=\/wp\/v2\/types\/post"}],"author":[{"embeddable":true,"href":"https:\/\/grzegorzjaszczura.pl\/index.php?rest_route=\/wp\/v2\/users\/2"}],"replies":[{"embeddable":true,"href":"https:\/\/grzegorzjaszczura.pl\/index.php?rest_route=%2Fwp%2Fv2%2Fcomments&post=17185"}],"version-history":[{"count":70,"href":"https:\/\/grzegorzjaszczura.pl\/index.php?rest_route=\/wp\/v2\/posts\/17185\/revisions"}],"predecessor-version":[{"id":17367,"href":"https:\/\/grzegorzjaszczura.pl\/index.php?rest_route=\/wp\/v2\/posts\/17185\/revisions\/17367"}],"wp:attachment":[{"href":"https:\/\/grzegorzjaszczura.pl\/index.php?rest_route=%2Fwp%2Fv2%2Fmedia&parent=17185"}],"wp:term":[{"taxonomy":"category","embeddable":true,"href":"https:\/\/grzegorzjaszczura.pl\/index.php?rest_route=%2Fwp%2Fv2%2Fcategories&post=17185"},{"taxonomy":"post_tag","embeddable":true,"href":"https:\/\/grzegorzjaszczura.pl\/index.php?rest_route=%2Fwp%2Fv2%2Ftags&post=17185"}],"curies":[{"name":"wp","href":"https:\/\/api.w.org\/{rel}","templated":true}]}}