{"id":18860,"date":"2012-08-01T04:27:48","date_gmt":"2012-08-01T02:27:48","guid":{"rendered":"http:\/\/grzegorzjaszczura.pl\/?p=18860"},"modified":"2012-08-06T09:30:28","modified_gmt":"2012-08-06T07:30:28","slug":"blekitna-bialorus-zpb","status":"publish","type":"post","link":"https:\/\/grzegorzjaszczura.pl\/?p=18860","title":{"rendered":"b\u0142\u0119kitna Bia\u0142oru\u015b &#8211; ZPB"},"content":{"rendered":"<p style=\"text-align: justify;\"><a href=\"http:\/\/grzegorzjaszczura.pl\/http:\/\/grzegorzjaszczura.pl\/wp-content\/uploads\/2012\/07\/ZPB-7-2.jpg\"><img loading=\"lazy\" decoding=\"async\" class=\"alignleft size-thumbnail wp-image-18994\" title=\"ZPB 7-2\" src=\"http:\/\/grzegorzjaszczura.pl\/http:\/\/grzegorzjaszczura.pl\/wp-content\/uploads\/2012\/07\/ZPB-7-2-150x150.jpg\" alt=\"\" width=\"150\" height=\"150\" \/><\/a>Kilka wpis\u00f3w na blogu dotycz\u0105cych naszego obecnego wschodniego s\u0105siada, czyli <span style=\"color: #33cccc;\"><strong>Bia\u0142orusi<\/strong><\/span>, a diametralnie r\u00f3\u017cni\u0105cych si\u0119 w tre\u015bci od interpretacji fakt\u00f3w zamieszczanych w mainstreamowych mediach, spotka\u0142o si\u0119 z szerokim i bardzo \u017cyczliwym przyj\u0119ciem. Dlatego dzisiaj jeszcze jeden, jakby zaleg\u0142y, wpis tycz\u0105cy si\u0119 <em>stricte<\/em> <strong>Zwi\u0105zku Polak\u00f3w na Bia\u0142orusi<\/strong>, oddzia\u0142u<!--more--> w <strong>Nowogr\u00f3dku<\/strong>.<\/p>\n<p style=\"text-align: justify;\"><span style=\"color: #0000ff;\"><strong>O Zwi\u0105zku Polak\u00f3w na <span style=\"color: #33cccc;\">Bia\u0142orusi<\/span>, oddzia\u0142 w Nowogr\u00f3dku \u2013 troch\u0119 wspomnie\u0144 i refleksji<\/strong><\/span><\/p>\n<p style=\"text-align: justify;\"><span style=\"color: #0000ff;\">&#8222;W relacji z jesiennej wyprawy na Bia\u0142oru\u015b <a href=\"http:\/\/grzegorzjaszczura.pl\/?p=15350#more-15350\"><strong>obieca\u0142am napisa\u0107<\/strong><\/a> jeszcze o Nowogr\u00f3dku, o tutejszym oddziale <strong>Zwi\u0105zku Polak\u00f3w na Bia\u0142orusi<\/strong> (<strong>ZPB<\/strong>). To w\u0142a\u015bnie cz\u0142onkowie tego Zwi\u0105zku tak go\u015bcinnie przyjmowali nas w tym mie\u015bcie, w listopadzie 2011 r. przygotowuj\u0105c na nasze przyj\u0119cie uroczyst\u0105 kolacj\u0119 w <strong>Domu Polskim<\/strong>, pe\u0142n\u0105 smakowito\u015bci uzupe\u0142nionych \u201eBia\u0142oruskim balsamem\u201d. Wszystko to oprawili serdecznym u\u015bmiechem i \u015bpiewami, przeplatanymi opowiadaniem o swojej dzia\u0142alno\u015bci, zw\u0142aszcza o przedmiocie szczeg\u00f3lnej dumy \u2013 zespole <strong>\u201e\u015awitezianka\u201d<\/strong>.<\/span><\/p>\n<p style=\"text-align: justify;\"><strong><span style=\"color: #0000ff;\">W rozmowie da\u0142o si\u0119 odczu\u0107 gor\u0105c\u0105 dba\u0142o\u015b\u0107 o zachowanie polskich korzeni i to\u017csamo\u015bci, o popularyzacj\u0119 j\u0119zyka polskiego, polskiej kultury i tradycji narodowej, ale tak\u017ce poszanowanie kultury bia\u0142oruskich s\u0105siad\u00f3w i pa\u0144stwa, w kt\u00f3rym przysz\u0142o im \u017cy\u0107. Marzy\u0142aby si\u0119 podobna lojalno\u015b\u0107 mniejszo\u015bci narodowych w Polsce wobec nas i naszego pa\u0144stwa!<\/span><\/strong><\/p>\n<p style=\"text-align: justify;\"><span style=\"color: #0000ff;\">Po tym jesiennym spotkaniu pozosta\u0142o we mnie przekonanie, \u017ce <strong>ZPB<\/strong> i jego dzia\u0142acze to \u017cywy pomost mi\u0119dzy naszymi narodami \u2013 bardzo wa\u017cny dla nas, Polak\u00f3w, poniewa\u017c <strong>Bia\u0142orusini to<\/strong> nie tylko nasi s\u0105siedzi, ale i <strong>najbli\u017csi s\u0142owia\u0144scy bracia<\/strong>. Tymczasem dzia\u0142aczom <strong>ZPB<\/strong> trudno jest pe\u0142ni\u0107 skutecznie swoj\u0105 misj\u0119, poniewa\u017c&#8230; nie otrzymuj\u0105 od w\u0142adz naszego kraju zgody na odwiedzenie Polski. Mam nadziej\u0119, \u017ce ta niezrozumia\u0142a, bolesna i szkodliwa dla nas sytuacja ulegnie zmianie i my r\u00f3wnie\u017c b\u0119dziemy mogli go\u015bci\u0107 u siebie np. pani\u0105 Jadwig\u0119, nauczycielk\u0119, a zarazem prezesk\u0119 <strong>ZPB<\/strong> z Nowogr\u00f3dka.<\/span><\/p>\n<p style=\"text-align: justify;\"><span style=\"color: #0000ff;\">Na koniec pragn\u0119 doda\u0107, \u017ce <strong>Zwi\u0105zek Polak\u00f3w na <span style=\"color: #33cccc;\">Bia\u0142orusi<\/span> <\/strong>wydaje w\u0142asny tygodnik <em><strong>\u201eG\u0142os znad Niemna\u201d<\/strong><\/em>; warto zagl\u0105da\u0107 na jego stron\u0119 internetow\u0105 <\/span><strong><a href=\"http:\/\/www.polacy.by\/\">http:\/\/www.polacy.by\/<\/a><\/strong><span style=\"color: #0000ff;\">.&#8221;<\/span><\/p>\n<p style=\"text-align: right;\"><span style=\"color: #0000ff;\"><em><strong>El\u017cbieta Zwoli\u0144ska<\/strong><\/em><\/span><\/p>\n<p style=\"text-align: justify;\"><span style=\"color: #0000ff;\"><em><strong><a href=\"http:\/\/grzegorzjaszczura.pl\/http:\/\/grzegorzjaszczura.pl\/wp-content\/uploads\/2012\/07\/ZPB-11.jpg\"><img loading=\"lazy\" decoding=\"async\" class=\"alignleft size-thumbnail wp-image-18998\" title=\"ZPB 1\" src=\"http:\/\/grzegorzjaszczura.pl\/http:\/\/grzegorzjaszczura.pl\/wp-content\/uploads\/2012\/07\/ZPB-11-150x150.jpg\" alt=\"\" width=\"150\" height=\"150\" \/><\/a><a href=\"http:\/\/grzegorzjaszczura.pl\/http:\/\/grzegorzjaszczura.pl\/wp-content\/uploads\/2012\/07\/ZPB-21.jpg\"><img loading=\"lazy\" decoding=\"async\" class=\"alignleft size-thumbnail wp-image-18999\" title=\"ZPB 2\" src=\"http:\/\/grzegorzjaszczura.pl\/http:\/\/grzegorzjaszczura.pl\/wp-content\/uploads\/2012\/07\/ZPB-21-150x150.jpg\" alt=\"\" width=\"150\" height=\"150\" \/><\/a><a href=\"http:\/\/grzegorzjaszczura.pl\/http:\/\/grzegorzjaszczura.pl\/wp-content\/uploads\/2012\/07\/ZPB-31.jpg\"><img loading=\"lazy\" decoding=\"async\" class=\"alignleft size-thumbnail wp-image-19000\" title=\"ZPB 3\" src=\"http:\/\/grzegorzjaszczura.pl\/http:\/\/grzegorzjaszczura.pl\/wp-content\/uploads\/2012\/07\/ZPB-31-150x150.jpg\" alt=\"\" width=\"150\" height=\"150\" \/><\/a><a href=\"http:\/\/grzegorzjaszczura.pl\/http:\/\/grzegorzjaszczura.pl\/wp-content\/uploads\/2012\/07\/ZPB-41.jpg\"><img loading=\"lazy\" decoding=\"async\" class=\"alignleft size-thumbnail wp-image-19001\" title=\"ZPB 4\" src=\"http:\/\/grzegorzjaszczura.pl\/http:\/\/grzegorzjaszczura.pl\/wp-content\/uploads\/2012\/07\/ZPB-41-150x150.jpg\" alt=\"\" width=\"150\" height=\"150\" \/><\/a><a href=\"http:\/\/grzegorzjaszczura.pl\/http:\/\/grzegorzjaszczura.pl\/wp-content\/uploads\/2012\/07\/ZPB-5.jpg\"><img loading=\"lazy\" decoding=\"async\" class=\"alignleft size-thumbnail wp-image-19002\" title=\"ZPB 5\" src=\"http:\/\/grzegorzjaszczura.pl\/http:\/\/grzegorzjaszczura.pl\/wp-content\/uploads\/2012\/07\/ZPB-5-150x150.jpg\" alt=\"\" width=\"150\" height=\"150\" \/><\/a><a href=\"http:\/\/grzegorzjaszczura.pl\/http:\/\/grzegorzjaszczura.pl\/wp-content\/uploads\/2012\/07\/ZPB-6.jpg\"><img loading=\"lazy\" decoding=\"async\" class=\"alignleft size-thumbnail wp-image-19003\" title=\"ZPB 6\" src=\"http:\/\/grzegorzjaszczura.pl\/http:\/\/grzegorzjaszczura.pl\/wp-content\/uploads\/2012\/07\/ZPB-6-150x150.jpg\" alt=\"\" width=\"150\" height=\"150\" \/><\/a><br \/>\n<\/strong><\/em><\/span><\/p>\n<p style=\"text-align: justify;\">\n<ol style=\"text-align: justify;\">\n<li><span style=\"color: #0000ff;\">Wyst\u0119p zespo\u0142u \u201e\u015awitezianka\u201d z Nowogr\u00f3dka (2007)<\/span><\/li>\n<li><span style=\"color: #0000ff;\">Zesp\u00f3\u0142 \u201e\u015awitezianka\u201d (2011)<\/span><\/li>\n<li><span style=\"color: #0000ff;\">Jase\u0142ka zorganizowane przez ZPB (2010)<\/span><\/li>\n<li><span style=\"color: #0000ff;\">Uczestnicy konkursu recytatorskiego mi\u0142o\u015bnik\u00f3w poezji polskiej (2010)<\/span><\/li>\n<li><span style=\"color: #0000ff;\">Laureaci konkursu recytatorskiego mi\u0142o\u015bnik\u00f3w poezji polskiej (2011)<\/span><\/li>\n<li><span style=\"color: #0000ff;\">Zesp\u00f3\u0142 \u201e\u015awitezianka\u201d (trzecia od lewej p. Jadwiga Sienkiewicz-\u0141ysa, prezes ZPB w Nowogr\u00f3dku; 2009)<\/span><\/li>\n<li style=\"text-align: justify;\"><span style=\"color: #0000ff;\">Gr\u00f3b 60 Polak\u00f3w zamordowanych przez hitlerowc\u00f3w podczas II wojny \u015bwiatowej; mogi\u0142\u0105, znajduj\u0105c\u0105 si\u0119 na cmentarzu w Nowogr\u00f3dku, opiekuj\u0105 si\u0119 cz\u0142onkowie ZPB (2011) &#8211;<strong> zdj\u0119cie tytu\u0142owe tego wpisu<\/strong> <strong>na blogu<\/strong>.<\/span><\/li>\n<\/ol>\n<p><strong>Zobacz tak\u017ce inne poprzednie wpisy po\u015bwi\u0119cone wsp\u00f3\u0142czesnej <span style=\"color: #33cccc;\">Bia\u0142orusi<\/span>:<\/strong><\/p>\n<p><strong><a href=\"http:\/\/grzegorzjaszczura.pl\/?p=12166#more-12166\">http:\/\/grzegorzjaszczura.pl\/?p=12166#more-12166<\/a><\/strong>,<\/p>\n<p><strong><a href=\"http:\/\/grzegorzjaszczura.pl\/?p=12179#more-12179\">http:\/\/grzegorzjaszczura.pl\/?p=12179#more-12179<\/a><\/strong>,<\/p>\n<p><strong><a href=\"http:\/\/grzegorzjaszczura.pl\/?p=15395#more-15395\">http:\/\/grzegorzjaszczura.pl\/?p=15395#more-15395<\/a><\/strong>.<\/p>\n","protected":false},"excerpt":{"rendered":"<p>Kilka wpis\u00f3w na blogu dotycz\u0105cych naszego obecnego wschodniego s\u0105siada, czyli Bia\u0142orusi, a diametralnie r\u00f3\u017cni\u0105cych si\u0119 w tre\u015bci od interpretacji fakt\u00f3w zamieszczanych w mainstreamowych mediach, spotka\u0142o si\u0119 z szerokim i bardzo \u017cyczliwym przyj\u0119ciem. Dlatego dzisiaj jeszcze jeden, jakby zaleg\u0142y, wpis tycz\u0105cy si\u0119 stricte Zwi\u0105zku Polak\u00f3w na Bia\u0142orusi, oddzia\u0142u<\/p>\n","protected":false},"author":2,"featured_media":0,"comment_status":"open","ping_status":"open","sticky":false,"template":"","format":"standard","meta":{"_monsterinsights_skip_tracking":false,"_monsterinsights_sitenote_active":false,"_monsterinsights_sitenote_note":"","_monsterinsights_sitenote_category":0,"footnotes":""},"categories":[3],"tags":[],"class_list":["post-18860","post","type-post","status-publish","format-standard","hentry","category-polityczne"],"_links":{"self":[{"href":"https:\/\/grzegorzjaszczura.pl\/index.php?rest_route=\/wp\/v2\/posts\/18860","targetHints":{"allow":["GET"]}}],"collection":[{"href":"https:\/\/grzegorzjaszczura.pl\/index.php?rest_route=\/wp\/v2\/posts"}],"about":[{"href":"https:\/\/grzegorzjaszczura.pl\/index.php?rest_route=\/wp\/v2\/types\/post"}],"author":[{"embeddable":true,"href":"https:\/\/grzegorzjaszczura.pl\/index.php?rest_route=\/wp\/v2\/users\/2"}],"replies":[{"embeddable":true,"href":"https:\/\/grzegorzjaszczura.pl\/index.php?rest_route=%2Fwp%2Fv2%2Fcomments&post=18860"}],"version-history":[{"count":56,"href":"https:\/\/grzegorzjaszczura.pl\/index.php?rest_route=\/wp\/v2\/posts\/18860\/revisions"}],"predecessor-version":[{"id":19321,"href":"https:\/\/grzegorzjaszczura.pl\/index.php?rest_route=\/wp\/v2\/posts\/18860\/revisions\/19321"}],"wp:attachment":[{"href":"https:\/\/grzegorzjaszczura.pl\/index.php?rest_route=%2Fwp%2Fv2%2Fmedia&parent=18860"}],"wp:term":[{"taxonomy":"category","embeddable":true,"href":"https:\/\/grzegorzjaszczura.pl\/index.php?rest_route=%2Fwp%2Fv2%2Fcategories&post=18860"},{"taxonomy":"post_tag","embeddable":true,"href":"https:\/\/grzegorzjaszczura.pl\/index.php?rest_route=%2Fwp%2Fv2%2Ftags&post=18860"}],"curies":[{"name":"wp","href":"https:\/\/api.w.org\/{rel}","templated":true}]}}