{"id":19909,"date":"2012-09-10T15:08:46","date_gmt":"2012-09-10T13:08:46","guid":{"rendered":"http:\/\/grzegorzjaszczura.pl\/?p=19909"},"modified":"2012-09-10T18:03:52","modified_gmt":"2012-09-10T16:03:52","slug":"w-obronie-dabrowskiej-demokracji","status":"publish","type":"post","link":"https:\/\/grzegorzjaszczura.pl\/?p=19909","title":{"rendered":"W obronie d\u0105browskiej demokracji"},"content":{"rendered":"<p style=\"text-align: justify;\"><a href=\"http:\/\/grzegorzjaszczura.pl\/http:\/\/grzegorzjaszczura.pl\/wp-content\/uploads\/2012\/09\/jaszczura9.jpg\"><img loading=\"lazy\" decoding=\"async\" class=\"alignleft size-thumbnail wp-image-19921\" title=\"jaszczura9\" src=\"http:\/\/grzegorzjaszczura.pl\/http:\/\/grzegorzjaszczura.pl\/wp-content\/uploads\/2012\/09\/jaszczura9-150x150.jpg\" alt=\"\" width=\"150\" height=\"150\" \/><\/a>Od razu zaczn\u0119, \u017ce nie popieram <span style=\"color: #ff0000;\">demokracji<\/span> jako formy sprawowania w\u0142adzy. A ju\u017c to, co proponuje nam globalnie <span style=\"color: #ff0000;\">Unia Europejska<\/span> czy lokalnie <span style=\"color: #ff0000;\">l<\/span><span style=\"color: #ff0000;\">ewica<\/span> w D\u0105browie G\u00f3rniczej, powinno by\u0107 zwalczane jak kiedy\u015b tzw. <em><span style=\"color: #ff0000;\">komuna<\/span><\/em>. Przyk\u0142ady mog\u0119 oczywi\u015bcie jak zawsze mno\u017cy\u0107, ale dzisiaj chcia\u0142bym tylko przedstawi\u0107 stanowisko kilku mieszka\u0144c\u00f3w D\u0105browy G\u00f3rniczej, w tym moje, <!--more-->wyartyku\u0142owane w klipie kr\u0105\u017c\u0105cym po internecie. W\u0142a\u015bciwszym okre\u015bleniem dla wspomnianej wy\u017cej <span style=\"color: #ff0000;\">demokracji<\/span> by\u0142oby raczej s\u0142owo pseudodemokracja lub parademokracja. Nasze komentarze dotycz\u0105ce lokalnej sytuacji w mie\u015bcie, tj. <a href=\"http:\/\/grzegorzjaszczura.pl\/http:\/\/grzegorzjaszczura.pl\/wp-content\/uploads\/2012\/09\/stepien.jpg\"><img loading=\"lazy\" decoding=\"async\" class=\"alignleft size-thumbnail wp-image-19926\" title=\"stepien\" src=\"http:\/\/grzegorzjaszczura.pl\/http:\/\/grzegorzjaszczura.pl\/wp-content\/uploads\/2012\/09\/stepien-150x150.jpg\" alt=\"\" width=\"150\" height=\"150\" \/><\/a>Przewodnicz\u0105cego Stowarzyszenia D\u0105browiak 2011\u00a0 <strong>Mateusza St\u0119pnia<\/strong>, radnego poprzedniej i obecnej kadencji <strong>Tomasza Paska<\/strong>, kol. <strong>Roberta Warwasa<\/strong> i moje jako Prezesa oddzia\u0142u d\u0105browskiego Kongresu Nowej Prawicy, mo\u017cesz zobaczy\u0107 tutaj: <strong><a href=\"http:\/\/www.youtube.com\/watch?v=29uwx5KwHnw\">http:\/\/www.youtube.com\/watch?v=29uwx5KwHnw<\/a><\/strong>.<\/p>\n<p style=\"text-align: justify;\">Poniewa\u017c w nagraniu zmie\u015bci\u0142 si\u0119 tylko fragment mojej wypowiedzi, przedstawi\u0119 j\u0105 w ca\u0142o\u015bci w formie pisemnej:<\/p>\n<p style=\"text-align: justify;\"><span style=\"color: #0000ff;\"><em>Jest dla mnie skandalem, \u017ce w D\u0105browie G\u00f3rniczej brak jest pe\u0142nej jawno\u015bci \u017cycia samorz\u0105dowego. Tylko w lewicowym Ciemnogrodzie wyborca nie ma mo\u017cliwo\u015bci ustalenia jak g\u0142osowali jego przedstawiciele. Jak wi\u0119c ma on rozliczy\u0107 radnego z obietnic i realizacji programu wyborczego?<\/em><\/span><\/p>\n<p style=\"text-align: justify;\"><span style=\"color: #0000ff;\"><em>Jako radny zetkn\u0105\u0142em si\u0119 z sytuacjami, a by\u0142o tak, np. przy g\u0142osowaniach nad du\u017cymi podwy\u017ckami cen wody, \u017ce radni propodrazowscy zapominali po g\u0142osowaniu jak g\u0142osowali, \u015bmiej\u0105c mi si\u0119 prosto w twarz.<\/em><\/span><\/p>\n<p style=\"text-align: justify;\"><span style=\"color: #0000ff;\"><em>Mog\u0119 doda\u0107, \u017ce mimo, \u017ce Kongres Nowej Prawicy nie popiera demokracji jako formy rz\u0105dzenia, uwa\u017camy, \u017ce nale\u017cy jej przestrzega\u0107, p\u00f3ki obowi\u0105zuje. Jawno\u015b\u0107 g\u0142osowa\u0144 poparta imiennym zestawieniem nazwisk radnych, jest do tego niezb\u0119dna!<\/em><\/span><\/p>\n<p style=\"text-align: justify;\">Trzeba zgodzi\u0107 si\u0119 z tym, \u017ce analogicznie jak traktat <strong>ACTA<\/strong> by\u0142 (a w ukryciu ca\u0142y czas jest) olbrzymim zagro\u017ceniem dla wolno\u015bci w internecie, tak brak pe\u0142nej imiennej jawno\u015bci g\u0142osowania radnych na sesjach Rady Miasta jest zagro\u017ceniem dla tej om\u00f3wionej wy\u017cej demokracji w D\u0105browie G\u00f3rniczej. Lokalnie brak tej\u017ce jawno\u015bci moim zdaniem b\u0119dzie pog\u0142\u0119bia\u0107 i wzmacnia\u0107 prywatny folwark lewicowy w mie\u015bcie.<\/p>\n<p style=\"text-align: justify;\"><a href=\"http:\/\/grzegorzjaszczura.pl\/http:\/\/grzegorzjaszczura.pl\/wp-content\/uploads\/2012\/09\/pasek.jpg\"><img loading=\"lazy\" decoding=\"async\" class=\"alignleft size-thumbnail wp-image-19930\" title=\"pasek\" src=\"http:\/\/grzegorzjaszczura.pl\/http:\/\/grzegorzjaszczura.pl\/wp-content\/uploads\/2012\/09\/pasek-150x150.jpg\" alt=\"\" width=\"150\" height=\"150\" \/><\/a><a href=\"http:\/\/grzegorzjaszczura.pl\/http:\/\/grzegorzjaszczura.pl\/wp-content\/uploads\/2012\/09\/warwas2.jpg\"><img loading=\"lazy\" decoding=\"async\" class=\"alignleft size-thumbnail wp-image-19931\" title=\"warwas2\" src=\"http:\/\/grzegorzjaszczura.pl\/http:\/\/grzegorzjaszczura.pl\/wp-content\/uploads\/2012\/09\/warwas2-150x150.jpg\" alt=\"\" width=\"150\" height=\"150\" \/><\/a> <span style=\"color: #0000ff;\"><strong>Ps. <\/strong><\/span>Zach\u0119cam do przy\u0142\u0105czenia si\u0119 na FB: <a href=\"http:\/\/www.facebook.com\/events\/414595075256720\/?notif_t=plan_user_invited\">http:\/\/www.facebook.com\/events\/414595075256720\/?notif_t=plan_user_invited<\/a>.<\/p>\n","protected":false},"excerpt":{"rendered":"<p>Od razu zaczn\u0119, \u017ce nie popieram demokracji jako formy sprawowania w\u0142adzy. A ju\u017c to, co proponuje nam globalnie Unia Europejska czy lokalnie lewica w D\u0105browie G\u00f3rniczej, powinno by\u0107 zwalczane jak kiedy\u015b tzw. komuna. Przyk\u0142ady mog\u0119 oczywi\u015bcie jak zawsze mno\u017cy\u0107, ale dzisiaj chcia\u0142bym tylko przedstawi\u0107 stanowisko kilku mieszka\u0144c\u00f3w D\u0105browy G\u00f3rniczej, w tym moje,<\/p>\n","protected":false},"author":2,"featured_media":0,"comment_status":"open","ping_status":"open","sticky":false,"template":"","format":"standard","meta":{"_monsterinsights_skip_tracking":false,"_monsterinsights_sitenote_active":false,"_monsterinsights_sitenote_note":"","_monsterinsights_sitenote_category":0,"footnotes":""},"categories":[3],"tags":[],"class_list":["post-19909","post","type-post","status-publish","format-standard","hentry","category-polityczne"],"_links":{"self":[{"href":"https:\/\/grzegorzjaszczura.pl\/index.php?rest_route=\/wp\/v2\/posts\/19909","targetHints":{"allow":["GET"]}}],"collection":[{"href":"https:\/\/grzegorzjaszczura.pl\/index.php?rest_route=\/wp\/v2\/posts"}],"about":[{"href":"https:\/\/grzegorzjaszczura.pl\/index.php?rest_route=\/wp\/v2\/types\/post"}],"author":[{"embeddable":true,"href":"https:\/\/grzegorzjaszczura.pl\/index.php?rest_route=\/wp\/v2\/users\/2"}],"replies":[{"embeddable":true,"href":"https:\/\/grzegorzjaszczura.pl\/index.php?rest_route=%2Fwp%2Fv2%2Fcomments&post=19909"}],"version-history":[{"count":49,"href":"https:\/\/grzegorzjaszczura.pl\/index.php?rest_route=\/wp\/v2\/posts\/19909\/revisions"}],"predecessor-version":[{"id":20082,"href":"https:\/\/grzegorzjaszczura.pl\/index.php?rest_route=\/wp\/v2\/posts\/19909\/revisions\/20082"}],"wp:attachment":[{"href":"https:\/\/grzegorzjaszczura.pl\/index.php?rest_route=%2Fwp%2Fv2%2Fmedia&parent=19909"}],"wp:term":[{"taxonomy":"category","embeddable":true,"href":"https:\/\/grzegorzjaszczura.pl\/index.php?rest_route=%2Fwp%2Fv2%2Fcategories&post=19909"},{"taxonomy":"post_tag","embeddable":true,"href":"https:\/\/grzegorzjaszczura.pl\/index.php?rest_route=%2Fwp%2Fv2%2Ftags&post=19909"}],"curies":[{"name":"wp","href":"https:\/\/api.w.org\/{rel}","templated":true}]}}