{"id":20119,"date":"2012-09-20T08:14:19","date_gmt":"2012-09-20T06:14:19","guid":{"rendered":"http:\/\/grzegorzjaszczura.pl\/?p=20119"},"modified":"2024-04-23T13:14:31","modified_gmt":"2024-04-23T11:14:31","slug":"inzynieria-finansowa-wg-zb-podrazy-c-d","status":"publish","type":"post","link":"https:\/\/grzegorzjaszczura.pl\/?p=20119","title":{"rendered":"In\u017cynieria finansowa wg Zb. Podrazy &#8211; c.d."},"content":{"rendered":"<p style=\"text-align: justify;\"><a href=\"http:\/\/grzegorzjaszczura.pl\/http:\/\/grzegorzjaszczura.pl\/wp-content\/uploads\/2012\/09\/Zdjecie2187.jpg\"><img loading=\"lazy\" decoding=\"async\" class=\"alignnone size-thumbnail wp-image-67126\" src=\"http:\/\/grzegorzjaszczura.pl\/http:\/\/grzegorzjaszczura.pl\/wp-content\/uploads\/2012\/09\/Zdjecie2187-150x150.jpg\" alt=\"\" width=\"150\" height=\"150\" \/><\/a>Ucieszy\u0142o mnie, \u017ce moje ujawnienie prawdziwej twarzy <span style=\"color: #ff0000;\"><strong>in\u017cynierii finansowej<\/strong><\/span> stosowanej przez lewicowe w\u0142adze w D\u0105browie G\u00f3rniczej, dotycz\u0105cej ich dzia\u0142a\u0144 na bud\u017cecie Gminy nie pozosta\u0142o bez echa. Spraw\u0119 dziwnego, niepotrzebnego wg mnie, wydania 2 mln z\u0142 na pakiet udzia\u0142\u00f3w sp\u00f3\u0142ki Eiffage Budownictwo Mitex S.A., udzia\u0142\u00f3w w &#8222;Nemo \u2013 Wodny \u015awiat D\u0105browa G\u00f3rnicza&#8221; Sp. z o.o.<!--more--> przedstawi\u0142 na \u0142amach &#8222;Gazety Wyborczej&#8221; red. <strong>Witold\u00a0 Ga\u0142\u0105zka<\/strong>. Od d\u0142u\u017cszego czasu temat tej w\/w specyficznej in\u017cynierii finansowej, obcy jest mediom <em>stricte<\/em> <strong><span style=\"color: #00ff00;\">Zag\u0142\u0119bia<\/span>\u00a0 <span style=\"color: #ff0000;\">D\u0105browskiego<\/span><\/strong>. Macki lewicy zag\u0142\u0119biowskiej, s\u0105 jak wynika z artyku\u0142u na: katowice.gazeta.pl, s\u0142absze za Brynic\u0105. To dobrze. Aczkolwiek spotka\u0142em si\u0119 z opini\u0105, \u017ce <strong>&#8222;uk\u0142ad&#8221;<\/strong> obejmuje ca\u0142\u0105, tzw. Metropoli\u0119 slasko-zag\u0142\u0119biowsk\u0105.<\/p>\n<p style=\"text-align: justify;\">Troszk\u0119 odchodz\u0105c od tematu, w kontek\u015bcie medi\u00f3w og\u00f3lnopolskich, typu <span style=\"color: #ff0000;\">TVP<\/span>, wymy\u015bli\u0142em ostatnio, \u017ce znowu trzeba b\u0119dzie tworzy\u0107 o Polsce w Polsce, literatur\u0119 czy bardziej wsp\u00f3\u0142cze\u015bnie internetowy <strong>drugi obieg informacji<\/strong>. Przecie\u017c propaganda sukcesu <span style=\"color: #ff0000;\">TVP<\/span> (i innych lewicowych medi\u00f3w) przekroczy\u0142a i to znacznie, ju\u017c osi\u0105gni\u0119cia propagandy komunistycznej w szczytowym jej okresie rozkwitu, tj. za tow. Urbana. Ale to si\u0119 nadaje do oddzielnej analizy.<\/p>\n<p style=\"text-align: justify;\">Redaktor <strong>W. Ga\u0142\u0105zka<\/strong>, pomijaj\u0105c drobne nie\u015bcis\u0142o\u015bci, przedstawi\u0142 sytuacj\u0119 zwi\u0105zan\u0105 z <strong>&#8222;Nemo \u2013 Wodny \u015awiat D\u0105browa G\u00f3rnicza&#8221; sp. z o.o.<\/strong> du\u017co obiektywniej, ni\u017c jakiekolwiek \u201emedium\u201d z <strong><span style=\"color: #00ff00;\">Zag\u0142\u0119bia<\/span> <span style=\"color: #ff0000;\">D\u0105browskiego<\/span><\/strong>. Co do tych nie\u015bcis\u0142o\u015bci, to musz\u0119 jednak wspomnie\u0107, \u017ce: &#8222;Nemo \u2013 Wodny \u015awiat D\u0105browa G\u00f3rnicza&#8221; sp. z o.o. nie powsta\u0142o <em>stricte<\/em> <em>\u201ena nieu\u017cytkach pokopalnianych\u201d<\/em>. Albowiem, na potrzeby zawi\u0105zania si\u0119 tej prywatnej sp\u00f3\u0142ki prawa handlowego, zagarni\u0119to poprzez aport sporo terenu. Obejmowa\u0142 on, m. in. teren by\u0142ego otwartego basenu s\u0142u\u017c\u0105cego mieszka\u0144com bardzo dobrze nawet za komuny i teren boiska\u00a0 pi\u0142karskiego w niecce przy obecnej Alei R\u00f3\u017c, gdzie swego czasu na pocz\u0105tku lat osiemdziesi\u0105tych ubieg\u0142ego wieku rozgrywa\u0142 swoje mecze klub <a href=\"http:\/\/grzegorzjaszczura.pl\/http:\/\/grzegorzjaszczura.pl\/wp-content\/uploads\/2012\/09\/SKMBT_C203120913073701.jpg\"><img loading=\"lazy\" decoding=\"async\" class=\"alignleft size-thumbnail wp-image-20127\" title=\"SKMBT_C20312091307370\" src=\"http:\/\/grzegorzjaszczura.pl\/http:\/\/grzegorzjaszczura.pl\/wp-content\/uploads\/2012\/09\/SKMBT_C203120913073701-150x150.jpg\" alt=\"\" width=\"150\" height=\"150\" \/><\/a><strong>\u201eCentrum\u201d<\/strong> D\u0105browa G\u00f3rnicza. Stadion by\u0142 pi\u0119knie i bardzo interesuj\u0105co usytuowany! Do tego zburzono siedzib\u0119 Pogotowia Ratunkowego, r\u00f3wnie\u017c co nale\u017cy podkre\u015bli\u0107 wtedy umiejscowionego w centralnym punkcie miasta,\u00a0 co ma znaczenie, cho\u0107by na szybko\u015b\u0107 dojazdu do wypadku czy innej ludzkiej tragedii. Cz\u0119\u015b\u0107 nieu\u017cytk\u00f3w przy parku Hallera oczywi\u015bcie by\u0142a i rzeczywi\u015bcie <em>zusammen<\/em> jest to teren pokopalniany. Ale warto zauwa\u017cy\u0107, \u017ce w zwi\u0105zku z powy\u017cszym, w stoj\u0105cej nie opodal <strong>Hali Sportowej<\/strong> \u201eCentrum\u201d, znajduj\u0105ce si\u0119 pod ni\u0105 zabezpieczenia otwor\u00f3w szybowych, nie zosta\u0142y zrealizowane, jak liczni fachowcy twierdz\u0105, zgodnie ze sztuk\u0105 budowlan\u0105.<\/p>\n<p style=\"text-align: justify;\"><a href=\"http:\/\/grzegorzjaszczura.pl\/http:\/\/grzegorzjaszczura.pl\/wp-content\/uploads\/2012\/09\/SKMBT_C20312091314120.jpg\"><img loading=\"lazy\" decoding=\"async\" class=\"alignleft size-thumbnail wp-image-20158\" title=\"SKMBT_C20312091314120\" src=\"http:\/\/grzegorzjaszczura.pl\/http:\/\/grzegorzjaszczura.pl\/wp-content\/uploads\/2012\/09\/SKMBT_C20312091314120-150x150.jpg\" alt=\"\" width=\"150\" height=\"150\" \/><\/a>Wracaj\u0105c do Nemo &#8211; Wodny \u015awiat. Odbi\u00f3r samego obiektu parku wodnego, tzw. ko\u0144cowy, mia\u0142 miejsce 19.12.2003 r. Sp\u00f3\u0142k\u0119, wtedy o nazwie &#8222;Nemo Wodny \u015awiat&#8221; sp. z o.o. (41-300 D\u0105browa G\u00f3rnicza, Pl. Wolno\u015bci 1), reprezentowali <strong>Krzysztof Kiszka<\/strong> &#8211; Prezes i <strong>Wanda K\u0119dzior<\/strong> &#8211; Prokurent. Wykonawc\u0119, czyli Mitex S.A. reprezentowali <strong>Marek Fusi\u0144ski<\/strong> &#8211; Dyrektor Oddzia\u0142u Katowice, <strong>J. Porzucek<\/strong> &#8211; Kierownik Kontraktu i <strong>J. Drostek<\/strong> &#8211; Kierownik Budowy. Z innych uczestnik\u00f3w odbioru zauwa\u017cam nazwisko <strong>J\u00f3zefa Juroffa<\/strong> &#8211; G\u0142\u00f3wnego Spec. ds. Sportu i Bezpiecze\u0144stwa(!), obecnego radnego i obecnie zatrudnionego w &#8222;Nemo &#8211; Wodny \u015awiat D\u0105browa G\u00f3rnicza&#8221; sp. z o.o., g\u0142osuj\u0105cego na ostatniej sesji oczywi\u015bcie za wykupem udzia\u0142\u00f3w Mitexu. I ju\u017c 30.12.2003 r. udzielono pozwolenia na u\u017cytkowanie (PINB mgr in\u017c. <strong>Zdzis\u0142aw W\u00f3jcik<\/strong>). Dzia\u0142anie b\u0142ysk.<\/p>\n<p style=\"text-align: justify;\"><em><a href=\"http:\/\/grzegorzjaszczura.pl\/http:\/\/grzegorzjaszczura.pl\/wp-content\/uploads\/2012\/09\/20120323222.jpg\"><img loading=\"lazy\" decoding=\"async\" class=\"alignleft size-thumbnail wp-image-20278\" title=\"20120323222\" src=\"http:\/\/grzegorzjaszczura.pl\/http:\/\/grzegorzjaszczura.pl\/wp-content\/uploads\/2012\/09\/20120323222-150x150.jpg\" alt=\"\" width=\"150\" height=\"150\" \/><\/a>Nota bene<\/em> podobnie by\u0142o z kompleksem dla<span style=\"color: #ff0000;\"> biurw<\/span>, czyli <strong>Centrum Administracji<\/strong>, kt\u00f3re nie tylko moim zdaniem nie powinno zosta\u0107 odebrane przez Gmin\u0119. Z tym \u017ce mia\u0142o to miejsce ju\u017c za pana prezydenta J. Talkowskiego (<span style=\"color: #ff00ff;\"><strong>Nasza D\u0105browa<\/strong><\/span>). Powod\u00f3w by\u0142o wiele, cho\u0107by brak odbioru instalacji sanitarnych czy klimatyzacji. Zreszt\u0105 przysporzy\u0142o to mas\u0119 k\u0142opot\u00f3w potem przy eksploatacji obiektu. Pisz\u0119 to <em>a propos<\/em> tego, \u017ce wg by\u0142ego Pe\u0142nomocnika Gminy pana<strong> T. Strzeleckiego<\/strong> rozliczenie budowy Aquaparku przez Mitex S.A. nigdy nie nast\u0105pi\u0142o. Znam tak\u017ce firmy d\u0105browskie, kt\u00f3re pop\u0142yn\u0119\u0142y wtedy finansowo, jako podwykonawcy potentata chronionego przez w\u0142adze Miasta. A jaka jest sytuacja z <strong>Centrum Administracji<\/strong> to przy okazji. Jeszcze k&#8217;woli sprawiedliwo\u015bci, obecnie <a href=\"http:\/\/grzegorzjaszczura.pl\/?p=167#more-167\">uniewa\u017cniony prawomocnym wyrokiem s\u0105du<\/a>, <strong>Kontrakt na projekt, budow\u0119 i eksploatacj\u0119 budynk\u00f3w Centrum Administracji<\/strong> forsowali i podpisywali ze strony Urz\u0119du z D\u0105browy G\u00f3rniczej prezydenci <strong>M. Lipczyk<\/strong> i <strong>T. Soltysik<\/strong> (obaj skrajna lewica).<\/p>\n<p style=\"text-align: justify;\">Drug\u0105 nie\u015bcis\u0142o\u015bci\u0105 w artykule jest okre\u015blenie 32% <strong>udzia\u0142\u00f3w<\/strong> (\u015bci\u015blej pisz\u0105c 32,28%) (nie akcji, bo &#8222;Nemo \u2026&#8221; sp. z o.o., jest sp\u00f3\u0142k\u0105 z o.o., a nie sp\u00f3\u0142k\u0105 akcyjn\u0105, jak Mitex S.A., obecnie Eiffage Budownictwo Mitex S.A.). Ten\u017ce pakiet nie jest wyceniony na 5,9 mln z\u0142, lecz ma tak\u0105 <strong>warto\u015b\u0107 nominaln\u0105<\/strong>.<\/p>\n<p style=\"text-align: justify;\">I teraz co do kompromituj\u0105cych, moim zdaniem, wypowiedzi Prezesa &#8222;Nemo &#8211; Wodny \u015awiat D\u0105browa G\u00f3rnicza&#8221; sp. z o.o. pana <strong>Antoniego Marcinkiewicza<\/strong> i pe\u0142nomocnika Pana Prezydenta pana <strong>Marcina Bazylaka<\/strong>, co nast\u0119puje (przy czym nie wiem, na ile ich wypowiedzi by\u0142y autoryzowane):<\/p>\n<p style=\"text-align: justify;\">&#8211; <strong>A. Marcinkiewicz<\/strong> twierdzi, \u017ce sytuacja obecna to: <span style=\"color: #ff0000;\"><em>\u201egarb dawnego zad\u0142u\u017cenia\u201d<span style=\"color: #000000;\">,<\/span><\/em><\/span><\/p>\n<p style=\"text-align: justify;\">Je\u017celi tak, to dlaczego, gdy podnosi\u0142em te kwestie jako radny Rady Miasta ju\u017c oko\u0142o 6 lat temu, nie podj\u0119to tego tematu i nie zastosowano alternatywnego dzia\u0142ania, np. podwa\u017cenia nie w pe\u0142ni prawych, zgodnie przyk\u0142adowo z prawdopodobn\u0105 opini\u0105 Pani prof. I. Heopolita\u0144skiej <em>weksli in blanco<\/em> na 30 mln z\u0142, weksli wystawionych prze Pana Prezydenta <strong>M. Lipczyka<\/strong>, Wiceprezydenta <strong>K. Bobrowskiego<\/strong>, z kontrasygnatami \u00f3wczesnej Skarbnik Miasta pani <strong>B. S\u0142omki<\/strong> i Sekretarz Miasta <strong>I. Bednarskiej<\/strong>? Istnia\u0142o podejrzenie wady awalu wekslowego, co ubezkutecznia\u0142oby odpowiedzialno\u015b\u0107 Gminy z tytu\u0142u por\u0119czenia wekslowego! Mo\u017cna rzuci\u0107 okiem do opinii prawnej Kancelarii Korczy\u0144ski&amp;Grochalski, jeszcze z 2006 roku.<\/p>\n<p style=\"text-align: justify;\">&#8211; <strong>A. Marcinkiewicz<\/strong> twierdzi, \u017ce <span style=\"color: #ff0000;\"><em>&#8222;warto\u015b\u0107 ca\u0142ego maj\u0105tku, gdyby go dzisiaj wystawi\u0107 na przetarg wyniesie oko\u0142o 52 mln z\u0142, czyli du\u017co wi\u0119cej ni\u017c wierzytelno\u015b\u0107 gminy.&#8221;<\/em><\/span>,<\/p>\n<p style=\"text-align: justify;\">Je\u017celi tak, to dlaczego na sesji Rady Miasta, przedstawiaj\u0105ca projekt uchwa\u0142y pana prezydenta Zb. Podrazy (<span style=\"color: #ff0000;\">SLD<\/span>) wydania 2 mln z\u0142 na udzia\u0142y Eiffage Budownictwo Mittex S.A., obecnie Naczelnik Wydzia\u0142u Nadzoru W\u0142a\u015bcicielskiego i Kontroli Wewn\u0119trznej, pani <strong>\u00a0B. S\u0142onka<\/strong> o\u015bwiadczy\u0142a, \u017ce warto\u015b\u0107 &#8222;Nemo \u2026&#8221; sp. z o.o. jest warto\u015bci\u0105 ujemn\u0105!!! Prezes o tym nie wie, przecie\u017c by\u0142 na sesji! Z ca\u0142ym szacunkiem panie Prezesie <strong>proponuj\u0119 postudiowa\u0107 troch\u0119 ekonomii niekomunistycznej<\/strong>.<\/p>\n<p style=\"text-align: justify;\">Prywatnie radz\u0119 si\u0119 zastanowi\u0107 nad zg\u0142oszeniem upad\u0142o\u015bci firmy do S\u0105du, poniewa\u017c je\u017celi pani <strong>B. S\u0142onka<\/strong> mia\u0142a racj\u0119 i maj\u0105tek sp\u00f3\u0142ki jest mniejszy od jej zobowi\u0105za\u0144, to jest to przes\u0142ank\u0105 do powy\u017cszego! Brak takowego we w\u0142a\u015bciwym czasie, mo\u017ce spowodowa\u0107 poci\u0105gni\u0119cie Zarz\u0105du, w tym Prezesa<strong> do odpowiedzialno\u015bci z maj\u0105tku osobistego Panie Prezesie<\/strong>.<\/p>\n<p style=\"text-align: justify;\">&#8211; pe\u0142nomocnik pana Prezydenta <strong>M. Bazylak<\/strong> (przewodnicz\u0105cy <span style=\"color: #ff0000;\"><strong>SLD<\/strong><\/span> w D.G.) dziwi si\u0119, \u017ce ewentualna upad\u0142o\u015b\u0107 &#8222;Nemo\u2026&#8221; Sp. z o.o.: <span style=\"color: #ff0000;\"><em>\u201eI co niby dobrego osi\u0105gniemy w ten spos\u00f3b? [\u2026] miasto dostanie ma\u0142\u0105 cz\u0119\u015b\u0107 zamro\u017conych pieni\u0119dzy, a straci jakikolwiek wp\u0142yw na przysz\u0142o\u015b\u0107 i rozw\u00f3j popularnych oraz lubianych przez d\u0105browian p\u0142ywalni i saun [\u2026]&#8221;<\/em><\/span>,<\/p>\n<p style=\"text-align: justify;\">Je\u017celi tak jest i taka jest warto\u015b\u0107, jak pan Prezes <strong>A. Marcinkiewicz<\/strong> twierdzi, to przecie\u017c nie powinno si\u0119 straci\u0107 i to nie jest argument! A ponadto mam w\u0105tpliwo\u015bci, jak wtedy zareagowaliby udzia\u0142owcy postawieni przed takim faktem.<span style=\"color: #0000ff;\"> <strong>Mo\u017ce dopiero wtedy stoj\u0105c ju\u017c przed realn\u0105 strat\u0105 dofinansowaliby sp\u00f3\u0142k\u0119 proporcjonalnie do udzia\u0142\u00f3w, a nie zostawiali mieszka\u0144c\u00f3w miasta &#8222;z r\u0119k\u0105 w nocniku&#8221; pe\u0142nym d\u0142ug\u00f3w.<\/strong><\/span> Na dodatek t\u0105 r\u0119k\u0105 steruje<span style=\"color: #ff0000;\"> lewica d\u0105browska<\/span>!<\/p>\n<p style=\"text-align: justify;\">G\u0142upot\u0105 by\u0142o wsp\u00f3\u0142finansowanie przez miasto wsp\u00f3lnie z kapita\u0142em prywatnym tej inwestycji, (<a href=\"http:\/\/grzegorzjaszczura.pl\/?p=4695#more-4695\"><strong>przyk\u0142adowo zobacz<\/strong><\/a>). Tu zgadzam si\u0119 z kol. <strong>M. Bazylakiem<\/strong>. Jednak\u017ce, jest wiele dodatkowych aspekt\u00f3w i problem\u00f3w zwi\u0105zanych z przej\u0119ciem kompleks\u00f3w basen\u00f3w przez Miasto, kt\u00f3re to z bud\u017cetu, <em>nota bene<\/em> permanentnie, dofinansowuje sp\u00f3\u0142k\u0119 &#8222;Nemo\u2026&#8221; sp. z o.o. w spos\u00f3b po\u015bredni, poprzez przyk\u0142adowo <strong>Centrum Sportu i Rekreacji<\/strong>, darmowe bilety dla dzieci, umo\u017cliwienie trening\u00f3w sportowc\u00f3w, itd. <strong>W rzeczywisto\u015bci nic nie jest darmowe, bo wszyscy mieszka\u0144cy op\u0142acaj\u0105 to poprzez podatki!<\/strong> Bo <strong>CSiR<\/strong> jest utrzymywany i finansowany z bud\u017cetu Gminy! Zreszt\u0105 wynikiem tego jest jakby sztucznie utrzymywany wynik &#8222;Nemo &#8230;&#8221; sp. z o.o. Je\u017celi to taki dobry interes, to mo\u017ce pan A. Marcinkiewicz z panem M. Bazylakiem wykupi\u0105 sobie Aquapark za swoje prywatne pieni\u0105dze?<\/p>\n<p style=\"text-align: justify;\"><a href=\"http:\/\/grzegorzjaszczura.pl\/http:\/\/grzegorzjaszczura.pl\/wp-content\/uploads\/2012\/09\/zakaz-skretu.jpg\"><img loading=\"lazy\" decoding=\"async\" class=\"alignnone size-full wp-image-67127\" src=\"http:\/\/grzegorzjaszczura.pl\/http:\/\/grzegorzjaszczura.pl\/wp-content\/uploads\/2012\/09\/zakaz-skretu.jpg\" alt=\"\" width=\"120\" height=\"120\" \/><\/a>Tak swoj\u0105 drog\u0105 pe\u0142nomocniku <strong>Marcinie<\/strong>, Wasi poprzednicy z partii lewicowej socjalistycznej socjaldemokratycznej pope\u0142nili b\u0142\u0119dy, jak sam przyznajesz: <span style=\"color: #ff0000;\"><em>\u201eje\u017celi miasto b\u0119dzie nareszcie samo zarz\u0105dza\u0107 parkiem wodnym, ustrze\u017ce si\u0119 b\u0142\u0119d\u00f3w, ryzyka i obci\u0105\u017ce\u0144, na jakie nara\u017ca si\u0119 sp\u00f3\u0142ka z mieszanym kapita\u0142em\u201d<\/em><\/span>!!! Brawo! Aczkolwiek wg mnie si\u0119 nie ustrze\u017ce \ud83d\ude42 .<\/p>\n<p style=\"text-align: justify;\">Jednak\u017ce, retorycznie zapytam, kiedy wpadniecie na takie wnioski, np. przy budowie w ramach inwestycji PPP drogi do Tucznawy czy analogicznych innych przedsi\u0119wzi\u0119\u0107? <span style=\"color: #0000ff;\"><strong>Oby znowu nie za p\u00f3\u017ano i oby znowu nie tak olbrzymim kosztem podatnik\u00f3w \u2013 mieszka\u0144c\u00f3w naszego Miasta!<\/strong><\/span><\/p>\n<p style=\"text-align: justify;\"><span style=\"color: #0000ff;\"><strong>Tego ostatniego to Mieszka\u0144com i sobie \u017cycz\u0119.<\/strong><\/span><\/p>\n<p style=\"text-align: justify;\"><span style=\"color: #0000ff;\"><strong>Ps.<\/strong><\/span> Ca\u0142o\u015b\u0107 artyku\u0142u red. <strong>W. Ga\u0142\u0105zki<\/strong> zobacz: <a href=\"http:\/\/sosnowiec.gazeta.pl\/gazetasosnowiec\/1,93867,12469202,Miasto_ratuje_aquapark__bo_to_atrakcja_dla_mieszkancow.html#ixzz26FhWbAfh\"><strong>http:\/\/sosnowiec.gazeta.pl\/gazetasosnowiec\/1,93867,12469202,Miasto_ratuje_aquapark__bo_to_atrakcja_dla_mieszkancow.html#ixzz26FhWbAfh<\/strong><\/a>.<\/p>\n","protected":false},"excerpt":{"rendered":"<p>Ucieszy\u0142o mnie, \u017ce moje ujawnienie prawdziwej twarzy in\u017cynierii finansowej stosowanej przez lewicowe w\u0142adze w D\u0105browie G\u00f3rniczej, dotycz\u0105cej ich dzia\u0142a\u0144 na bud\u017cecie Gminy nie pozosta\u0142o bez echa. Spraw\u0119 dziwnego, niepotrzebnego wg mnie, wydania 2 mln z\u0142 na pakiet udzia\u0142\u00f3w sp\u00f3\u0142ki Eiffage Budownictwo Mitex S.A., udzia\u0142\u00f3w w &#8222;Nemo \u2013 Wodny \u015awiat D\u0105browa G\u00f3rnicza&#8221; Sp. z o.o.<\/p>\n","protected":false},"author":2,"featured_media":0,"comment_status":"open","ping_status":"open","sticky":false,"template":"","format":"standard","meta":{"_monsterinsights_skip_tracking":false,"_monsterinsights_sitenote_active":false,"_monsterinsights_sitenote_note":"","_monsterinsights_sitenote_category":0,"footnotes":""},"categories":[3],"tags":[],"class_list":["post-20119","post","type-post","status-publish","format-standard","hentry","category-polityczne"],"_links":{"self":[{"href":"https:\/\/grzegorzjaszczura.pl\/index.php?rest_route=\/wp\/v2\/posts\/20119","targetHints":{"allow":["GET"]}}],"collection":[{"href":"https:\/\/grzegorzjaszczura.pl\/index.php?rest_route=\/wp\/v2\/posts"}],"about":[{"href":"https:\/\/grzegorzjaszczura.pl\/index.php?rest_route=\/wp\/v2\/types\/post"}],"author":[{"embeddable":true,"href":"https:\/\/grzegorzjaszczura.pl\/index.php?rest_route=\/wp\/v2\/users\/2"}],"replies":[{"embeddable":true,"href":"https:\/\/grzegorzjaszczura.pl\/index.php?rest_route=%2Fwp%2Fv2%2Fcomments&post=20119"}],"version-history":[{"count":109,"href":"https:\/\/grzegorzjaszczura.pl\/index.php?rest_route=\/wp\/v2\/posts\/20119\/revisions"}],"predecessor-version":[{"id":67129,"href":"https:\/\/grzegorzjaszczura.pl\/index.php?rest_route=\/wp\/v2\/posts\/20119\/revisions\/67129"}],"wp:attachment":[{"href":"https:\/\/grzegorzjaszczura.pl\/index.php?rest_route=%2Fwp%2Fv2%2Fmedia&parent=20119"}],"wp:term":[{"taxonomy":"category","embeddable":true,"href":"https:\/\/grzegorzjaszczura.pl\/index.php?rest_route=%2Fwp%2Fv2%2Fcategories&post=20119"},{"taxonomy":"post_tag","embeddable":true,"href":"https:\/\/grzegorzjaszczura.pl\/index.php?rest_route=%2Fwp%2Fv2%2Ftags&post=20119"}],"curies":[{"name":"wp","href":"https:\/\/api.w.org\/{rel}","templated":true}]}}