{"id":20484,"date":"2013-07-23T15:12:51","date_gmt":"2013-07-23T08:12:51","guid":{"rendered":"http:\/\/grzegorzjaszczura.pl\/?p=20484"},"modified":"2013-07-24T16:48:18","modified_gmt":"2013-07-24T09:48:18","slug":"kto-tu-jest-faszysta","status":"publish","type":"post","link":"https:\/\/grzegorzjaszczura.pl\/?p=20484","title":{"rendered":"Kto tu jest faszyst\u0105?"},"content":{"rendered":"<p style=\"text-align: justify;\"><a href=\"http:\/\/grzegorzjaszczura.pl\/http:\/\/grzegorzjaszczura.pl\/wp-content\/uploads\/2013\/07\/Korwin-kamery.jpg\"><img loading=\"lazy\" decoding=\"async\" class=\"alignleft size-thumbnail wp-image-24657\" title=\"Korwin-kamery\" src=\"http:\/\/grzegorzjaszczura.pl\/http:\/\/grzegorzjaszczura.pl\/wp-content\/uploads\/2013\/07\/Korwin-kamery-150x150.jpg\" alt=\"\" width=\"150\" height=\"150\" \/><\/a>Czarna (<span style=\"color: #ff0000;\">czerwona<\/span>?) propaganda, kt\u00f3ra jest coraz powszechniejsza, podejrzewam zreszt\u0105, \u017ce nie tylko w polskich i polskoj\u0119zycznych mainstreamowych mediach, ale w ca\u0142ej <span style=\"color: #ff0000;\">Unii Europejskiej<\/span> polega na prostym zabiegu. Mianowicie <span style=\"color: #ff0000;\">lewaki<\/span> stosuj\u0105 metod\u0119 zmiany definicji s\u0142\u00f3w i poj\u0119\u0107, przez co tak\u017ce (niestety) wypaczenia historii i wsp\u00f3\u0142czesno\u015bci.<!--more--> Efektem jest takie zamieszanie w m\u00f3zgach ich wyborc\u00f3w, \u017ce ci s\u0105 w stanie przyj\u0105\u0107 ka\u017cde, nawet najbardziej skrajnie zak\u0142amane i przeinaczone stanowisko. <strong>Najpro\u015bciej to udowodni\u0107 na przyk\u0142adzie faszyzmu!<\/strong><\/p>\n<p style=\"text-align: justify;\">Okazuje si\u0119, \u017ce je\u017celi si\u0119 nie jest z nimi (tj. socjalistami, przyk\u0142adowo socjalistami narodowymi, czyli faszystami), to cokolwiek by nie powiedzie\u0107 okazuje si\u0119 to <span style=\"color: #ff0000;\">faszyzmem<\/span>! Niejaka <strong>A. Koz\u0142owska-Rajewicz<\/strong>, Pe\u0142nomocniczka Rz\u0105du RP ds. R\u00f3wnego Traktowania, potrafi powiedzie\u0107 co\u015b takiego: <span style=\"color: #ff0000;\"><em>&#8222;Takie osoby jak <strong>Korwin-Mikke<\/strong>, o faszystowskich pogl\u0105dach i gardz\u0105cych innymi lud\u017ami, nale\u017cy izolowa\u0107 i pokazywa\u0107, \u017ce ich spos\u00f3b my\u015blenia jest po prostu nieakceptowalny, &#8230;&#8221;<\/em><\/span>. Trafi\u0142a jak kul\u0105 w p\u0142ot. Bo, p. <strong>J. Korwin-Mikke<\/strong>, zreszt\u0105 podobnie jak ja, jest antysocjalist\u0105 (w tym antysocjalist\u0105 narodowym, antykomunist\u0105 i antyzielonym). <strong>Socjalist\u0105 narodowym nie jest.<\/strong> To na 100%. A <span style=\"color: #ff0000;\">tow.<\/span><strong> A. Koz\u0142owska-Rajewicz<\/strong> w swym socjalistycznym unioeuropejskim uniesieniu wyzywa antysocjalist\u0119 od socjalist\u00f3w!!! Absurd!!!<\/p>\n<p style=\"text-align: justify;\"><a href=\"http:\/\/grzegorzjaszczura.pl\/http:\/\/grzegorzjaszczura.pl\/wp-content\/uploads\/2013\/07\/znaczki-Niemcy.jpg\"><img loading=\"lazy\" decoding=\"async\" class=\"alignleft size-thumbnail wp-image-24671\" title=\"znaczki-Niemcy\" src=\"http:\/\/grzegorzjaszczura.pl\/http:\/\/grzegorzjaszczura.pl\/wp-content\/uploads\/2013\/07\/znaczki-Niemcy-150x150.jpg\" alt=\"\" width=\"150\" height=\"150\" \/><\/a>Zadedykujmy tej ultralewicowej socjalistce &#8211; ministerce, nie wiedz\u0105cej, co warto przy okazji zauwa\u017cy\u0107 co to jest tolerancja, samego <strong>Adolfa Hitlera<\/strong> (z jego wyst\u0105pienia z okazji czwartej rocznicy przej\u0119cia w\u0142adzy, 30.01.1937 r.):<\/p>\n<p style=\"text-align: justify;\"><span style=\"color: #ff0000;\"><em>&#8222;Czy istnieje wspanialszy, pi\u0119kniejszy socjalizm i prawdziwsza demokracja ni\u017c narodowy socjalizm?<\/em><\/span><\/p>\n<p style=\"text-align: justify;\"><span style=\"color: #ff0000;\"><em>Oba te historyczne do\u015bwiadczenia, narodowy socjalizm i komunizm, zdolne s\u0105 do tego, aby zakwestionowa\u0107 wyobra\u017cenia socjaldemokracji o wolno\u015bci, i jej wol\u0119, aby je urzeczywistni\u0107.&#8221;<\/em><\/span><\/p>\n<p style=\"text-align: justify;\">Ciekawe na ile chwyci s\u0142owa tego socjalistycznego niemieckiego zbrodniarza <strong>A. Hitlera <\/strong>(<span style=\"color: #ff0000;\">Nationalsozialistische Deutsche Arbeiterpartei<\/span> &#8211; <span style=\"color: #ff0000;\">Narodowosocjalistyczna Niemiecka Partia Robotnik\u00f3w<\/span>).<\/p>\n<p style=\"text-align: justify;\"><a href=\"http:\/\/grzegorzjaszczura.pl\/http:\/\/grzegorzjaszczura.pl\/wp-content\/uploads\/2013\/07\/zakaz-skr\u0119tu1.jpg\"><img loading=\"lazy\" decoding=\"async\" class=\"alignleft size-full wp-image-24664\" title=\"zakaz-skr\u0119tu\" src=\"http:\/\/grzegorzjaszczura.pl\/http:\/\/grzegorzjaszczura.pl\/wp-content\/uploads\/2013\/07\/zakaz-skr\u0119tu1.jpg\" alt=\"\" width=\"120\" height=\"120\" \/><\/a>Faszyzacja stanowiska przedstawicieli rz\u0105du tzw. RP mo\u017ce napawa\u0107 strachem ludzi uczciwych i inteligentnych normalnie. Jak uwa\u017ca m\u00f3j znajomy, z kt\u00f3rym si\u0119 ca\u0142kowicie zgadzam <strong>JKM<\/strong> jest bardzo niebezpieczny. Ju\u017c 20 lat temu w <strong>Najwy\u017cszym Czasie<\/strong> by\u0142 Jego tekst przekonywuj\u0105cy, \u017ce <span style=\"color: #ff0000;\"><strong>ZUS<\/strong><\/span> to przekr\u0119t, kt\u00f3ry trzeba szybko zlikwidowa\u0107 a ludzi w nim uwik\u0142anych zabezpieczy\u0107.<\/p>\n<p style=\"text-align: justify;\">&#8222;Pan <strong>J. Korwin-Mikke<\/strong> jako pose\u0142 zg\u0142osi\u0142 projekt uchwa\u0142y zakazuj\u0105cej rz\u0105dowi przedstawiania a Sejmowi uchwalania bud\u017cetu z deficytem, czyli zakaz zad\u0142u\u017cania pa\u0144stwa. &#8222;Czym wywo\u0142a\u0142 taki \u015bmiech pozosta\u0142ych pos\u0142\u00f3w, \u017ce s\u0142ycha\u0107 to by\u0142o na Pl. Trzech Krzy\u017cy.&#8221;. Tzw. media okrzykn\u0119\u0142y go wtedy oszo\u0142omem i nakaza\u0142y izolacj\u0119. To\u017c to naprawd\u0119 niebezpieczny typ!!! Aha, jeszcze jako pose\u0142 <strong>JKM<\/strong> zg\u0142osi\u0142 uchwa\u0142\u0119 lustracyjn\u0105, kt\u00f3r\u0105 sejm uchwali\u0142.&#8221;. Jedynie minister <strong>A. Macierewicz<\/strong> nie raczy\u0142 do ko\u0144ca jej niestety wykona\u0107.<\/p>\n<p style=\"text-align: justify;\"><strong><span style=\"color: #ff0000;\">Pani ministra<\/span> ma racj\u0119 :), cho\u0107 nie wymy\u015bli\u0142a nic nowego. Korwina-Mikke trzeba izolowa\u0107!!! Tylko pieni\u0105dze, m.in. z moich podatk\u00f3w, kt\u00f3re dostaje od rz\u0105du socjalisty D. Tuska powinna otrzymywa\u0107 na stanowisku pe\u0142nomocniczki ds. NIETOLERANCJI, \u017ceby nie ok\u0142amywa\u0107 Wyborc\u00f3w.<br \/>\n<\/strong><\/p>\n<p style=\"text-align: justify;\">O wsp\u00f3lnych cechach i celach <span style=\"color: #ff0000;\">socjalist\u00f3w<\/span> (w tym <span style=\"color: #ff0000;\">nazist\u00f3w<\/span>),<span style=\"color: #ff0000;\"> komunist\u00f3w<\/span> i <span style=\"color: #ff0000;\">zielonych<\/span> w oddzielnym wpisie.<\/p>\n<p style=\"text-align: justify;\"><span style=\"color: #0000ff;\"><strong>Ps<\/strong><\/span> Zobacz tak\u017ce: <a href=\"http:\/\/grzegorzjaszczura.pl\/?p=24440#more-24440\"><span style=\"color: #0000ff;\"><em><strong>Wirus socjalizmu<\/strong><\/em><\/span><\/a> i <a href=\"http:\/\/grzegorzjaszczura.pl\/?p=14344#more-14344\"><span style=\"color: #0000ff;\"><em><strong>Precz z faszyzmem!<\/strong><\/em><\/span><\/a>.<\/p>\n","protected":false},"excerpt":{"rendered":"<p>Czarna (czerwona?) propaganda, kt\u00f3ra jest coraz powszechniejsza, podejrzewam zreszt\u0105, \u017ce nie tylko w polskich i polskoj\u0119zycznych mainstreamowych mediach, ale w ca\u0142ej Unii Europejskiej polega na prostym zabiegu. Mianowicie lewaki stosuj\u0105 metod\u0119 zmiany definicji s\u0142\u00f3w i poj\u0119\u0107, przez co tak\u017ce (niestety) wypaczenia historii i wsp\u00f3\u0142czesno\u015bci.<\/p>\n","protected":false},"author":2,"featured_media":0,"comment_status":"open","ping_status":"open","sticky":false,"template":"","format":"standard","meta":{"_monsterinsights_skip_tracking":false,"_monsterinsights_sitenote_active":false,"_monsterinsights_sitenote_note":"","_monsterinsights_sitenote_category":0,"footnotes":""},"categories":[3],"tags":[],"class_list":["post-20484","post","type-post","status-publish","format-standard","hentry","category-polityczne"],"_links":{"self":[{"href":"https:\/\/grzegorzjaszczura.pl\/index.php?rest_route=\/wp\/v2\/posts\/20484","targetHints":{"allow":["GET"]}}],"collection":[{"href":"https:\/\/grzegorzjaszczura.pl\/index.php?rest_route=\/wp\/v2\/posts"}],"about":[{"href":"https:\/\/grzegorzjaszczura.pl\/index.php?rest_route=\/wp\/v2\/types\/post"}],"author":[{"embeddable":true,"href":"https:\/\/grzegorzjaszczura.pl\/index.php?rest_route=\/wp\/v2\/users\/2"}],"replies":[{"embeddable":true,"href":"https:\/\/grzegorzjaszczura.pl\/index.php?rest_route=%2Fwp%2Fv2%2Fcomments&post=20484"}],"version-history":[{"count":38,"href":"https:\/\/grzegorzjaszczura.pl\/index.php?rest_route=\/wp\/v2\/posts\/20484\/revisions"}],"predecessor-version":[{"id":24752,"href":"https:\/\/grzegorzjaszczura.pl\/index.php?rest_route=\/wp\/v2\/posts\/20484\/revisions\/24752"}],"wp:attachment":[{"href":"https:\/\/grzegorzjaszczura.pl\/index.php?rest_route=%2Fwp%2Fv2%2Fmedia&parent=20484"}],"wp:term":[{"taxonomy":"category","embeddable":true,"href":"https:\/\/grzegorzjaszczura.pl\/index.php?rest_route=%2Fwp%2Fv2%2Fcategories&post=20484"},{"taxonomy":"post_tag","embeddable":true,"href":"https:\/\/grzegorzjaszczura.pl\/index.php?rest_route=%2Fwp%2Fv2%2Ftags&post=20484"}],"curies":[{"name":"wp","href":"https:\/\/api.w.org\/{rel}","templated":true}]}}