{"id":20488,"date":"2012-10-08T11:51:51","date_gmt":"2012-10-08T09:51:51","guid":{"rendered":"http:\/\/grzegorzjaszczura.pl\/?p=20488"},"modified":"2012-10-08T14:52:50","modified_gmt":"2012-10-08T12:52:50","slug":"ojczyzne-wolna-racz-nam-wrocic-panie","status":"publish","type":"post","link":"https:\/\/grzegorzjaszczura.pl\/?p=20488","title":{"rendered":"Ojczyzn\u0119 woln\u0105 &#8211; racz nam wr\u00f3ci\u0107 Panie!"},"content":{"rendered":"<p style=\"text-align: justify;\"><a href=\"http:\/\/grzegorzjaszczura.pl\/http:\/\/grzegorzjaszczura.pl\/wp-content\/uploads\/2012\/10\/201210071292.jpg\"><img loading=\"lazy\" decoding=\"async\" class=\"alignleft size-thumbnail wp-image-20502\" title=\"201210071292\" src=\"http:\/\/grzegorzjaszczura.pl\/http:\/\/grzegorzjaszczura.pl\/wp-content\/uploads\/2012\/10\/201210071292-150x150.jpg\" alt=\"\" width=\"150\" height=\"150\" \/><\/a>Pod tym tytu\u0142owym has\u0142em odby\u0142a si\u0119 wczoraj, tj. <strong>7.X.<\/strong>2012 roku, w Warszawie manifestacja cz\u0142onk\u00f3w i sympatyk\u00f3w<strong> Kongresu <span style=\"color: #ff0000;\">Nowej<\/span> <span style=\"color: #0000ff;\">Prawicy<\/span><\/strong>. To w\u0142a\u015bnie 7 pa\u017adziernika 1918 roku <strong>Rada Regencyjna<\/strong> og\u0142osi\u0142a niepodleg\u0142o\u015b\u0107 Polski. Po 123 latach pobytu Ziem Polskich pod zaborami odrodzone zosta\u0142o Kr\u00f3lestwo Polskie. Za tym posz\u0142y kroki praktyczne: 12.X. Rada przej\u0119\u0142a od okupant\u00f3w w\u0142adz\u0119 zwierzchni\u0105 nad wojskiem, a 25.X. powo\u0142a\u0142a rz\u0105d<!--more--> \u015bp. <strong>J\u00f3zefa \u015awie\u017cy\u0144skiego<\/strong>. 28 pa\u017adziernika Rada Regencyjna powo\u0142a\u0142a gen. <strong>Tadeusza Rozwadowskiego<\/strong> \u2013 p\u00f3\u017aniejszego zwyci\u0119zc\u0119 w Bitwie Warszawskiej &#8211; na szefa Sztabu Generalnego Wojska Polskiego. <strong>Jest to znamienna data w historii niepodleg\u0142ej Polski.<\/strong><\/p>\n<p style=\"text-align: justify;\"><a href=\"http:\/\/grzegorzjaszczura.pl\/http:\/\/grzegorzjaszczura.pl\/wp-content\/uploads\/2012\/10\/2012100712571.jpg\"><img loading=\"lazy\" decoding=\"async\" class=\"alignleft size-thumbnail wp-image-20501\" title=\"201210071257\" src=\"http:\/\/grzegorzjaszczura.pl\/http:\/\/grzegorzjaszczura.pl\/wp-content\/uploads\/2012\/10\/2012100712571-150x150.jpg\" alt=\"\" width=\"150\" height=\"150\" \/><\/a>Obecnie, gdy Polska stopniowo traci <strong><a href=\"http:\/\/grzegorzjaszczura.pl\/?p=16923#more-16923\">nie tylko suwerenno\u015b\u0107<\/a><\/strong>, ale i odzywaj\u0105 si\u0119 g\u0142osy o zb\u0119dno\u015bci istnienia Pa\u0144stwa Polskiego (np. Samoobrona Miejska) przypominanie takich dat jest obowi\u0105zkiem polskich patriot\u00f3w. Przed <strong>Przemarszem Wolno\u015bci i Suwerenno\u015bci<\/strong> odby\u0142a si\u0119 w Ko\u015bciele pw.<strong> \u015aw. Aleksandra<\/strong> Msza \u015awi\u0119ta w intencji naszej <strong>Ojczyzny<\/strong>.<\/p>\n<p style=\"text-align: justify;\"><a href=\"http:\/\/grzegorzjaszczura.pl\/http:\/\/grzegorzjaszczura.pl\/wp-content\/uploads\/2012\/10\/201210071283.jpg\"><img loading=\"lazy\" decoding=\"async\" class=\"alignleft size-thumbnail wp-image-20505\" title=\"201210071283\" src=\"http:\/\/grzegorzjaszczura.pl\/http:\/\/grzegorzjaszczura.pl\/wp-content\/uploads\/2012\/10\/201210071283-150x150.jpg\" alt=\"\" width=\"150\" height=\"150\" \/><\/a>Marsz zako\u0144czy\u0142 si\u0119 wiecem pod Kolumn\u0105 <strong>Zygmunta III Wazy <\/strong>na Placu Zamkowym.<\/p>\n<p style=\"text-align: justify;\">Zobacz: <strong><a href=\"http:\/\/www.youtube.com\/watch?v=KO_21Ty3DJQ\">http:\/\/www.youtube.com\/watch?v=KO_21Ty3DJQ<\/a><\/strong>,<\/p>\n<p style=\"text-align: justify;\"><strong><a href=\"https:\/\/www.youtube.com\/watch?v=bpPr1m1O9GQ\">https:\/\/www.youtube.com\/watch?v=bpPr1m1O9GQ<\/a><\/strong>.<\/p>\n<p style=\"text-align: justify;\"><a href=\"http:\/\/grzegorzjaszczura.pl\/http:\/\/grzegorzjaszczura.pl\/wp-content\/uploads\/2012\/10\/201210071276.jpg\"><img loading=\"lazy\" decoding=\"async\" class=\"alignleft size-thumbnail wp-image-20518\" title=\"201210071276\" src=\"http:\/\/grzegorzjaszczura.pl\/http:\/\/grzegorzjaszczura.pl\/wp-content\/uploads\/2012\/10\/201210071276-150x150.jpg\" alt=\"\" width=\"150\" height=\"150\" \/><\/a>Musz\u0119 doda\u0107, \u017ce na czerwonym \u015bwietle starali\u015bmy si\u0119 i\u015b\u0107 jeszcze bardziej zdecydowanie (zdj\u0119cie obok). Has\u0142a wznoszone w trakcie przemarszu: <em><strong>&#8222;Precz z brukselsk\u0105 okupacj\u0105&#8221;<\/strong><\/em> czy <em><strong>&#8222;Raz sierpem, raz m\u0142otem czerwon\u0105 ho\u0142ot\u0119&#8221;<\/strong><\/em>, to tylko nieliczne, wznoszone przez kilkuset osobowy t\u0142um.<\/p>\n<p style=\"text-align: justify;\"><a href=\"http:\/\/grzegorzjaszczura.pl\/http:\/\/grzegorzjaszczura.pl\/wp-content\/uploads\/2012\/10\/201210071308.jpg\"><img loading=\"lazy\" decoding=\"async\" class=\"alignleft size-thumbnail wp-image-20514\" title=\"201210071308\" src=\"http:\/\/grzegorzjaszczura.pl\/http:\/\/grzegorzjaszczura.pl\/wp-content\/uploads\/2012\/10\/201210071308-150x150.jpg\" alt=\"\" width=\"150\" height=\"150\" \/><\/a>Dla cz\u0142onk\u00f3w i sympatyk\u00f3w <strong><span style=\"color: #ff0000;\">Nowej<\/span> <span style=\"color: #0000ff;\">Prawicy<\/span> Janusza Korwin-Mikke<\/strong> podaj\u0119 tak\u017ce informacj\u0119, \u017ce po Marszu, w Hotelu Bristol w Warszawie odby\u0142 si\u0119 <strong>Konwent Nadzwyczajny<\/strong> partii. G\u0142\u00f3wnym celem Konwentu by\u0142y poprawki statutowe spowodowane w\u0105tpliwo\u015bciami S\u0105du Okr\u0119gowego w Warszawie. Konwent uchwali\u0142 tak\u017ce Program Polityczny <strong>K<span style=\"color: #ff0000;\">N<\/span><span style=\"color: #0000ff;\">P<\/span><\/strong>. O tym przy okazji.<\/p>\n<p style=\"text-align: justify;\"><a href=\"http:\/\/grzegorzjaszczura.pl\/http:\/\/grzegorzjaszczura.pl\/wp-content\/uploads\/2012\/10\/201210071273.jpg\"><img loading=\"lazy\" decoding=\"async\" class=\"alignleft size-thumbnail wp-image-20521\" title=\"201210071273\" src=\"http:\/\/grzegorzjaszczura.pl\/http:\/\/grzegorzjaszczura.pl\/wp-content\/uploads\/2012\/10\/201210071273-150x150.jpg\" alt=\"\" width=\"150\" height=\"150\" \/><\/a><a href=\"http:\/\/grzegorzjaszczura.pl\/http:\/\/grzegorzjaszczura.pl\/wp-content\/uploads\/2012\/10\/201210071297.jpg\"><img loading=\"lazy\" decoding=\"async\" class=\"alignleft size-thumbnail wp-image-20522\" title=\"201210071297\" src=\"http:\/\/grzegorzjaszczura.pl\/http:\/\/grzegorzjaszczura.pl\/wp-content\/uploads\/2012\/10\/201210071297-150x150.jpg\" alt=\"\" width=\"150\" height=\"150\" \/><\/a><a href=\"http:\/\/grzegorzjaszczura.pl\/http:\/\/grzegorzjaszczura.pl\/wp-content\/uploads\/2012\/10\/201210071299.jpg\"><img loading=\"lazy\" decoding=\"async\" class=\"alignleft size-thumbnail wp-image-20523\" title=\"201210071299\" src=\"http:\/\/grzegorzjaszczura.pl\/http:\/\/grzegorzjaszczura.pl\/wp-content\/uploads\/2012\/10\/201210071299-150x150.jpg\" alt=\"\" width=\"150\" height=\"150\" \/><\/a><a href=\"http:\/\/grzegorzjaszczura.pl\/http:\/\/grzegorzjaszczura.pl\/wp-content\/uploads\/2012\/10\/201210071313.jpg\"><img loading=\"lazy\" decoding=\"async\" class=\"alignleft size-thumbnail wp-image-20524\" title=\"201210071313\" src=\"http:\/\/grzegorzjaszczura.pl\/http:\/\/grzegorzjaszczura.pl\/wp-content\/uploads\/2012\/10\/201210071313-150x150.jpg\" alt=\"\" width=\"150\" height=\"150\" \/><\/a><\/p>\n<p style=\"text-align: justify;\"><span style=\"color: #0000ff;\"><strong>Ps.<\/strong><\/span> <a href=\"http:\/\/www.youtube.com\/watch?v=8wmXguhiZEs\"><strong>http:\/\/www.youtube.com\/watch?v=8wmXguhiZE<\/strong><\/a>s,<\/p>\n<p style=\"text-align: justify;\"><a href=\"http:\/\/www.youtube.com\/watch?v=AYcajzY1iZ8&amp;feature=share\"><strong>http:\/\/www.youtube.com\/watch?v=AYcajzY1iZ8&amp;feature=share,<\/strong><\/a><\/p>\n<p style=\"text-align: justify;\"><a href=\"http:\/\/www.youtube.com\/watch?v=u2adm_XiW_g&amp;feature=youtu.be\"><strong>http:\/\/www.youtube.com\/watch?v=u2adm_XiW_g&amp;feature=youtu.be<\/strong><\/a>.<\/p>\n","protected":false},"excerpt":{"rendered":"<p>Pod tym tytu\u0142owym has\u0142em odby\u0142a si\u0119 wczoraj, tj. 7.X.2012 roku, w Warszawie manifestacja cz\u0142onk\u00f3w i sympatyk\u00f3w Kongresu Nowej Prawicy. To w\u0142a\u015bnie 7 pa\u017adziernika 1918 roku Rada Regencyjna og\u0142osi\u0142a niepodleg\u0142o\u015b\u0107 Polski. Po 123 latach pobytu Ziem Polskich pod zaborami odrodzone zosta\u0142o Kr\u00f3lestwo Polskie. Za tym posz\u0142y kroki praktyczne: 12.X. Rada przej\u0119\u0142a od okupant\u00f3w w\u0142adz\u0119 zwierzchni\u0105 nad [&hellip;]<\/p>\n","protected":false},"author":2,"featured_media":0,"comment_status":"open","ping_status":"open","sticky":false,"template":"","format":"standard","meta":{"_monsterinsights_skip_tracking":false,"_monsterinsights_sitenote_active":false,"_monsterinsights_sitenote_note":"","_monsterinsights_sitenote_category":0,"footnotes":""},"categories":[3],"tags":[],"class_list":["post-20488","post","type-post","status-publish","format-standard","hentry","category-polityczne"],"_links":{"self":[{"href":"https:\/\/grzegorzjaszczura.pl\/index.php?rest_route=\/wp\/v2\/posts\/20488","targetHints":{"allow":["GET"]}}],"collection":[{"href":"https:\/\/grzegorzjaszczura.pl\/index.php?rest_route=\/wp\/v2\/posts"}],"about":[{"href":"https:\/\/grzegorzjaszczura.pl\/index.php?rest_route=\/wp\/v2\/types\/post"}],"author":[{"embeddable":true,"href":"https:\/\/grzegorzjaszczura.pl\/index.php?rest_route=\/wp\/v2\/users\/2"}],"replies":[{"embeddable":true,"href":"https:\/\/grzegorzjaszczura.pl\/index.php?rest_route=%2Fwp%2Fv2%2Fcomments&post=20488"}],"version-history":[{"count":43,"href":"https:\/\/grzegorzjaszczura.pl\/index.php?rest_route=\/wp\/v2\/posts\/20488\/revisions"}],"predecessor-version":[{"id":20540,"href":"https:\/\/grzegorzjaszczura.pl\/index.php?rest_route=\/wp\/v2\/posts\/20488\/revisions\/20540"}],"wp:attachment":[{"href":"https:\/\/grzegorzjaszczura.pl\/index.php?rest_route=%2Fwp%2Fv2%2Fmedia&parent=20488"}],"wp:term":[{"taxonomy":"category","embeddable":true,"href":"https:\/\/grzegorzjaszczura.pl\/index.php?rest_route=%2Fwp%2Fv2%2Fcategories&post=20488"},{"taxonomy":"post_tag","embeddable":true,"href":"https:\/\/grzegorzjaszczura.pl\/index.php?rest_route=%2Fwp%2Fv2%2Ftags&post=20488"}],"curies":[{"name":"wp","href":"https:\/\/api.w.org\/{rel}","templated":true}]}}