{"id":21089,"date":"2012-11-19T10:21:53","date_gmt":"2012-11-19T08:21:53","guid":{"rendered":"http:\/\/grzegorzjaszczura.pl\/?p=21089"},"modified":"2012-11-19T16:18:57","modified_gmt":"2012-11-19T14:18:57","slug":"komornik-wyznacznikiem-kryzysu","status":"publish","type":"post","link":"https:\/\/grzegorzjaszczura.pl\/?p=21089","title":{"rendered":"Komornik wyznacznikiem kryzysu"},"content":{"rendered":"<p style=\"text-align: justify;\"><a href=\"http:\/\/grzegorzjaszczura.pl\/http:\/\/grzegorzjaszczura.pl\/wp-content\/uploads\/2012\/11\/Komornik.jpg\"><img loading=\"lazy\" decoding=\"async\" class=\"alignleft size-thumbnail wp-image-21093\" title=\"Komornik\" src=\"http:\/\/grzegorzjaszczura.pl\/http:\/\/grzegorzjaszczura.pl\/wp-content\/uploads\/2012\/11\/Komornik-150x150.jpg\" alt=\"\" width=\"150\" height=\"150\" \/><\/a>S\u0105 r\u00f3\u017cne odczuwalne <strong>mierniki kryzysu gospodarczego<\/strong>. Jednym z nich jest <strong>nasz portfel<\/strong>. Miernik ten ma szczeg\u00f3lne znaczenie w sytuacji, gdy dawno nie otrzymali\u015bmy od szefa podwy\u017cki, a jednocze\u015bnie widzimy, \u017ce musimy coraz bardziej oszcz\u0119dza\u0107 na dobrach konsumpcyjnych \u2013 <strong>prawo Engla<\/strong>. Ponadto odczuwamy wzrost koszt\u00f3w sta\u0142ych, np. rachunki za wod\u0119, pr\u0105d<!--more--> czy gaz. Miernik ten przejawia si\u0119 r\u00f3wnie\u017c tym, \u017ce przy naszej sta\u0142ej pensji coraz cz\u0119\u015bciej na koniec miesi\u0105ca brakuje nam pieni\u0119dzy na prze\u017cycie. W przypadku przedsi\u0119biorc\u00f3w jest jeszcze gorzej, trzeba zamyka\u0107 firm\u0119, og\u0142asza\u0107 bankructwo lub ci\u0105\u0107 koszty. Te ostatnie, to najlepiej poprzez zwolnienia pracownik\u00f3w, bo ich koszty pracy poprzez astronomiczny ZUS czy podatki s\u0105 najbardziej znacz\u0105ce.<\/p>\n<p style=\"text-align: justify;\">Drugi odczuwalny miernik to <strong>komornik i wzrost licytacji komorniczych<\/strong><strong>. <\/strong>Niew\u0105tpliwie ma on ostatnio tendencj\u0119 wzrostow\u0105. Jest szczeg\u00f3lnie widoczny, gdy mamy coraz wi\u0119ksze problemy ze sp\u0142at\u0105 kredyt\u00f3w i odsetek od nich, op\u0142at za paliwa i inne \u017ar\u00f3d\u0142a energii czy zap\u0142at\u0119 podatk\u00f3w i sk\u0142adek spo\u0142ecznych. Szczeg\u00f3lnie wobec <strong>uprzywilejowanych monopolistycznych podmiot\u00f3w<\/strong> takich jak banki, zak\u0142ady energetyczne, gazownie, wodoci\u0105gi czy takich instytucji jak Urz\u0105d Skarbowy i ZUS.<\/p>\n<p style=\"text-align: justify;\">W tym miejscu <strong>mogliby\u015bmy<\/strong> przy okazji retorycznie <strong>zapyta\u0107<\/strong> o to, <strong>kto doprowadzi\u0142<\/strong> w D\u0105browie G\u00f3rniczej <strong>do monopolistycznej<\/strong> pozycji firmy <strong><a href=\"http:\/\/grzegorzjaszczura.pl\/?p=16580#more-16580\">Aqua Gmbh<\/a> (wodoci\u0105gi)<\/strong> i dlaczego nie podejmuje si\u0119 pr\u00f3b budowy drugiego niezale\u017cnego uj\u0119cia wody ze zbiornika <strong>Pogoria 4<\/strong>? Przecie\u017c mamy pono\u0107 <strong>&#8222;Pojezierze D\u0105browskie&#8221;.<\/strong> Wody u nas pod dostatkiem. Mo\u017ce chodzi tu o lokalny <strong>klientelizm polityczny<\/strong>? Na to pytanie niech ka\u017cdy sobie sam odpowie.<\/p>\n<p style=\"text-align: justify;\">Ten sam problem jeszcze bardziej pog\u0142\u0119bi si\u0119 przy monopolu niemiecko-gminnej sp\u00f3\u0142ki <a href=\"http:\/\/grzegorzjaszczura.pl\/?p=18267#more-18267\"><strong>Alba MPGK<\/strong><\/a> i przetwarzaniu \u015bmieci. A mieszka\u0144cy odczuj\u0105 polityk\u0119 <span style=\"color: #ff0000;\">lewicowych w\u0142adz<\/span> miasta poprzez zwi\u0119kszanie op\u0142at. <em>Nota bene<\/em> to samo by\u0142o i jeszcze bardziej b\u0119dzie przy wodzie i odprowadzeniu \u015bciek\u00f3w!<\/p>\n<p style=\"text-align: justify;\">Jakie s\u0105 wi\u0119c mo\u017cliwo\u015bci wyj\u015bcia z impasu, szczeg\u00f3lnie gdy partia rz\u0105dz\u0105ca, czyli <span style=\"color: #ff6600;\"><strong>Platforma Obywatelska<\/strong><\/span> praktycznie nie realizuje obiecanego Wyborcom programu gospodarczego tylko koncentruje si\u0119 na utrzymaniu dotychczasowych synekur. Z kolei tzw. opozycja parlamentarna, czyli <span style=\"color: #993366;\"><strong>Prawo i Sprawiedliwo\u015b\u0107<\/strong><\/span> zamiast zaj\u0105\u0107 si\u0119 gospodark\u0105 udowadnia nam r\u00f3\u017cne dziwne tezy: to, \u017ce brzoza str\u0105ci\u0142a samolot, czy te\u017c, \u017ce na samolot by\u0142 zamach. Wskazuj\u0105c jednocze\u015bnie winnych, kt\u00f3rzy wcale nie maj\u0105 zamiaru przyzna\u0107 si\u0119 do winy. Tylko, \u017ce obecnie statystycznego Kowalskiego czy Nowaka ma\u0142o to obchodzi? Szczeg\u00f3lnie, gdy ludziom przesta\u0142o si\u0119 ju\u017c &#8222;poprawia\u0107&#8221;, a firmy coraz cz\u0119\u015bciej plajtuj\u0105, np. przez taki kolejny parapodatek jak <em><strong>viaToll<\/strong><\/em>. Piszemy, \u017ce si\u0119 poprawia\u0142o, bo na koniec poprzedniej epoki komunistycznej zdarza\u0142o si\u0119 widzie\u0107 na p\u00f3\u0142kach w sklepach spo\u017cywczych jedynie ocet i szczaw.<\/p>\n<p style=\"text-align: justify;\">Doda\u0107 po prawdzie musimy, i\u017c to <span style=\"color: #993366;\"><strong>PiS<\/strong><\/span> zlikwidowa\u0142 trzeci\u0105 stawk\u0119 podatku <strong>PIT<\/strong> oraz obni\u017cy\u0142 podatek <strong>CI<\/strong><strong>T<\/strong>, ale co z tego, skoro kojarzony jest tylko z marszami, brzoz\u0105, zamachem i Smole\u0144skiem. <strong>A by\u0142oby si\u0119 czym pochwali\u0107. <\/strong><\/p>\n<p style=\"text-align: justify;\"><a href=\"http:\/\/grzegorzjaszczura.pl\/http:\/\/grzegorzjaszczura.pl\/wp-content\/uploads\/2012\/11\/Dwa-po\u017cary-na-Zag\u0142\u0119biance.jpg\"><img loading=\"lazy\" decoding=\"async\" class=\"alignleft size-thumbnail wp-image-21102\" title=\"Dwa po\u017cary na Zag\u0142\u0119biance\" src=\"http:\/\/grzegorzjaszczura.pl\/http:\/\/grzegorzjaszczura.pl\/wp-content\/uploads\/2012\/11\/Dwa-po\u017cary-na-Zag\u0142\u0119biance-150x150.jpg\" alt=\"\" width=\"150\" height=\"150\" \/><\/a>Szerzy si\u0119 r\u00f3wnie\u017c w kraju cwaniactwo i bezkarno\u015b\u0107, np. r\u00f3\u017cne <strong>Amber Goldy<\/strong>. W tym miejscu zauwa\u017cy\u0107 musimy patologie w samym wymiarze sprawiedliwo\u015bci. Gdy chodzi o jakiego\u015b biedaka, kt\u00f3ry ukrad\u0142by bu\u0142k\u0119 to, by go wtr\u0105cono do paki, najlepiej na dwa lata, ale jak chodzi o <span style=\"color: #ff0000;\"><em>bia\u0142e ko\u0142nierzyki<\/em><\/span> to mog\u0105 oni sobie spokojnie spa\u0107 i \u015bmia\u0107 si\u0119 innym prosto w twarz. B\u0119dzie co najwy\u017cej <a href=\"http:\/\/grzegorzjaszczura.pl\/?p=167#more-167\"><strong>umorzenie sprawy<\/strong><\/a>.<\/p>\n<p style=\"text-align: justify;\"><a href=\"http:\/\/grzegorzjaszczura.pl\/?p=14886#more-14886\"><strong>Pozytywnym wyj\u0105tkiem<\/strong><\/a> jest to, co pr\u00f3buje zrobi\u0107 minister <strong>Jaros\u0142aw Gowin (<span style=\"color: #ff6600;\">PO<\/span>),<\/strong> czyli<strong> deregulacja zawod\u00f3w<\/strong>. Jak\u017ce potrzebna naszej gospodarce. Przyzwolenie spo\u0142eczne na taki zabieg jest. Poparcie g\u0142\u00f3wnego oponenta (<span style=\"color: #993366;\"><strong>PiS<\/strong><\/span>) &#8211; zdecydowane a nawet wi\u0119cej. <a href=\"http:\/\/grzegorzjaszczura.pl\/http:\/\/grzegorzjaszczura.pl\/wp-content\/uploads\/2012\/11\/Deregulacja-2.jpg\"><img loading=\"lazy\" decoding=\"async\" class=\"alignleft size-thumbnail wp-image-21105\" title=\"Deregulacja 2\" src=\"http:\/\/grzegorzjaszczura.pl\/http:\/\/grzegorzjaszczura.pl\/wp-content\/uploads\/2012\/11\/Deregulacja-2-150x150.jpg\" alt=\"\" width=\"150\" height=\"150\" \/><\/a>Deregulacja jest potrzebna, m.in. po to by os\u0142abi\u0107 pozycj\u0119 r\u00f3\u017cnych korporacji zawodowych, np. prawniczych. Otwarcie zawod\u00f3w mo\u017ce przyczyni\u0107 si\u0119 do wzrostu <strong>konkurencyjno\u015bci<\/strong>, a tym samym <strong>obni\u017cki cen i wzrostu jako\u015bci us\u0142ug<\/strong>. Konkurencja zawsze by\u0142a i jest motorem gospodarki. Miejmy nadziej\u0119, \u017ce ministrowi Gowinowi nie zabraknie determinacji, tym bardziej, \u017ce przeciwnicy zmian nie \u015bpi\u0105: <a href=\"http:\/\/biznes.interia.pl\/praca\/news\/przedstawiciele-zawodow-finansowych-przeciw-deregulacji,1860961\">http:\/\/biznes.interia.pl\/praca\/news\/przedstawiciele-zawodow-finansowych-przeciw-deregulacji,1860961<\/a><span style=\"color: #000000;\">.<\/span><\/p>\n<p style=\"text-align: justify;\">Pokazuje to r\u00f3wnie\u017c nam, sk\u0105d by\u0142 tak du\u017cy op\u00f3r \u015brodowisk prawniczych w momencie nominacji Gowina na urz\u0105d Ministra Sprawiedliwo\u015bci. Po prostu cz\u0142owiek ze \u015brodowiska prawniczego nie odwa\u017cy\u0142by si\u0119 na zmiany w tym kierunku. Oczekiwania spo\u0142eczne wymagaj\u0105 jak najszybszego zako\u0144czenia konsultacji spo\u0142ecznych, kt\u00f3re niczego nie wnosz\u0105 i rych\u0142ego wdra\u017cania zmian deregulacyjnych. Zreszt\u0105 najlepsze by\u0142oby, zgodnie ze stwierdzeniem prezesa <strong>J. Korwina-Mikke<\/strong> (<strong>Kongres <span style=\"color: #ff0000;\">Nowej<\/span> <span style=\"color: #0000ff;\">Prawicy<\/span><\/strong>) nie gada\u0107 i konsultowa\u0107 tylko wprowadza\u0107 i realizowa\u0107!!!<\/p>\n<p style=\"text-align: justify;\">Poni\u017cej przedstawiamy zarys projektu deregulacji.<\/p>\n<p style=\"text-align: right;\"><em><span style=\"color: #0000ff;\"><strong>Dawid Kmiotek, Grzegorz Jaszczura<\/strong><\/span><\/em><\/p>\n<p style=\"text-align: justify;\"><strong>DEREGULACJA ZAWOD\u00d3W &#8211; UZASADNIENIE:<\/strong><\/p>\n<p style=\"text-align: justify;\"><a href=\"http:\/\/grzegorzjaszczura.pl\/http:\/\/grzegorzjaszczura.pl\/wp-content\/uploads\/2012\/11\/Uzasadnienie-1.jpg\"><img loading=\"lazy\" decoding=\"async\" class=\"alignleft size-thumbnail wp-image-21106\" title=\"Uzasadnienie 1\" src=\"http:\/\/grzegorzjaszczura.pl\/http:\/\/grzegorzjaszczura.pl\/wp-content\/uploads\/2012\/11\/Uzasadnienie-1-150x150.jpg\" alt=\"\" width=\"150\" height=\"150\" \/><\/a><a href=\"http:\/\/grzegorzjaszczura.pl\/http:\/\/grzegorzjaszczura.pl\/wp-content\/uploads\/2012\/11\/Uzasadnienie-2.jpg\"><img loading=\"lazy\" decoding=\"async\" class=\"alignleft size-thumbnail wp-image-21107\" title=\"Uzasadnienie 2\" src=\"http:\/\/grzegorzjaszczura.pl\/http:\/\/grzegorzjaszczura.pl\/wp-content\/uploads\/2012\/11\/Uzasadnienie-2-150x150.jpg\" alt=\"\" width=\"150\" height=\"150\" \/><\/a><a href=\"http:\/\/grzegorzjaszczura.pl\/http:\/\/grzegorzjaszczura.pl\/wp-content\/uploads\/2012\/11\/Uzasadnienie-3.jpg\"><img loading=\"lazy\" decoding=\"async\" class=\"alignleft size-thumbnail wp-image-21108\" title=\"Uzasadnienie 3\" src=\"http:\/\/grzegorzjaszczura.pl\/http:\/\/grzegorzjaszczura.pl\/wp-content\/uploads\/2012\/11\/Uzasadnienie-3-150x150.jpg\" alt=\"\" width=\"150\" height=\"150\" \/><\/a><a href=\"http:\/\/grzegorzjaszczura.pl\/http:\/\/grzegorzjaszczura.pl\/wp-content\/uploads\/2012\/11\/Uzasadnienie-4.jpg\"><img loading=\"lazy\" decoding=\"async\" class=\"alignleft size-thumbnail wp-image-21109\" title=\"Uzasadnienie 4\" src=\"http:\/\/grzegorzjaszczura.pl\/http:\/\/grzegorzjaszczura.pl\/wp-content\/uploads\/2012\/11\/Uzasadnienie-4-150x150.jpg\" alt=\"\" width=\"150\" height=\"150\" \/><\/a><a href=\"http:\/\/grzegorzjaszczura.pl\/http:\/\/grzegorzjaszczura.pl\/wp-content\/uploads\/2012\/11\/Uzasadnienie-5.jpg\"><img loading=\"lazy\" decoding=\"async\" class=\"alignleft size-thumbnail wp-image-21110\" title=\"Uzasadnienie 5\" src=\"http:\/\/grzegorzjaszczura.pl\/http:\/\/grzegorzjaszczura.pl\/wp-content\/uploads\/2012\/11\/Uzasadnienie-5-150x150.jpg\" alt=\"\" width=\"150\" height=\"150\" \/><\/a><a href=\"http:\/\/grzegorzjaszczura.pl\/http:\/\/grzegorzjaszczura.pl\/wp-content\/uploads\/2012\/11\/Uzasadnienie-6.jpg\"><img loading=\"lazy\" decoding=\"async\" class=\"alignleft size-thumbnail wp-image-21111\" title=\"Uzasadnienie 6\" src=\"http:\/\/grzegorzjaszczura.pl\/http:\/\/grzegorzjaszczura.pl\/wp-content\/uploads\/2012\/11\/Uzasadnienie-6-150x150.jpg\" alt=\"\" width=\"150\" height=\"150\" \/><\/a><\/p>\n","protected":false},"excerpt":{"rendered":"<p>S\u0105 r\u00f3\u017cne odczuwalne mierniki kryzysu gospodarczego. Jednym z nich jest nasz portfel. Miernik ten ma szczeg\u00f3lne znaczenie w sytuacji, gdy dawno nie otrzymali\u015bmy od szefa podwy\u017cki, a jednocze\u015bnie widzimy, \u017ce musimy coraz bardziej oszcz\u0119dza\u0107 na dobrach konsumpcyjnych \u2013 prawo Engla. Ponadto odczuwamy wzrost koszt\u00f3w sta\u0142ych, np. rachunki za wod\u0119, pr\u0105d<\/p>\n","protected":false},"author":2,"featured_media":0,"comment_status":"open","ping_status":"open","sticky":false,"template":"","format":"standard","meta":{"_monsterinsights_skip_tracking":false,"_monsterinsights_sitenote_active":false,"_monsterinsights_sitenote_note":"","_monsterinsights_sitenote_category":0,"footnotes":""},"categories":[3],"tags":[],"class_list":["post-21089","post","type-post","status-publish","format-standard","hentry","category-polityczne"],"_links":{"self":[{"href":"https:\/\/grzegorzjaszczura.pl\/index.php?rest_route=\/wp\/v2\/posts\/21089","targetHints":{"allow":["GET"]}}],"collection":[{"href":"https:\/\/grzegorzjaszczura.pl\/index.php?rest_route=\/wp\/v2\/posts"}],"about":[{"href":"https:\/\/grzegorzjaszczura.pl\/index.php?rest_route=\/wp\/v2\/types\/post"}],"author":[{"embeddable":true,"href":"https:\/\/grzegorzjaszczura.pl\/index.php?rest_route=\/wp\/v2\/users\/2"}],"replies":[{"embeddable":true,"href":"https:\/\/grzegorzjaszczura.pl\/index.php?rest_route=%2Fwp%2Fv2%2Fcomments&post=21089"}],"version-history":[{"count":41,"href":"https:\/\/grzegorzjaszczura.pl\/index.php?rest_route=\/wp\/v2\/posts\/21089\/revisions"}],"predecessor-version":[{"id":21207,"href":"https:\/\/grzegorzjaszczura.pl\/index.php?rest_route=\/wp\/v2\/posts\/21089\/revisions\/21207"}],"wp:attachment":[{"href":"https:\/\/grzegorzjaszczura.pl\/index.php?rest_route=%2Fwp%2Fv2%2Fmedia&parent=21089"}],"wp:term":[{"taxonomy":"category","embeddable":true,"href":"https:\/\/grzegorzjaszczura.pl\/index.php?rest_route=%2Fwp%2Fv2%2Fcategories&post=21089"},{"taxonomy":"post_tag","embeddable":true,"href":"https:\/\/grzegorzjaszczura.pl\/index.php?rest_route=%2Fwp%2Fv2%2Ftags&post=21089"}],"curies":[{"name":"wp","href":"https:\/\/api.w.org\/{rel}","templated":true}]}}