{"id":21152,"date":"2012-11-21T09:21:10","date_gmt":"2012-11-21T07:21:10","guid":{"rendered":"http:\/\/grzegorzjaszczura.pl\/?p=21152"},"modified":"2012-11-21T13:21:55","modified_gmt":"2012-11-21T11:21:55","slug":"nowy-bog-nowych-komuchow","status":"publish","type":"post","link":"https:\/\/grzegorzjaszczura.pl\/?p=21152","title":{"rendered":"Nowy b\u00f3g &#8222;nowych&#8221; komuch\u00f3w?!"},"content":{"rendered":"<p style=\"text-align: justify;\"><a href=\"http:\/\/grzegorzjaszczura.pl\/http:\/\/grzegorzjaszczura.pl\/wp-content\/uploads\/2012\/11\/201211171409.jpg\"><img loading=\"lazy\" decoding=\"async\" class=\"alignleft size-thumbnail wp-image-21162\" title=\"201211171409\" src=\"http:\/\/grzegorzjaszczura.pl\/http:\/\/grzegorzjaszczura.pl\/wp-content\/uploads\/2012\/11\/201211171409-150x150.jpg\" alt=\"\" width=\"150\" height=\"150\" \/><\/a>Kolejny dow\u00f3d na debilizm <span style=\"color: #ff0000;\"><strong>Unii Europejskiej<\/strong><span style=\"color: #000000;\">, <\/span><\/span>sporych zreszt\u0105 rozmiar\u00f3w, pojawi\u0142 si\u0119 w D\u0105browie G\u00f3rniczej. (zob. tak\u017ce: <a href=\"http:\/\/grzegorzjaszczura.pl\/?p=1515#more-1515\"><strong>przyk\u0142ad 1<\/strong><\/a>, <a href=\"http:\/\/grzegorzjaszczura.pl\/?p=4296#more-4296\"><strong>przyk\u0142ad 2<\/strong><\/a>). Jest to, jak ju\u017c to podchwyci\u0142y nawet lewicowe media, <strong>&#8222;Nagrobek&#8221;<\/strong> ku czci socjalistycznej <span style=\"color: #ff0000;\"><strong>UE<\/strong><\/span>. Koszt pomnika &#8211; na oko <em>circa<\/em> 5 000,00 z\u0142. Sam nagrobek!, a obok stoi jeszcze podejrzanie drogi bilbord promuj\u0105cy osi\u0105gni\u0119cia wodno-kanalizacyjne w mie\u015bcie!, zach\u0119caj\u0105cy do korzystania z bardzo drogiej wody. <!--more-->To ju\u017c tak\u017ce po\u015brednie dzia\u0142anie na korzy\u015b\u0107 i do kieszeni udzia\u0142owca niemieckiego<a href=\"http:\/\/grzegorzjaszczura.pl\/?p=16580#more-16580\"> <strong>Aqua Gmbh<\/strong><\/a>, kt\u00f3ry maj\u0105c 34% udzia\u0142\u00f3w w <strong>PWiK sp. z o.o<\/strong>. ma przyk\u0142adowo prawo do 51% dywidendy (dla m\u0142odych informacja, \u017ce jest to jeszcze &#8222;osi\u0105gni\u0119cie&#8221; by\u0142ego prezydenta D\u0105browy G. pana M. Lipczyka (<span style=\"color: #ff0000;\">PZPR<\/span>, <span style=\"color: #ff0000;\">PPPP<\/span>, <span style=\"color: #ff0000;\">SdRP<\/span>, <span style=\"color: #ff0000;\">SLD<\/span>) z 2002 roku. Bilbord, to ju\u017c koszt du\u017co wi\u0119kszy (50 000,00 &#8211; 100 000,00 z\u0142 (?)). M\u00f3j m\u00f3zg i pod\u015bwiadomo\u015b\u0107 rozpala iskra schizofrenii, zwi\u0105zana z wiedz\u0105, \u017ce przecie\u017c PWiK sp. z o.o. nie finansuje uporz\u0105dkowania gospodarki wodno-\u015bciekowej w mie\u015bcie nic a nic!!!<\/p>\n<p style=\"text-align: justify;\">Panie Prezydencie Zb. Podraza (<span style=\"color: #ff0000;\">SLD<\/span>) podejrzewam, \u017ce niejedna firma prywatna w mie\u015bcie chcia\u0142aby mie\u0107 tak\u0105 zach\u0119t\u0119 do korzystania z jej us\u0142ug, z pieni\u0119dzy bud\u017cetowych czy to miasta, czy to Unii Europejskiej!<\/p>\n<p style=\"text-align: justify;\">Sam &#8222;pomnik &#8211; nagrobek&#8221; obejmuje nie tylko granitow\u0105 tablic\u0119 z wyrytymi napisami i grafik\u0105 <span style=\"color: #ff0000;\">lewackiej UE<\/span>!, ale tak\u017ce cok\u00f3\u0142 z ceg\u0142y klinkierowej, oczywi\u015bcie na fundamencie.<\/p>\n<p style=\"text-align: justify;\">Ca\u0142o\u015b\u0107 zajmuje kawa\u0142 terenu obok jednej z g\u0142\u00f3wnych ulic miasta, tj. alei J. Pi\u0142sudskiego. Akurat znajduje si\u0119 niedaleko miejsca zamieszkania pana prezydenta miasta Zb. Podrazy (<span style=\"color: #ff0000;\">SLD<\/span>). Chyba, \u017ce pan prezydent ju\u017c si\u0119 przemeldowa\u0142 i przeprowadzi\u0142 do nowo wyremontowanego domu w Strzemieszycach. <a href=\"http:\/\/grzegorzjaszczura.pl\/http:\/\/grzegorzjaszczura.pl\/wp-content\/uploads\/2012\/11\/201211171400.jpg\"><img loading=\"lazy\" decoding=\"async\" class=\"alignleft size-thumbnail wp-image-21172\" title=\"201211171400\" src=\"http:\/\/grzegorzjaszczura.pl\/http:\/\/grzegorzjaszczura.pl\/wp-content\/uploads\/2012\/11\/201211171400-150x150.jpg\" alt=\"\" width=\"150\" height=\"150\" \/><\/a>Nie jest przecie\u017c chyba mo\u017cliwe, \u017ce pomnik usytuowano\u00a0 tutaj z premedytacj\u0105, aby pan prezydent m\u00f3g\u0142 go podziwia\u0107 z okna bloku?!<\/p>\n<p style=\"text-align: justify;\">Jednak\u017ce, wydaje si\u0119 pewne, \u017ce jest to dow\u00f3d na bezmy\u015bln\u0105 s\u0142u\u017calczo\u015b\u0107 biurw wobec ich nowego b\u00f3stwa, czyli <span style=\"color: #ff0000;\">UE<\/span>. Wstyd na ca\u0142\u0105 Polsk\u0119 i nie tylko, jak przy licznych <a href=\"http:\/\/grzegorzjaszczura.pl\/?p=3680#more-3680\"><span style=\"color: #ff0000;\"><strong>pomnikach prosowieckich<\/strong><\/span><\/a> w mie\u015bcie. Pomnikach z symbolami zabronionymi przez <strong>Konstytucj\u0119 RP<\/strong>, symbolami totalitarnymi, np. <em>sierpa i m\u0142ota<\/em>. Grafiki, z\u0142amanego zgodnie ze wskaz\u00f3wkami zegara krzy\u017ca, kt\u00f3r\u0105 pos\u0142ugiwali si\u0119 <strong>niemieccy socjali\u015bci narodowi<\/strong>, czyli dla nie wtajemniczonych <em>swastyki<\/em> jeszcze nie zauwa\u017cy\u0142em. Ale nale\u017cy pami\u0119ta\u0107, \u017ce komunistom &#8222;zawdzi\u0119czamy&#8221; przecie\u017c \u015bmier\u0107 du\u017co wi\u0119cej istnie\u0144 ludzkich ni\u017c <strong>socjalistom narodowym niemieckim<\/strong> Hitlera.<\/p>\n<p style=\"text-align: justify;\">Na grafice <span style=\"color: #ff0000;\">UE<\/span> wida\u0107 za to liczne gwiazdki! Wg mnie obok s\u0142u\u017calczo\u015bci, &#8222;pomnik &#8211; nagrobek&#8221;, to dow\u00f3d na niegospodarno\u015b\u0107, rozrzutno\u015b\u0107 i brak podstawowych zasad uczciwo\u015bci w stosunku do obywateli p\u0142ac\u0105cych podatki do bud\u017cetu D\u0105browy G\u00f3rniczej!<\/p>\n<p style=\"text-align: justify;\"><a href=\"http:\/\/grzegorzjaszczura.pl\/http:\/\/grzegorzjaszczura.pl\/wp-content\/uploads\/2012\/11\/201211171406.jpg\"><img loading=\"lazy\" decoding=\"async\" class=\"alignleft size-thumbnail wp-image-21169\" title=\"201211171406\" src=\"http:\/\/grzegorzjaszczura.pl\/http:\/\/grzegorzjaszczura.pl\/wp-content\/uploads\/2012\/11\/201211171406-150x150.jpg\" alt=\"\" width=\"150\" height=\"150\" \/><\/a>Podobno tzw. <span style=\"color: #ff0000;\">Unia Europejska<\/span> zastrzeg\u0142a sobie, \u017ce dofinansuje mieszka\u0144com inwestycje uporz\u0105dkowania gospodarki wodno-\u015bciekowej w mie\u015bcie pod warunkiem powiadomienia ich o tym na tablicy trwa\u0142ym napisem, kt\u00f3ry przetrwa 5 lat!!! Abstrahuj\u0105c od tego, \u017ce uwa\u017cam to za debilne \u017c\u0105danie biurw brukselskich utrzymywanych z moich podatk\u00f3w, to tego typu tablice informacyjne, liczne we W\u0142oszech, Grecji, innych pa\u0144stwach <span style=\"color: #ff0000;\">UE<span style=\"color: #000000;\">,<\/span><\/span> a nawet innych miejscach Polski, <strong>nigdy chyba nie przybra\u0142y jeszcze postaci pomnika &#8211; nagrobka<\/strong>!<\/p>\n<p style=\"text-align: justify;\"><span style=\"color: #0000ff;\"><strong>Ps.<\/strong><\/span> W <em>post scriptum<\/em> dow\u00f3d na lewactwo <span style=\"color: #ff0000;\">UE<\/span>, gdyby kto\u015b mia\u0142 w\u0105tpliwo\u015bci: <a href=\"http:\/\/wiadomosci.onet.pl\/swiat\/na-monecie-2-euro-swieci-cyryl-i-metody-bez-krzyzy,1,5308048,wiadomosc.html\">http:\/\/wiadomosci.onet.pl\/swiat\/na-monecie-2-euro-swieci-cyryl-i-metody-bez-krzyzy,1,5308048,wiadomosc.html<\/a>.<\/p>\n","protected":false},"excerpt":{"rendered":"<p>Kolejny dow\u00f3d na debilizm Unii Europejskiej, sporych zreszt\u0105 rozmiar\u00f3w, pojawi\u0142 si\u0119 w D\u0105browie G\u00f3rniczej. (zob. tak\u017ce: przyk\u0142ad 1, przyk\u0142ad 2). Jest to, jak ju\u017c to podchwyci\u0142y nawet lewicowe media, &#8222;Nagrobek&#8221; ku czci socjalistycznej UE. Koszt pomnika &#8211; na oko circa 5 000,00 z\u0142. Sam nagrobek!, a obok stoi jeszcze podejrzanie drogi bilbord promuj\u0105cy osi\u0105gni\u0119cia wodno-kanalizacyjne [&hellip;]<\/p>\n","protected":false},"author":2,"featured_media":0,"comment_status":"open","ping_status":"open","sticky":false,"template":"","format":"standard","meta":{"_monsterinsights_skip_tracking":false,"_monsterinsights_sitenote_active":false,"_monsterinsights_sitenote_note":"","_monsterinsights_sitenote_category":0,"footnotes":""},"categories":[3],"tags":[],"class_list":["post-21152","post","type-post","status-publish","format-standard","hentry","category-polityczne"],"_links":{"self":[{"href":"https:\/\/grzegorzjaszczura.pl\/index.php?rest_route=\/wp\/v2\/posts\/21152","targetHints":{"allow":["GET"]}}],"collection":[{"href":"https:\/\/grzegorzjaszczura.pl\/index.php?rest_route=\/wp\/v2\/posts"}],"about":[{"href":"https:\/\/grzegorzjaszczura.pl\/index.php?rest_route=\/wp\/v2\/types\/post"}],"author":[{"embeddable":true,"href":"https:\/\/grzegorzjaszczura.pl\/index.php?rest_route=\/wp\/v2\/users\/2"}],"replies":[{"embeddable":true,"href":"https:\/\/grzegorzjaszczura.pl\/index.php?rest_route=%2Fwp%2Fv2%2Fcomments&post=21152"}],"version-history":[{"count":85,"href":"https:\/\/grzegorzjaszczura.pl\/index.php?rest_route=\/wp\/v2\/posts\/21152\/revisions"}],"predecessor-version":[{"id":21241,"href":"https:\/\/grzegorzjaszczura.pl\/index.php?rest_route=\/wp\/v2\/posts\/21152\/revisions\/21241"}],"wp:attachment":[{"href":"https:\/\/grzegorzjaszczura.pl\/index.php?rest_route=%2Fwp%2Fv2%2Fmedia&parent=21152"}],"wp:term":[{"taxonomy":"category","embeddable":true,"href":"https:\/\/grzegorzjaszczura.pl\/index.php?rest_route=%2Fwp%2Fv2%2Fcategories&post=21152"},{"taxonomy":"post_tag","embeddable":true,"href":"https:\/\/grzegorzjaszczura.pl\/index.php?rest_route=%2Fwp%2Fv2%2Ftags&post=21152"}],"curies":[{"name":"wp","href":"https:\/\/api.w.org\/{rel}","templated":true}]}}