{"id":21319,"date":"2012-11-29T09:02:32","date_gmt":"2012-11-29T07:02:32","guid":{"rendered":"http:\/\/grzegorzjaszczura.pl\/?p=21319"},"modified":"2012-11-29T09:02:32","modified_gmt":"2012-11-29T07:02:32","slug":"nowa-prawica-informacje-sn-4","status":"publish","type":"post","link":"https:\/\/grzegorzjaszczura.pl\/?p=21319","title":{"rendered":"Nowa Prawica &#8211; informacje SN"},"content":{"rendered":"<p style=\"text-align: justify;\"><a href=\"http:\/\/grzegorzjaszczura.pl\/http:\/\/grzegorzjaszczura.pl\/wp-content\/uploads\/2012\/11\/logo-NP.jpg\"><img loading=\"lazy\" decoding=\"async\" class=\"alignleft size-thumbnail wp-image-21327\" title=\"logo-NP\" src=\"http:\/\/grzegorzjaszczura.pl\/http:\/\/grzegorzjaszczura.pl\/wp-content\/uploads\/2012\/11\/logo-NP-150x150.jpg\" alt=\"\" width=\"150\" height=\"150\" \/><\/a>Dla cz\u0142onk\u00f3w i sympatyk\u00f3w <strong>Kongresu <span style=\"color: #ff0000;\">Nowej<\/span> <span style=\"color: #0000ff;\">Prawicy<\/span><\/strong> mam kolejne informacje z posiedzenia S\u0105du Naczelnego <strong>K<span style=\"color: #0000ff;\"><span style=\"color: #ff0000;\">N<\/span>P<\/span><\/strong>. Odby\u0142o si\u0119 ono 25 listopada 2012 r. w Cz\u0119stochowie. S\u0105d obradowa\u0142 zgodnie ze Statutem partii w sk\u0142adzie trzyosobowym: Prezes S\u0105du kol. <strong>Tomasz Sk\u00f3ra<\/strong>, S\u0119dzia Zwyczajny kol. <strong>Andrzej Paciej<\/strong> i II S\u0119dzia Nadzwyczajny,<!--more--> czyli ja <strong>Grzegorz Jaszczura.\u00a0<\/strong><\/p>\n<p style=\"text-align: justify;\">Chcia\u0142bym przekaza\u0107 wspomnianym cz\u0142onkom <strong>K<span style=\"color: #ff0000;\">N<\/span><span style=\"color: #0000ff;\">P<\/span><\/strong> zatwierdzony jednog\u0142o\u015bnie przez S\u0105du Naczelny <strong>Regulamin<\/strong> wzorcowy <strong>oddzia\u0142u K<span style=\"color: #ff0000;\">N<\/span><span style=\"color: #0000ff;\">P<\/span><\/strong>:<\/p>\n<p style=\"text-align: justify;\"><strong>l. Terenem dzia<\/strong><strong>\u0142ania <\/strong>Oddzia\u0142u &#8230;&#8230;&#8230;&#8230;&#8230;&#8230;&#8230;. jest obszar wyznaczony uchwa\u0142\u0105 Zarz\u0105du Regionu, tj.: powiaty. &#8230;&#8230;&#8230;&#8230;&#8230;&#8230;&#8230;&#8230;&#8230;&#8230;&#8230;&#8230;&#8230;&#8230;&#8230;&#8230;&#8230;&#8230;&#8230;&#8230;&#8230;&#8230;&#8230;&#8230;&#8230;&#8230;&#8230;&#8230;<\/p>\n<p style=\"text-align: justify;\">i gminy: &#8230;&#8230;&#8230;&#8230;&#8230;&#8230;&#8230;&#8230;&#8230;&#8230;&#8230;&#8230;&#8230;&#8230;&#8230;&#8230;&#8230;&#8230;&#8230;&#8230;&#8230;&#8230;&#8230;&#8230;&#8230;&#8230;&#8230;&#8230;.<\/p>\n<p style=\"text-align: justify;\"><strong>2. W<\/strong><strong>\u0142adzami Oddzia\u0142u s\u0105:<\/strong><\/p>\n<p style=\"text-align: justify;\">a. Walne Zebranie,<\/p>\n<p style=\"text-align: justify;\">b. Zarz\u0105d Oddzia\u0142u,<\/p>\n<p style=\"text-align: justify;\">c. Prezes Oddzia\u0142u,<\/p>\n<p style=\"text-align: justify;\">d. Komisja Rewizyjna.<\/p>\n<p style=\"text-align: justify;\"><strong>3. Walne zebranie.<\/strong><\/p>\n<p style=\"text-align: justify;\">3.1 Walne zebranie cz\u0142onk\u00f3w mo\u017ce si\u0119 odby\u0107 w trybie zwyczajnym lub nadzwyczajnym.<\/p>\n<p style=\"text-align: justify;\">W trybie zwyczajnym jest zwo\u0142ywane przez prezesa Oddzia\u0142u na dzie\u0144 przypadaj\u0105cy nie p\u00f3\u017aniej ni\u017c 15 miesi\u0119cy od ostatniego walnego zebrania.<\/p>\n<p style=\"text-align: justify;\">W trybie nadzwyczajnym prezes jest zobowi\u0105zany je zwo\u0142a\u0107 w ci\u0105gu 6<em> <\/em>tygodni na wniosek:<\/p>\n<p style=\"text-align: justify;\">a. Komisji Rewizyjnej,<\/p>\n<p style=\"text-align: justify;\">b. 20% cz\u0142onk\u00f3w Oddzia\u0142u (wg. stanu na koniec miesi\u0105ca poprzedzaj\u0105cego z\u0142o\u017cenie wniosku),<\/p>\n<p style=\"text-align: justify;\">c. co najmniej dw\u00f3ch cz\u0142onk\u00f3w Zarz\u0105du<\/p>\n<p style=\"text-align: justify;\">i uwzgl\u0119dni\u0107 ich postulaty co do porz\u0105dku obrad.<\/p>\n<p style=\"text-align: justify;\">3.2 Warunkiem wa\u017cno\u015bci walnego zebrania jest powiadomienie wszystkich cz\u0142onk\u00f3w Oddzia\u0142u co najmniej na dwa tygodnie przed terminem zebrania wraz z poinformowaniem o proponowanym porz\u0105dku obrad.<\/p>\n<p style=\"text-align: justify;\">Spe\u0142nieniem warunku powiadomienia cz\u0142onka partii jest wys\u0142anie pisemnego powiadomienia (listem na adres zamieszkania albo internetowo na podany adres mailowy) lub powiadomienie ustne (bezpo\u015brednie lub telefoniczne).<\/p>\n<p style=\"text-align: justify;\">Ka\u017cdy cz\u0142onek Oddzia\u0142u, kt\u00f3ry nie zosta\u0142 powiadomiony, mo\u017ce w terminie zawitym 2 tygodni od daty walnego zebrania, zwr\u00f3ci\u0107 si\u0119 do S\u0105du Naczelnego Kongresu Nowej Prawicy o uniewa\u017cnienie jego postanowie\u0144.<\/p>\n<p style=\"text-align: justify;\">3.3 Walne zebranie wa\u017cne jest w przypadku uczestnictwa co najmniej 50% cz\u0142onk\u00f3w. W przeciwnym razie musi zosta\u0107 wyznaczony drugi termin, nie wcze\u015bniej ni\u017c dwa tygodnie po pierwszym.<\/p>\n<p style=\"text-align: justify;\">Je\u015bli walne zebranie odbywa si\u0119 w trybie nadzwyczajnym, nie mo\u017cna wyznaczy\u0107 drugiego terminu wcze\u015bniej ni\u017c w tydzie\u0144 po pierwszym.<\/p>\n<p style=\"text-align: justify;\">Je\u017celi walne zebranie nie odb\u0119dzie si\u0119 w drugim terminie lub w ci\u0105gu czasu, o kt\u00f3rym mowa w punkcie 3.1, to Zarz\u0105d Regionu wnioskuje do Konwentyklu o zawieszenie w\u0142adz oddzia\u0142u lub jego rozwi\u0105zanie.<\/p>\n<p style=\"text-align: justify;\">3.4 Walne zebranie oddzia\u0142u:<\/p>\n<p style=\"text-align: justify;\">a. dokonuje wyboru Prezesa oraz cz\u0142onk\u00f3w komisji rewizyjnej,<\/p>\n<p style=\"text-align: justify;\">b. dokonuje wybor\u00f3w delegat\u00f3w na Konwent wed\u0142ug ordynacji uchwalonej przez Rad\u0119 G\u0142\u00f3wn\u0105.<\/p>\n<p style=\"text-align: justify;\">c. udziela Zarz\u0105dowi absolutorium.<\/p>\n<p style=\"text-align: justify;\">d. uchwala i zmienia regulamin Oddzia\u0142u, program dzia\u0142ania Oddzia\u0142u, regulamin swoich obrad.<\/p>\n<p style=\"text-align: justify;\">e. uchwala wysoko\u015b\u0107 sk\u0142adek oddzia\u0142owych i ma prawo je umarza\u0107, s\u0105 one zbierane jednocze\u015bnie z odpowiedni\u0105 sk\u0142adk\u0105 centraln\u0105.<\/p>\n<p style=\"text-align: justify;\">f. \u00a0mo\u017ce nakaza\u0107 (lub zakaza\u0107<em>) <\/em>Zarz\u0105dowi Oddzia\u0142u, K\u00f3\u0142 i Sekcji okre\u015blone post\u0119powanie.<\/p>\n<p style=\"text-align: justify;\">g. mo\u017ce uchyli\u0107 decyzje Zarz\u0105du Oddzia\u0142u, ko\u0142a lub sekcji podj\u0119te od ostatniego walnego zebrania,<\/p>\n<p style=\"text-align: justify;\">h. mo\u017ce rozwi\u0105za\u0107 ko\u0142a i sekcje lub zawiesi\u0107 ich w\u0142adze.<\/p>\n<p style=\"text-align: justify;\">3.5 Punkty 3.4 (d, f, g, h) wymagaj\u0105 bezwzgl\u0119dnej wi\u0119kszo\u015bci g\u0142os\u00f3w.<\/p>\n<p style=\"text-align: justify;\">3.6 Odwo\u0142anie prezesa Oddzia\u0142u przez nadzwyczajne walne zebranie w czasie kadencji wymaga wi\u0119kszo\u015bci 2\/3 obecnych.<\/p>\n<p style=\"text-align: justify;\"><strong>4. Prezes Oddzia<\/strong><strong>\u0142u:<\/strong><\/p>\n<p style=\"text-align: justify;\">4.1 Kieruje pracami Zarz\u0105du, reprezentuje\u00a0 Oddzia\u0142 na zewn\u0105trz i\u00a0 sprawuje czynno\u015bci wykonawcze.<\/p>\n<p style=\"text-align: justify;\">4.2 Prezes mianuje sekretarza, skarbnika i pozosta\u0142ych cz\u0142onk\u00f3w Zarz\u0105du oddzia\u0142u.<\/p>\n<p style=\"text-align: justify;\"><strong>5 . Zarz<\/strong><strong>\u0105d<\/strong><\/p>\n<p style=\"text-align: justify;\">5.1 Zarz\u0105d sk\u0142ada si\u0119 minimum z prezesa Oddzia\u0142u, sekretarza, skarbnika. W sk\u0142ad zarz\u0105du mo\u017ce wchodzi\u0107 dodatkowo od l do 3 cz\u0142onk\u00f3w Zarz\u0105du.<\/p>\n<p style=\"text-align: justify;\">5.2 Zarz\u0105d<em> <\/em>wybiera spo\u015br\u00f3d siebie wiceprezesa. Zast\u0119puje on prezesa we wszystkich jego czynno\u015bciach w wypadku jego niezdolno\u015bci do ich pe\u0142nienia lub z jego upowa\u017cnienia.<\/p>\n<p style=\"text-align: justify;\">5.3 Zarz\u0105d jest w\u0142adny zawiera\u0107 porozumienia z innymi partiami lub organizacjami na szczeblu r\u00f3wnorz\u0119dnym i delegowa\u0107 przedstawicieli do ewentualnych wsp\u00f3lnych cia\u0142.<\/p>\n<p style=\"text-align: justify;\">5.4 \u00a0Kadencja prezesa i Zarz\u0105du trwa rok lub do wyboru nowego prezesa.<\/p>\n<p style=\"text-align: justify;\">5.5. Prawo podpisywania dokument\u00f3w finansowych ma Prezes. Powy\u017cej sumy p\u00f3\u0142rocznych sk\u0142adek oddzia\u0142owych wymagane s\u0105 dwa podpisy.<\/p>\n<p style=\"text-align: justify;\"><strong>6. Komisja Rewizyjna<\/strong><\/p>\n<p style=\"text-align: justify;\">6.1 Komisja Rewizyjna sk\u0142ada si\u0119 z minimum 2 (maksymalnie) 3 cz\u0142onk\u00f3w. Nie mog\u0105 oni by\u0107 cz\u0142onkami zarz\u0105d\u00f3w Oddzia\u0142u ani k\u00f3\u0142.<\/p>\n<p style=\"text-align: justify;\">6.2 Komisja Rewizyjna bada prawid\u0142owo\u015b\u0107 gospodarki i finans\u00f3w na terenie Oddzia\u0142u, przys\u0142uguje jej prawo do wgl\u0105du we wszystkie dokumenty Oddzia\u0142u, jego k\u00f3\u0142, sekcji itp.<\/p>\n<p style=\"text-align: justify;\">Komisja Rewizyjna ma prawo wnioskowa\u0107 o zawieszenie cz\u0142onk\u00f3w Zarz\u0105du<em> <\/em>za odmow\u0119 udost\u0119pniania materia\u0142\u00f3w do czasu ich otrzymania. W przypadku uzasadnionych podejrze\u0144 lub stwierdzenia nieprawid\u0142owo\u015bci finansowych mo\u017ce wnioskowa\u0107 o zawieszenie cz\u0142onk\u00f3w Zarz\u0105du do czasu nadzwyczajnego walnego zebrania. W ka\u017cdym przypadku wniosek o zawieszenie musi by\u0107 skierowany do zarz\u0105du Regionu.<\/p>\n<p style=\"text-align: justify;\">6.3 Kadencja Komisji Rewizyjnej up\u0142ywa z ko\u0144cem kadencji wszystkich w\u0142adz oddzia\u0142u.<\/p>\n<p style=\"text-align: justify;\"><strong>7. Ordynacja wyborcza<\/strong><\/p>\n<p>7.1 Wybory s\u0105 tajne.<\/p>\n<p style=\"text-align: justify;\">7.2 Bierne prawa wyborcze posiadaj\u0105 aktualni cz\u0142onkowie partii i kandydaci. Czynne prawo wyborcze posiadaj\u0105 wy\u0142\u0105cznie cz\u0142onkowie partii nale\u017c\u0105cy do Oddzia\u0142u.<\/p>\n<p style=\"text-align: justify;\">7.3 Prezes jest wybierany bezwzgl\u0119dn\u0105 wi\u0119kszo\u015bci\u0105 g\u0142os\u00f3w wa\u017cnych. W przypadku braku wyboru w I turze, przeprowadza si\u0119 II tur\u0119 g\u0142osowania z udzia\u0142em dw\u00f3ch kandydat\u00f3w o najwi\u0119kszej liczbie g\u0142os\u00f3w, w drugiej turze wyb\u00f3r zwyk\u0142\u0105 wi\u0119kszo\u015bci\u0105 g\u0142os\u00f3w.<\/p>\n<p style=\"text-align: justify;\">7.4 Wybieraj\u0105c Komisj\u0119 Rewizyjn\u0105 oddaje si\u0119 po jednym g\u0142osie na co najwy\u017cej trzech kandydat\u00f3w do Komisji Rewizyjnej. Wybrani zostaj\u0105 kandydaci, kt\u00f3rzy otrzymali najwi\u0119ksz\u0105 liczb\u0119 g\u0142os\u00f3w.<\/p>\n<p style=\"text-align: justify;\">7.5 Je\u015bli r\u00f3wna liczba g\u0142os\u00f3w uniemo\u017cliwia rozstrzygniecie, to powtarza si\u0119 g\u0142osowanie z udzia\u0142em ju\u017c tylko spornych kandydat\u00f3w. Je\u015bli powt\u00f3rne g\u0142osowanie nie da wyniku, to decyduje losowanie.<\/p>\n<p style=\"text-align: justify;\"><strong>8. Ko<\/strong><strong>\u0142a<\/strong><\/p>\n<p style=\"text-align: justify;\">8.1 Nowe ko\u0142a s\u0105 powo\u0142ywane uchwa\u0142\u0105 Zarz\u0105du<em> <\/em>na wniosek zainteresowanych. W przypadku odmowy Zarz\u0105du zainteresowanym przys\u0142uguje prawo odwo\u0142ania si\u0119 do Walnego Zgromadzenia Oddzia\u0142u. Teren dzia\u0142ania k\u00f3\u0142 okre\u015bla Zarz\u0105d. Wszystkie ko\u0142a dzia\u0142aj\u0105ce na terenie dzia\u0142ania Oddzia\u0142u s\u0105 podporz\u0105dkowane w\u0142adzom Oddzia\u0142u.<\/p>\n<p style=\"text-align: justify;\">8.2 Pracom ko\u0142a przewodzi Zarz\u0105d ko\u0142a, sk\u0142adaj\u0105cy si\u0119 minimum z przewodnicz\u0105cego, sekretarza i skarbnika.<\/p>\n<p style=\"text-align: justify;\">8.3 Ko\u0142o mo\u017ce dzia\u0142a\u0107 na podstawie regulaminu zatwierdzonego przez Zarz\u0105d Oddzia\u0142u i Komisj\u0119 Rewizyjn\u0105 Oddzia\u0142u. W razie braku regulaminu, w kwestiach nie sprecyzowanych przez Statut <strong>K<span style=\"color: #ff0000;\">N<\/span><span style=\"color: #0000ff;\">P<\/span><\/strong>, stosuje si\u0119 odpowiednio Regulamin Oddzia\u0142u z tym, \u017ce kwestie finansowe oraz przyjmowania cz\u0142onk\u00f3w okre\u015bla w drodze uchwa\u0142y Zarz\u0105d Oddzia\u0142u.<\/p>\n<p style=\"text-align: justify;\">8.4 Je\u015bli ko\u0142o nie wybra\u0142o w\u0142asnej komisji rewizyjnej, to rol\u0119 t\u0119 spe\u0142nia Komisja Rewizyjna Oddzia\u0142u.<\/p>\n<p style=\"text-align: justify;\">8.5 Prezesi k\u00f3\u0142 maj\u0105 prawo uczestniczy\u0107 w posiedzeniach Zarz\u0105du Oddzia\u0142u z g\u0142osem doradczym. Dotyczy to tak\u017ce przedstawicieli sekcji.<\/p>\n<p style=\"text-align: justify;\"><strong>9.<\/strong> <strong>Z zebra<\/strong><strong>\u0144 w\u0142adz<\/strong> Oddzia\u0142u, k\u00f3\u0142 i sekcji sporz\u0105dza si\u0119 protok\u00f3\u0142. Musi on zawiera\u0107 przynajmniej: list\u0119 obecno\u015bci, porz\u0105dek obrad, wyniki g\u0142osowa\u0144, podj\u0119te uchwa\u0142y oraz kwestie zg\u0142oszone do protoko\u0142u.<\/p>\n<p style=\"text-align: justify;\"><strong>10.<\/strong> <strong>W przypadku<\/strong> <strong>\u0142amania<\/strong> niniejszego Regulaminu ka\u017cdy cz\u0142onek Oddzia\u0142u mo\u017ce wnie\u015b\u0107 skarg\u0119 do S\u0105du Naczelnego Partii.<\/p>\n<p style=\"text-align: justify;\"><strong>11.<\/strong> <strong>Zmiany Regulaminu<\/strong> Oddzia\u0142u dokonane przez walne zebranie wchodz\u0105 w \u017cycie w 3 miesi\u0105ce po ich uchwaleniu.<\/p>\n<p style=\"text-align: justify;\"><strong>12.<\/strong> <strong>Regulamin Oddzia<\/strong><strong>\u0142u<\/strong> wchodzi w \u017cycie z dniem uchwalenia.<\/p>\n<p style=\"text-align: justify;\"><span style=\"color: #0000ff;\"><strong>Ps.<\/strong> <\/span>W uzupe\u0142nieniu jeszcze dwie og\u00f3lne uwagi:<\/p>\n<p style=\"text-align: justify;\">1. ustanie cz\u0142onkostwa w partii nast\u0119puje po up\u0142ywie 6 miesi\u0119cy od okresu, za kt\u00f3ry zosta\u0142a zap\u0142acona ostatnia sk\u0142adka<\/p>\n<p style=\"text-align: justify;\">2. prezesem oddzia\u0142u (regionu) mo\u017ce by\u0107 tylko cz\u0142onek partii, tylko cz\u0142onkowie mog\u0105 by\u0107 osobami funkcyjnymi w partii.<\/p>\n","protected":false},"excerpt":{"rendered":"<p>Dla cz\u0142onk\u00f3w i sympatyk\u00f3w Kongresu Nowej Prawicy mam kolejne informacje z posiedzenia S\u0105du Naczelnego KNP. Odby\u0142o si\u0119 ono 25 listopada 2012 r. w Cz\u0119stochowie. S\u0105d obradowa\u0142 zgodnie ze Statutem partii w sk\u0142adzie trzyosobowym: Prezes S\u0105du kol. Tomasz Sk\u00f3ra, S\u0119dzia Zwyczajny kol. Andrzej Paciej i II S\u0119dzia Nadzwyczajny,<\/p>\n","protected":false},"author":2,"featured_media":0,"comment_status":"open","ping_status":"open","sticky":false,"template":"","format":"standard","meta":{"_monsterinsights_skip_tracking":false,"_monsterinsights_sitenote_active":false,"_monsterinsights_sitenote_note":"","_monsterinsights_sitenote_category":0,"footnotes":""},"categories":[3],"tags":[],"class_list":["post-21319","post","type-post","status-publish","format-standard","hentry","category-polityczne"],"_links":{"self":[{"href":"https:\/\/grzegorzjaszczura.pl\/index.php?rest_route=\/wp\/v2\/posts\/21319","targetHints":{"allow":["GET"]}}],"collection":[{"href":"https:\/\/grzegorzjaszczura.pl\/index.php?rest_route=\/wp\/v2\/posts"}],"about":[{"href":"https:\/\/grzegorzjaszczura.pl\/index.php?rest_route=\/wp\/v2\/types\/post"}],"author":[{"embeddable":true,"href":"https:\/\/grzegorzjaszczura.pl\/index.php?rest_route=\/wp\/v2\/users\/2"}],"replies":[{"embeddable":true,"href":"https:\/\/grzegorzjaszczura.pl\/index.php?rest_route=%2Fwp%2Fv2%2Fcomments&post=21319"}],"version-history":[{"count":34,"href":"https:\/\/grzegorzjaszczura.pl\/index.php?rest_route=\/wp\/v2\/posts\/21319\/revisions"}],"predecessor-version":[{"id":21438,"href":"https:\/\/grzegorzjaszczura.pl\/index.php?rest_route=\/wp\/v2\/posts\/21319\/revisions\/21438"}],"wp:attachment":[{"href":"https:\/\/grzegorzjaszczura.pl\/index.php?rest_route=%2Fwp%2Fv2%2Fmedia&parent=21319"}],"wp:term":[{"taxonomy":"category","embeddable":true,"href":"https:\/\/grzegorzjaszczura.pl\/index.php?rest_route=%2Fwp%2Fv2%2Fcategories&post=21319"},{"taxonomy":"post_tag","embeddable":true,"href":"https:\/\/grzegorzjaszczura.pl\/index.php?rest_route=%2Fwp%2Fv2%2Ftags&post=21319"}],"curies":[{"name":"wp","href":"https:\/\/api.w.org\/{rel}","templated":true}]}}