{"id":21439,"date":"2012-11-30T08:21:20","date_gmt":"2012-11-30T06:21:20","guid":{"rendered":"http:\/\/grzegorzjaszczura.pl\/?p=21439"},"modified":"2012-12-05T21:52:02","modified_gmt":"2012-12-05T19:52:02","slug":"bura-a-nie-medal-dla-podrazy","status":"publish","type":"post","link":"https:\/\/grzegorzjaszczura.pl\/?p=21439","title":{"rendered":"Bura a nie medal dla Podrazy!"},"content":{"rendered":"<p style=\"text-align: justify;\"><a href=\"http:\/\/grzegorzjaszczura.pl\/http:\/\/grzegorzjaszczura.pl\/wp-content\/uploads\/2012\/11\/Zb.Podraza.jpg\"><img loading=\"lazy\" decoding=\"async\" class=\"alignleft size-thumbnail wp-image-21481\" title=\"Zb.Podraza\" src=\"http:\/\/grzegorzjaszczura.pl\/http:\/\/grzegorzjaszczura.pl\/wp-content\/uploads\/2012\/11\/Zb.Podraza-150x150.jpg\" alt=\"\" width=\"150\" height=\"150\" \/><\/a>Istny<span style=\"color: #0000ff;\"><em><strong> muppet show<\/strong><\/em><\/span> w Radzie Miejskiej w D\u0105browie G\u00f3rniczej! Szopka i cyrk razem wzi\u0119te. Tak mo\u017cna jednym s\u0142owem skomentowa\u0107 ostatni\u0105 uchwa\u0142\u0119 intencyjn\u0105 rajc\u00f3w miejskich o nadanie <strong>medalu Komisji Edukacji Narodowej \u201ePePe\u201d Zb. Podrazie (<span style=\"color: #ff0000;\">SLD<\/span>),<\/strong> pono\u0107 za jego wybitne zas\u0142ugi w zakresie o\u015bwiaty.<\/p>\n<p style=\"text-align: justify;\">Wazeliniarstwo niekt\u00f3rych<!--more--> radnych przekracza wr\u0119cz granice pomi\u0119dzy tym co rzeczywiste, a tym co ju\u017c jest grotesk\u0105. O dobrym smaku nie wspominaj\u0105c. Inicjatorka czy autorka tej &#8222;g\u0142upoty&#8221; to <strong>Krystyna Szaniawska <\/strong>(<span style=\"color: #ff0000;\">lewicowy ultrabeton<\/span>). Wida\u0107 grunt si\u0119 radnej pod nogami pali. Czy\u017cby si\u0119 jaka\u015b konkurencja do Rady Miejskiej na Strzemieszycach pojawi\u0142a? No, chyba nie sam pan prezydent, kt\u00f3ry od niedawna jest jej &#8222;s\u0105siadem&#8221;. Kabaret ten mo\u017cna spuentowa\u0107 mianowicie w taki oto spos\u00f3b: <em>\u017ce jest oto W\u0142adca-kr\u00f3l, w tym przypadku Podraza, a wok\u00f3\u0142 niego skacze grupa \u201eb\u0142azn\u00f3w\u201d &#8211; radnych, a My, czyli opinia publiczna jeste\u015bmy karmieni tym marnym widowiskie<\/em>m, niemal jak <em><strong>mantr\u0105<\/strong><\/em>.<\/p>\n<p style=\"text-align: justify;\"><strong><a href=\"http:\/\/grzegorzjaszczura.pl\/http:\/\/grzegorzjaszczura.pl\/wp-content\/uploads\/2012\/11\/Podraza-z-medalem-2.jpg\"><img loading=\"lazy\" decoding=\"async\" class=\"alignleft size-thumbnail wp-image-21484\" title=\"Podraza z medalem 2\" src=\"http:\/\/grzegorzjaszczura.pl\/http:\/\/grzegorzjaszczura.pl\/wp-content\/uploads\/2012\/11\/Podraza-z-medalem-2-150x150.jpg\" alt=\"\" width=\"150\" height=\"150\" \/><\/a>Gdy popatrzymy na \u201eosi\u0105gni\u0119cia\u201d naszego <span style=\"color: #ff0000;\">\u201ePePe\u201d<\/span>, to tym bardziej niesmak pozosta\u0107 musi<\/strong>. Zacznijmy od <strong>o\u015bwiaty<\/strong>. To nie kto inny, jak pan Zb. Podraza &#8222;zlikwidowa\u0142&#8221; jedyn\u0105 techniczn\u0105 szko\u0142\u0119, kt\u00f3ra nie \u201eprodukowa\u0142a\u201d bezrobotnych w mie\u015bcie &#8211; <strong>\u201eBudowlank\u0119\u201d.<\/strong> Tylko g\u0142upi m\u00f3g\u0142by twierdzi\u0107, \u017ce na rynku pracy nie ma ofert dla zbrojarzy, cie\u015bli, drogowc\u00f3w, tynkarzy, malarzy, itd. Wystarczy przejrze\u0107 oferty pracy. Patologi\u0105 natomiast jest to, i\u017c utrzymuje si\u0119 w mie\u015bcie tak du\u017c\u0105 liczb\u0119 \u201eog\u00f3lniak\u00f3w\u201d, istne fabryki bezrobotnych.<\/p>\n<p style=\"text-align: justify;\"><strong>Orliki?<\/strong> Jaki to sukces skoro Orliki buduje si\u0119 praktycznie w ka\u017cdej gminie w Polsce. Jak jeszcze dodamy \u017ce gminy ponosz\u0105 koszty budowy tylko w 1\/3, to od razu si\u0119 zorientujemy, \u017ce pozosta\u0142e 2\/3 to pieni\u0105dze zewn\u0119trzne dla Gminy: z wojew\u00f3dztwa.<\/p>\n<p style=\"text-align: justify;\">Budowa <strong>Specjalnego O\u015brodka Szkolno \u2013 Wychowawczego z Kompleksem Sportowym dla Dzieci i M\u0142odzie\u017cy Niepe\u0142nosprawnej<\/strong> by\u0107 mo\u017ce i by\u0142a potrzebna, ale czy ten o\u015brodek musia\u0142 by\u0107 tak du\u017cy. Kto to utrzyma? Gmina? Z czego? Z naszych podatk\u00f3w. Przecie\u017c taki moloch b\u0119dzie generowa\u0142 ogromne koszty, przynajmniej z du\u017cym prawdopodobie\u0144stwem mo\u017cemy tak za\u0142o\u017cy\u0107.<\/p>\n<p style=\"text-align: justify;\"><span style=\"color: #ff0000;\"><strong>Czy Zb. Podraza zas\u0142uguje na jakiekolwiek medale i odznaczenia? Za co? Czy mo\u017ce za to \u017ce:<\/strong><\/span><\/p>\n<p style=\"text-align: justify;\">\u00a0&#8211; dzi\u0119ki<span style=\"color: #ff0000;\"> lewicowej SLD<\/span> mamy <strong>najdro\u017csz\u0105 wod\u0119<\/strong>,<\/p>\n<p style=\"text-align: justify;\">&#8211; za jego kadencji <strong>podniesiono drastycznie podatek od nieruchomo\u015bci<\/strong>,<\/p>\n<p style=\"text-align: justify;\">&#8211; by\u0142 inicjatorem i motorem wprowadzenia <strong>op\u0142at adiacenckich<\/strong> w mie\u015bcie,<\/p>\n<p style=\"text-align: justify;\">&#8211; <strong>zakorkowa\u0142 miasto<\/strong> &#8211; ka\u017cdy kto jedzie przez miasto widzi t\u0105 drog\u0119 przez m\u0119k\u0119 <a href=\"http:\/\/grzegorzjaszczura.pl\/?p=7011\">http:\/\/grzegorzjaszczura.pl\/?p=7011<\/a><span style=\"color: #000000;\">,<\/span>\u00a0 <a href=\"http:\/\/grzegorzjaszczura.pl\/?p=6426\">http:\/\/grzegorzjaszczura.pl\/?p=6426<\/a><\/p>\n<p style=\"text-align: justify;\">&#8211; w mie\u015bcie kwitnie <span style=\"color: #ff0000;\"><strong>korupcja<\/strong> <\/span>\u2013 patrz np. sprawa <span style=\"color: #ff0000;\"><strong>Stra\u017cy Miejskiej<\/strong><\/span>,<\/p>\n<p style=\"text-align: justify;\">&#8211; zwalcza si\u0119 oponent\u00f3w politycznych <a href=\"http:\/\/grzegorzjaszczura.pl\/?p=10860\">http:\/\/grzegorzjaszczura.pl\/?p=10860<\/a>,<\/p>\n<p style=\"text-align: justify;\">&#8211; nie egzekwuje si\u0119 <a href=\"http:\/\/grzegorzjaszczura.pl\/?p=167#more-167\"><strong>prawomocnych wyrok\u00f3w s\u0105dowych<\/strong><\/a> \u2013 np. sprawa niewa\u017cno\u015bci kontraktu na projekt, budow\u0119 i eksploatacj\u0119 obiekt\u00f3w Centrum Administracji,<\/p>\n<p style=\"text-align: justify;\">&#8211; pobiera <strong>nienale\u017cne mu pieni\u0105dze z KZK GOP<\/strong> \u2013 patrz wyrok WSA z 05.11.2012r. <a href=\"http:\/\/sosnowiec.gazeta.pl\/gazetasosnowiec\/1,93867,12852884,Prezydenci_nie_oddadza_lekka_reka_diet_z_KZK_GOP.html\">http:\/\/sosnowiec.gazeta.pl\/gazetasosnowiec\/1,93867,12852884,Prezydenci_nie_oddadza_lekka_reka_diet_z_KZK_GOP.html<\/a>,<\/p>\n<p style=\"text-align: justify;\">&#8211; nier\u00f3wno traktuje mieszka\u0144c\u00f3w, a przynajmniej mu to nie przeszkadza \u2013 patrz sprawa<strong> stref biletowych PKP <\/strong><a href=\"http:\/\/grzegorzjaszczura.pl\/?p=20867\">http:\/\/grzegorzjaszczura.pl\/?p=20867<\/a><\/p>\n<p style=\"text-align: justify;\">&#8211; mamy fatalnie zorganizowan\u0105 komunikacj\u0119 miejsk\u0105,<\/p>\n<p style=\"text-align: justify;\">&#8211; budowa kanalizacji chyli si\u0119 ku upadkowi \u2013 ko\u0144ca rob\u00f3t nie wida\u0107 i to patrz\u0105c tylko w bie\u017c\u0105cy harmonogram prac,<\/p>\n<p style=\"text-align: justify;\">&#8211; w mie\u015bcie kwitnie bezrobocie i wykluczenie spo\u0142eczne,<\/p>\n<p style=\"text-align: justify;\">&#8211; w podziemiach remontowanego, ich <a href=\"http:\/\/grzegorzjaszczura.pl\/?p=20759#more-20759\"><strong>socrealistycznego zabytku<\/strong><\/a>, tj. Pa\u0142acu Kultury Zag\u0142\u0119bia powstaje nowy, kolejny parabasen!, taka <em>wodna<\/em> <em>samosiejka<\/em>,<\/p>\n<p style=\"text-align: justify;\">&#8211; mamy coraz bardziej <strong>zad\u0142u\u017cone miasto<\/strong>.<\/p>\n<p style=\"text-align: justify;\">List\u0119 grzech\u00f3w mo\u017cna by\u0142oby tu jeszcze d\u0142ugo wyd\u0142u\u017ca\u0107, my poprzesta\u0144my na tym kr\u00f3tkim zestawieniu. <strong>Obecnemu prezydentowi<\/strong> za to wszystko owszem <strong>nale\u017cy si\u0119<\/strong>, ale<strong> bura<\/strong>, a<strong> nie medale i odznaczenia!<\/strong><\/p>\n<p style=\"text-align: justify;\">Tak <em>a propos<\/em>. Czemu maj\u0105 s\u0142u\u017cy\u0107 te ordery, odznaczenia i nadawane tytu\u0142y. Czy\u017cby woda sodowa komuchom do g\u0142owy uderzy\u0142a. Zapewne tak. Pewnie to te\u017c nostalgia za dawnymi czasami. Wszak to za <span style=\"color: #ff0000;\">PRL<\/span> co b\u0105d\u017a nadawano r\u00f3\u017cne bzdurne odznaczenia. Rekordzist\u0105 by\u0142 <strong>tow. Bre\u017cniew (<span style=\"color: #ff0000;\">KPZS<\/span>).<\/strong> My te\u017c swoich kacyk\u00f3w mieli\u015bmy <strong>(<span style=\"color: #ff0000;\">PZPR<\/span>).<\/strong> Lokalnych r\u00f3wnie\u017c <strong>(te\u017c <span style=\"color: #ff0000;\">PZPR<\/span>).<\/strong> Wida\u0107 teraz sk\u0105d s\u0105 brane wzorce. Radna K. Szaniawska, tamte czasy zapewne dobrze pami\u0119ta. T\u0119skni za nimi, a \u017ce sama \u017cadnego medalu dawno nie dosta\u0142a to teraz chce si\u0119 wykaza\u0107, \u017ce to dzi\u0119ki niej kto\u015b medal dostanie.<\/p>\n<p style=\"text-align: justify;\"><strong><a href=\"http:\/\/grzegorzjaszczura.pl\/http:\/\/grzegorzjaszczura.pl\/wp-content\/uploads\/2012\/11\/lipczyk2.jpg\"><img loading=\"lazy\" decoding=\"async\" class=\"alignleft size-thumbnail wp-image-21464\" title=\"lipczyk2\" src=\"http:\/\/grzegorzjaszczura.pl\/http:\/\/grzegorzjaszczura.pl\/wp-content\/uploads\/2012\/11\/lipczyk2-150x150.jpg\" alt=\"\" width=\"150\" height=\"150\" srcset=\"https:\/\/grzegorzjaszczura.pl\/http:\/\/grzegorzjaszczura.pl\/wp-content\/uploads\/2012\/11\/lipczyk2-150x150.jpg 150w, https:\/\/grzegorzjaszczura.pl\/http:\/\/grzegorzjaszczura.pl\/wp-content\/uploads\/2012\/11\/lipczyk2-300x300.jpg 300w, https:\/\/grzegorzjaszczura.pl\/http:\/\/grzegorzjaszczura.pl\/wp-content\/uploads\/2012\/11\/lipczyk2-1024x1024.jpg 1024w, https:\/\/grzegorzjaszczura.pl\/http:\/\/grzegorzjaszczura.pl\/wp-content\/uploads\/2012\/11\/lipczyk2.jpg 1140w\" sizes=\"auto, (max-width: 150px) 100vw, 150px\" \/><\/a>A mo\u017ce jest i drugie dno ca\u0142ej tej sprawy<\/strong>? Mo\u017ce to pan by\u0142y prezydent<strong> Marek Lipczyk (<span style=\"color: #ff0000;\">PZPR<span style=\"color: #000000;\">,<\/span> PPPP<span style=\"color: #000000;\">,<\/span> SLD<\/span>)<\/strong> chce powr\u00f3ci\u0107 na sto\u0142ek prezydenta Miasta. Jego ferajna zapewne tego by sobie \u017cyczy\u0142a. O jej wyczynach wiele informacji zawarto w zbiorczej \u201eepopei\u201d <strong>V Ds 20\/08<\/strong>, kt\u00f3ra g\u0142\u00f3wnych bohater\u00f3w okre\u015bla\u0142a zwi\u0119\u017ale jako <strong>\u201eMarek Lipczyk i inni\u201d.<\/strong> <strong>Sprawa jest na dzie\u0144 dzisiejszy, co nale\u017cy podkre\u015bli\u0107, umorzona przez Prokuratur\u0119 Gliwick\u0105.<\/strong><\/p>\n<p style=\"text-align: justify;\">Trudno nie zauwa\u017cy\u0107 jak w kr\u00f3tkim czasie obaj \u201ePePe\u201d, by\u0142y i obecny otrzymuj\u0105 laury. Najpierw <strong>M. Lipczyk<\/strong> otrzymuje <strong>Laur Piwowara <\/strong><a href=\"http:\/\/www.sosnowiec.info.pl\/informacje\/dabrowa-gornicza\/marek-lipczyk-odznaczony-%E2%80%9Ezlotym-laurem%E2%80%9D,1,4,22105\">http:\/\/www.sosnowiec.info.pl\/informacje\/dabrowa-gornicza\/marek-lipczyk-odznaczony-%E2%80%9Ezlotym-laurem%E2%80%9D,1,4,22105<\/a>, a teraz ta uchwa\u0142a. Czy\u017cby cicha wojna u lewak\u00f3w, kto ma by\u0107 kandydatem na urz\u0105d prezydenta miasta?<\/p>\n<p style=\"text-align: justify;\">Jedno wiemy na pewno, \u017ce nie jest to koniec ich szopek. <a href=\"http:\/\/grzegorzjaszczura.pl\/http:\/\/grzegorzjaszczura.pl\/wp-content\/uploads\/2012\/11\/201211171402.jpg\"><img loading=\"lazy\" decoding=\"async\" class=\"alignleft size-thumbnail wp-image-21469\" title=\"201211171402\" src=\"http:\/\/grzegorzjaszczura.pl\/http:\/\/grzegorzjaszczura.pl\/wp-content\/uploads\/2012\/11\/201211171402-150x150.jpg\" alt=\"\" width=\"150\" height=\"150\" \/><\/a>Ostatnio byli\u015bmy \u015bwiadkami chyba jedynego w kraju przypadku, gdy kanalizacji miejskiej wystawiono <strong>&#8222;nagrobek&#8221;<\/strong> <a href=\"http:\/\/grzegorzjaszczura.pl\/?p=21152\">http:\/\/grzegorzjaszczura.pl\/?p=21152<\/a>. Jeszcze, gdyby chodzi\u0142o o zwyk\u0142\u0105 tablic\u0119, czy nawet jak\u0105\u015b skromn\u0105 tablic\u0119 pami\u0105tkow\u0105, to mogliby\u015bmy uwierzy\u0107 w to, \u017ce jest to narzucone z zewn\u0105trz. Ale od razu nagrobek? <strong>Czy ten\u017ce &#8222;nagrobek&#8221; to koszt kwalifikowalny do refundacji?<\/strong> Kto rozliczy za co\u015b takiego faktur\u0119? Chyba, \u017ce p\u00f3jdzie to w koszty miasta. Jak zawsze.<\/p>\n<p style=\"text-align: justify;\">W\u0142adza sobie sama nadaje medale i tytu\u0142y, a ludzie w tym czasie trac\u0105 miejsca zatrudnienia, firmy coraz cz\u0119\u015bciej bankrutuj\u0105, <strong>komornicy<\/strong> z kolei szalej\u0105 <a href=\"http:\/\/grzegorzjaszczura.pl\/?p=21089\">http:\/\/grzegorzjaszczura.pl\/?p=21089<\/a><span style=\"color: #000000;\">,<\/span>\u00a0 <a href=\"http:\/\/www.kancelaria-windykacyjna.pl\/rekordowa-liczba-licytacji-komorniczych\">http:\/\/www.kancelaria-windykacyjna.pl\/rekordowa-liczba-licytacji-komorniczych<\/a>. Troch\u0119 to przypomina czasy francuskie z II po\u0142. XVIII wieku. Tam te\u017c w\u0142adza oderwa\u0142a si\u0119 od rzeczywisto\u015bci i jak si\u0119 to sko\u0144czy\u0142o wszyscy wiemy. By\u0107 mo\u017ce i u nas przyda\u0142aby si\u0119 <strong>taka ma\u0142a \u201erewolucja\u201d<\/strong>, oczywi\u015bcie wyborcza,<strong> np. referendum<\/strong>, by wykurzy\u0107 co niekt\u00f3rych \u201emapet\u00f3w\u201d z Rady Miasta. Mo\u017ce wtedy przyjdzie opami\u0119tanie i zej\u015bcie na ziemi\u0119.<\/p>\n<p style=\"text-align: right;\"><span style=\"color: #0000ff;\"><em><strong>Dawid Kmiotek, Grzegorz Jaszczura<\/strong><\/em><\/span><\/p>\n","protected":false},"excerpt":{"rendered":"<p>Istny muppet show w Radzie Miejskiej w D\u0105browie G\u00f3rniczej! Szopka i cyrk razem wzi\u0119te. Tak mo\u017cna jednym s\u0142owem skomentowa\u0107 ostatni\u0105 uchwa\u0142\u0119 intencyjn\u0105 rajc\u00f3w miejskich o nadanie medalu Komisji Edukacji Narodowej \u201ePePe\u201d Zb. Podrazie (SLD), pono\u0107 za jego wybitne zas\u0142ugi w zakresie o\u015bwiaty. Wazeliniarstwo niekt\u00f3rych<\/p>\n","protected":false},"author":2,"featured_media":0,"comment_status":"open","ping_status":"open","sticky":false,"template":"","format":"standard","meta":{"_monsterinsights_skip_tracking":false,"_monsterinsights_sitenote_active":false,"_monsterinsights_sitenote_note":"","_monsterinsights_sitenote_category":0,"footnotes":""},"categories":[3],"tags":[],"class_list":["post-21439","post","type-post","status-publish","format-standard","hentry","category-polityczne"],"_links":{"self":[{"href":"https:\/\/grzegorzjaszczura.pl\/index.php?rest_route=\/wp\/v2\/posts\/21439","targetHints":{"allow":["GET"]}}],"collection":[{"href":"https:\/\/grzegorzjaszczura.pl\/index.php?rest_route=\/wp\/v2\/posts"}],"about":[{"href":"https:\/\/grzegorzjaszczura.pl\/index.php?rest_route=\/wp\/v2\/types\/post"}],"author":[{"embeddable":true,"href":"https:\/\/grzegorzjaszczura.pl\/index.php?rest_route=\/wp\/v2\/users\/2"}],"replies":[{"embeddable":true,"href":"https:\/\/grzegorzjaszczura.pl\/index.php?rest_route=%2Fwp%2Fv2%2Fcomments&post=21439"}],"version-history":[{"count":44,"href":"https:\/\/grzegorzjaszczura.pl\/index.php?rest_route=\/wp\/v2\/posts\/21439\/revisions"}],"predecessor-version":[{"id":21546,"href":"https:\/\/grzegorzjaszczura.pl\/index.php?rest_route=\/wp\/v2\/posts\/21439\/revisions\/21546"}],"wp:attachment":[{"href":"https:\/\/grzegorzjaszczura.pl\/index.php?rest_route=%2Fwp%2Fv2%2Fmedia&parent=21439"}],"wp:term":[{"taxonomy":"category","embeddable":true,"href":"https:\/\/grzegorzjaszczura.pl\/index.php?rest_route=%2Fwp%2Fv2%2Fcategories&post=21439"},{"taxonomy":"post_tag","embeddable":true,"href":"https:\/\/grzegorzjaszczura.pl\/index.php?rest_route=%2Fwp%2Fv2%2Ftags&post=21439"}],"curies":[{"name":"wp","href":"https:\/\/api.w.org\/{rel}","templated":true}]}}