{"id":21473,"date":"2012-12-05T19:54:06","date_gmt":"2012-12-05T17:54:06","guid":{"rendered":"http:\/\/grzegorzjaszczura.pl\/?p=21473"},"modified":"2012-12-10T10:27:20","modified_gmt":"2012-12-10T08:27:20","slug":"witold-gadowski-wieza-komunistow","status":"publish","type":"post","link":"https:\/\/grzegorzjaszczura.pl\/?p=21473","title":{"rendered":"Witold Gadowski &#8211; Wie\u017ca komunist\u00f3w"},"content":{"rendered":"<p style=\"text-align: justify;\"><a href=\"http:\/\/grzegorzjaszczura.pl\/http:\/\/grzegorzjaszczura.pl\/wp-content\/uploads\/2012\/12\/2012112814711.jpg\"><img loading=\"lazy\" decoding=\"async\" class=\"alignleft size-thumbnail wp-image-21527\" title=\"201211281471\" src=\"http:\/\/grzegorzjaszczura.pl\/http:\/\/grzegorzjaszczura.pl\/wp-content\/uploads\/2012\/12\/2012112814711-150x150.jpg\" alt=\"\" width=\"150\" height=\"150\" \/><\/a>Kolejne ciekawe spotkanie odby\u0142o si\u0119 w d\u0105browskim <strong>Klubie Gazety Polskiej<\/strong>, poszerzonym ju\u017c od pewnego czasu o <strong>Konserwatywny Klub &#8222;Opcji Na Prawo&#8221;<\/strong>. G\u0142\u00f3wnym bohaterem spotkania w dniu 29.11.2012 r. by\u0142 <strong>Witold Gadowski<\/strong> oraz, je\u017celi mo\u017cna to tak uj\u0105\u0107 jego najnowsza ksi\u0105\u017cka <strong>&#8222;Wie\u017ca komunist\u00f3w&#8221;<\/strong>. Oczywi\u015bcie podstawowym tematem by\u0142y <strong>&#8222;Kulisy III RP&#8221;<\/strong>,<!--more--> w nawi\u0105zaniu do aktualnej sytuacji polityczno-spo\u0142ecznej w Polsce. Zreszt\u0105 z tym tak\u017ce wsp\u00f3\u0142gra tre\u015b\u0107 powie\u015bci <strong>&#8222;Wie\u017ca komunist\u00f3w&#8221;<\/strong>. Zaj\u0119cie <strong>W. Gadowskiego<\/strong>, absolwenta psychologii UJ i g\u00f3rala z Zakopanego, czyli dziennikarstwo \u015bledcze jest coraz trudniejsze, w sytuacji naszego parapa\u0144stwa, przesi\u0105kni\u0119tego lewicowym totalitaryzmem nap\u0142ywaj\u0105cym z Brukseli. Z tym, \u017ce jest on specjalist\u0105 od dzia\u0142a\u0144 rosyjskich (postsowieckich) s\u0142u\u017cb specjalnych.<\/p>\n<p style=\"text-align: justify;\"><a href=\"http:\/\/grzegorzjaszczura.pl\/http:\/\/grzegorzjaszczura.pl\/wp-content\/uploads\/2012\/12\/201211281461.jpg\"><img loading=\"lazy\" decoding=\"async\" class=\"alignleft size-thumbnail wp-image-21514\" title=\"201211281461\" src=\"http:\/\/grzegorzjaszczura.pl\/http:\/\/grzegorzjaszczura.pl\/wp-content\/uploads\/2012\/12\/201211281461-150x150.jpg\" alt=\"\" width=\"150\" height=\"150\" \/><\/a>Tak w og\u00f3le, to moim prywatnym zdaniem, wszystkie obce s\u0142u\u017cby maj\u0105 si\u0119 w naszym kraju bardzo dobrze, po bezkrwawej transformacji ustroju komunistycznego sowieckiego na ustr\u00f3j socjalistyczny (na razie!) unioeuropejski. Wydaje si\u0119, \u017ce wzajemnie s\u0105 sob\u0105 przesi\u0105kni\u0119te w kontroli swoich interes\u00f3w biznesowych. Prosz\u0119 sobie odpowiedzie\u0107 ilu i kiedy ostatnio zatrzymano (ew. wydalono) obcych agent\u00f3w w Polsce? Nie tylko ameryka\u0144skie s\u0142u\u017cby, ale i postsowieckie (rosyjskie), Jej Kr\u00f3lewskiej Mo\u015bci, \u017cydowskie czy austriackie maj\u0105 si\u0119 jak z powy\u017cszego wynika b. dobrze! Zreszt\u0105 i &#8222;nasze&#8221; s\u0142u\u017cby zajmuj\u0105 si\u0119 wszystkim, tzn. w\u0142a\u015bnie interesami finansowymi i gospodarczymi, utrzymywaniem <em>status quo<\/em> w\u015br\u00f3d polityk\u00f3w w Polsce, a nie tym, do czego zosta\u0142y kiedy\u015b powo\u0142ane. Od razu zach\u0119cam do przeczytania powie\u015bci pana <strong>W. Gadowskiego<\/strong>, mo\u017ce si\u0119 komu\u015b oczy otworz\u0105 i inaczej spojrzy na ju\u017c <strong>&#8222;Band\u0119 Pi\u0119ciorga&#8221;<\/strong> rz\u0105dz\u0105ca w naszym kraju. Poj\u0119cie <strong>&#8222;Bandy Czworga&#8221;<\/strong> wprowadzi\u0142 swego czasu pan prezes <strong>J. Korwin-Mikke <\/strong>(<strong>K<span style=\"color: #ff0000;\">N<\/span><span style=\"color: #0000ff;\">P<\/span><\/strong>) i jak\u017ce jest ono w \u015bwietle historii ostatnich dwudziestu lat trafne. A w\u015bciek\u0142o\u015b\u0107 w dyskredytowaniu <strong>J. Korwina-Mikke<\/strong> (<strong>K<span style=\"color: #ff0000;\">N<\/span><span style=\"color: #0000ff;\">P<\/span><\/strong>) \u015bwiadczy jak idealnie trafi\u0142 w dziesi\u0105tk\u0119!<\/p>\n<p style=\"text-align: justify;\">Prosz\u0119 sobie odpowiedzie\u0107 na pytanie, kiedy ostatnio skazano (<span style=\"text-decoration: underline;\">podkre\u015blam skazano<\/span>) polityka czy biznesmena na jakie\u015b wi\u0119zienie czy cho\u0107by przepadek mienia. Nawet panu ministrowi <strong>Zb. Ziobrze<\/strong> nie uda\u0142o si\u0119 ujawni\u0107 kont &#8222;naszych&#8221; polityk\u00f3w w Szwajcarii, mimo \u017ce by\u0142o blisko. A max to dziwne, bo wszyscy wiedz\u0105, \u017ce za przetargami i kontraktami idzie prowizja, taki smar do \u0142o\u017cysk, kt\u00f3re bez tego dosy\u0107 szybko si\u0119 zacieraj\u0105.<\/p>\n<p style=\"text-align: justify;\"><strong><a href=\"http:\/\/grzegorzjaszczura.pl\/http:\/\/grzegorzjaszczura.pl\/wp-content\/uploads\/2012\/12\/2012112814641.jpg\"><img loading=\"lazy\" decoding=\"async\" class=\"alignleft size-thumbnail wp-image-21530\" title=\"201211281464\" src=\"http:\/\/grzegorzjaszczura.pl\/http:\/\/grzegorzjaszczura.pl\/wp-content\/uploads\/2012\/12\/2012112814641-150x150.jpg\" alt=\"\" width=\"150\" height=\"150\" \/><\/a>W. Gadowski<\/strong> z grubsza przedstawi\u0142 swoje pogl\u0105dy podobnie. Podkre\u015bli\u0142, \u017ce staczamy si\u0119 jako Nar\u00f3d, a \u015bwiadczy o tym m.in. 1,5 mln Polak\u00f3w na nowej emigracji oraz 209 miejsce(!) Polski w przyro\u015bcie naturalnym na \u015bwiecie! Sprzyja temu brak prawid\u0142owego nauczania historii w szko\u0142ach, brak w\u0142asnej gospodarki i finans\u00f3w. Tu trzeba si\u0119 oczywi\u015bcie zgodzi\u0107, \u017ce to pogarsza sytuacj\u0119. S\u0142abe wykszta\u0142cenie\u00a0 powoduje \u0142atwo\u015b\u0107 w bezczelnym wmawianiu ludziom, <span style=\"color: #0000ff;\"><em>&#8222;\u017ce co innego widz\u0105 a co innego si\u0119 dzieje&#8221;<\/em><\/span>. To ju\u017c rola lewackich medi\u00f3w i prowadzonej przez nie tresury. Nie jest przypadkiem jak m\u00f3wi\u0142, \u017ce po 6 latach rz\u0105d\u00f3w <span style=\"color: #ff0000;\"><strong>PZPL<\/strong><\/span> (Polskiej Zjednoczonej Platformy Ludowej) znowu spotykamy si\u0119 w parafialnych salkach katechetycznych. Tu wyra\u017anie wida\u0107 powr\u00f3t do czas\u00f3w komunistycznych. W Polsce szczuje si\u0119 wszystkich przeciwko wszystkim, co sprawia, \u017ce kontrola si\u0142owa staje si\u0119 zb\u0119dna, jest to na dodatek du\u017co ta\u0144sze.<\/p>\n<p style=\"text-align: justify;\">Prelegent rzuci\u0142 tak\u017ce, co mi si\u0119 oczywi\u015bcie bardzo spodoba\u0142o, cytatem ze <strong>St. Michalkiewicza<\/strong>: <span style=\"color: #0000ff;\"><em>&#8222;skoro rz\u0105dz\u0105 s\u0142u\u017cby, to dlaczego rz\u0105dz\u0105 tak niedobrze?&#8221;<\/em><\/span>. Ten problem stara\u0142em si\u0119 na pocz\u0105tku wyja\u015bni\u0107.<\/p>\n<p style=\"text-align: justify;\">Motorem post\u0119pu, tu ca\u0142kowicie si\u0119 z <strong>W. Gadowskim<\/strong> zgadzam, jest ma\u0142y i \u015bredni biznes. Niestety na dzie\u0144 dzisiejszy mo\u017cna go zniszczy\u0107 jednym &#8222;pstrykni\u0119ciem&#8221; urz\u0119dnika &#8211; <em>casus<\/em> <strong>R. Kluski<\/strong> przekazujmy nast\u0119pnym pokoleniom. Nowa nomenklatura, kt\u00f3ra si\u0119 wytworzy\u0142a w naszym kraju przez ostatnie 20 lat zawiaduje prac\u0105, a praca jest dobrem najbardziej poszukiwanym. Tworzy si\u0119 totalitaryzm jak za socjalisty <strong>A. Hitlera<\/strong>. Wtedy te\u017c nie powsta\u0142 on z dnia na dzie\u0144, a ten zbrodniarz &#8211; socjalista narodowy zosta\u0142 wybrany demokratycznie! Pami\u0119tajmy o tym.<\/p>\n<p style=\"text-align: justify;\"><a href=\"http:\/\/grzegorzjaszczura.pl\/http:\/\/grzegorzjaszczura.pl\/wp-content\/uploads\/2012\/12\/SKMBT_C20312120310480.jpg\"><img loading=\"lazy\" decoding=\"async\" class=\"alignleft size-thumbnail wp-image-21520\" title=\"SKMBT_C20312120310480\" src=\"http:\/\/grzegorzjaszczura.pl\/http:\/\/grzegorzjaszczura.pl\/wp-content\/uploads\/2012\/12\/SKMBT_C20312120310480-150x150.jpg\" alt=\"\" width=\"150\" height=\"150\" \/><\/a>Tych kilka czasami lu\u017anych uwag <strong>W. Gadowskiego<\/strong> zamie\u015bci\u0142em, \u017ceby naprawd\u0119 zach\u0119ci\u0107 do przeczytania jego ksi\u0105\u017cki. B\u0119dzie \u0142atwiej nam si\u0119 porozumie\u0107 <strong>Drodzy Czytelnicy<\/strong>! To w nawi\u0105zaniu do motta <strong>&#8222;Wie\u017cy komunist\u00f3w&#8221;<\/strong>:<\/p>\n<p style=\"text-align: justify;\"><span style=\"color: #0000ff;\"><em><strong>&#8222;Tym, kt\u00f3rzy wiedz\u0105, jak jest, i my\u015bl\u0105, \u017ce s\u0105 sami&#8230;&#8221;<\/strong><\/em><\/span><span style=\"color: #000000;\">.<\/span><\/p>\n<p style=\"text-align: justify;\"><strong><span style=\"color: #0000ff;\"><a href=\"http:\/\/grzegorzjaszczura.pl\/http:\/\/grzegorzjaszczura.pl\/wp-content\/uploads\/2012\/12\/201211281455.jpg\"><img loading=\"lazy\" decoding=\"async\" class=\"alignleft size-thumbnail wp-image-21531\" title=\"201211281455\" src=\"http:\/\/grzegorzjaszczura.pl\/http:\/\/grzegorzjaszczura.pl\/wp-content\/uploads\/2012\/12\/201211281455-150x150.jpg\" alt=\"\" width=\"150\" height=\"150\" \/><\/a>Ps<\/span><\/strong> Chcia\u0142bym na koniec jeszcze wspomnie\u0107 o szefach wspomnianych na pocz\u0105tku klub\u00f3w, tj. <strong>J\u00f3zefie Kowalskim<\/strong> prowadz\u0105cym d\u0105browski<strong> Klub Gazety Polskiej<\/strong> i <strong>Magdalenie Knapik<\/strong> z <strong>Konserwatywnego Klubu &#8222;Opcji Na Prawo&#8221;<\/strong>. Dzi\u0119kuj\u0119 im za zorganizowanie ciekawego spotkania.<\/p>\n<p style=\"text-align: justify;\"><span style=\"color: #0000ff;\"><strong>Ps Ps<\/strong><\/span> Jeszcze relacja ze spotkania: <a href=\"http:\/\/www.youtube.com\/watch?v=9qvOT5ZOxsw&amp;feature=share\"><strong>http:\/\/www.youtube.com\/watch?v=9qvOT5ZOxsw&amp;feature=share<\/strong><\/a>.<\/p>\n","protected":false},"excerpt":{"rendered":"<p>Kolejne ciekawe spotkanie odby\u0142o si\u0119 w d\u0105browskim Klubie Gazety Polskiej, poszerzonym ju\u017c od pewnego czasu o Konserwatywny Klub &#8222;Opcji Na Prawo&#8221;. G\u0142\u00f3wnym bohaterem spotkania w dniu 29.11.2012 r. by\u0142 Witold Gadowski oraz, je\u017celi mo\u017cna to tak uj\u0105\u0107 jego najnowsza ksi\u0105\u017cka &#8222;Wie\u017ca komunist\u00f3w&#8221;. Oczywi\u015bcie podstawowym tematem by\u0142y &#8222;Kulisy III RP&#8221;,<\/p>\n","protected":false},"author":2,"featured_media":0,"comment_status":"open","ping_status":"open","sticky":false,"template":"","format":"standard","meta":{"_monsterinsights_skip_tracking":false,"_monsterinsights_sitenote_active":false,"_monsterinsights_sitenote_note":"","_monsterinsights_sitenote_category":0,"footnotes":""},"categories":[3],"tags":[],"class_list":["post-21473","post","type-post","status-publish","format-standard","hentry","category-polityczne"],"_links":{"self":[{"href":"https:\/\/grzegorzjaszczura.pl\/index.php?rest_route=\/wp\/v2\/posts\/21473","targetHints":{"allow":["GET"]}}],"collection":[{"href":"https:\/\/grzegorzjaszczura.pl\/index.php?rest_route=\/wp\/v2\/posts"}],"about":[{"href":"https:\/\/grzegorzjaszczura.pl\/index.php?rest_route=\/wp\/v2\/types\/post"}],"author":[{"embeddable":true,"href":"https:\/\/grzegorzjaszczura.pl\/index.php?rest_route=\/wp\/v2\/users\/2"}],"replies":[{"embeddable":true,"href":"https:\/\/grzegorzjaszczura.pl\/index.php?rest_route=%2Fwp%2Fv2%2Fcomments&post=21473"}],"version-history":[{"count":50,"href":"https:\/\/grzegorzjaszczura.pl\/index.php?rest_route=\/wp\/v2\/posts\/21473\/revisions"}],"predecessor-version":[{"id":21611,"href":"https:\/\/grzegorzjaszczura.pl\/index.php?rest_route=\/wp\/v2\/posts\/21473\/revisions\/21611"}],"wp:attachment":[{"href":"https:\/\/grzegorzjaszczura.pl\/index.php?rest_route=%2Fwp%2Fv2%2Fmedia&parent=21473"}],"wp:term":[{"taxonomy":"category","embeddable":true,"href":"https:\/\/grzegorzjaszczura.pl\/index.php?rest_route=%2Fwp%2Fv2%2Fcategories&post=21473"},{"taxonomy":"post_tag","embeddable":true,"href":"https:\/\/grzegorzjaszczura.pl\/index.php?rest_route=%2Fwp%2Fv2%2Ftags&post=21473"}],"curies":[{"name":"wp","href":"https:\/\/api.w.org\/{rel}","templated":true}]}}