{"id":22829,"date":"2013-03-18T02:32:28","date_gmt":"2013-03-18T07:32:28","guid":{"rendered":"http:\/\/grzegorzjaszczura.pl\/?p=22829"},"modified":"2013-03-19T06:05:19","modified_gmt":"2013-03-19T11:05:19","slug":"kazimierz-jasionek-obywatel-i-podatnik","status":"publish","type":"post","link":"https:\/\/grzegorzjaszczura.pl\/?p=22829","title":{"rendered":"Kazimierz Jasionek &#8211; obywatel i podatnik"},"content":{"rendered":"<p style=\"text-align: justify;\"><strong><a href=\"http:\/\/grzegorzjaszczura.pl\/http:\/\/grzegorzjaszczura.pl\/wp-content\/uploads\/2013\/03\/Opozycja-w-RM.jpg\"><img loading=\"lazy\" decoding=\"async\" class=\"alignleft size-thumbnail wp-image-22843\" title=\"Opozycja w RM\" src=\"http:\/\/grzegorzjaszczura.pl\/http:\/\/grzegorzjaszczura.pl\/wp-content\/uploads\/2013\/03\/Opozycja-w-RM-150x150.jpg\" alt=\"\" width=\"150\" height=\"150\" \/><\/a>Jakie uprawnienia w \u015bwietle prawa ma obywatel miasta? Czy przys\u0142uguje mu jakie\u015b prawo za wyj\u0105tkiem obowi\u0105zku p\u0142acenia podatk\u00f3w i op\u0142at lokalnych?<\/strong> Na te pytania postaramy sobie odpowiedzie\u0107 na przyk\u0142adzie <strong>Kazimierza Jasionka<\/strong>, mieszka\u0144ca D\u0105browy G\u00f3rniczej, kt\u00f3ry mia\u0142 odwag\u0119 powiadomi\u0107 organa \u015bcigania o podejrzeniu pope\u0142nienia <strong>przest\u0119pstwa urz\u0119dniczego<\/strong> na szkod\u0119 maj\u0105tku Gminy przez prezydenta Miasta. Urz\u0105d ten<!--more--> sprawuje (?) obecnie <strong>Zb. Podraza (<span style=\"color: #ff0000;\">SLD<\/span>).<\/strong> <a href=\"http:\/\/grzegorzjaszczura.pl\/http:\/\/grzegorzjaszczura.pl\/wp-content\/uploads\/2013\/03\/SKMBT_C20312041313070.jpg\"><img loading=\"lazy\" decoding=\"async\" class=\"alignleft size-thumbnail wp-image-22863\" title=\"SKMBT_C20312041313070\" src=\"http:\/\/grzegorzjaszczura.pl\/http:\/\/grzegorzjaszczura.pl\/wp-content\/uploads\/2013\/03\/SKMBT_C20312041313070-150x150.jpg\" alt=\"\" width=\"150\" height=\"150\" \/><\/a>Chodzi rzecz jasna o tzw.<strong> &#8222;afer\u0119 Zag\u0142\u0119bianki&#8221;,<\/strong> a dok\u0142adniej o spraw\u0119 podpale\u0144 budynku klubowego dawnego GKS Zag\u0142\u0119bianka D\u0105browa G\u00f3rnicza. Podpale\u0144, kt\u00f3re mia\u0142y miejsce podczas trwaj\u0105cego przetargu na sprzeda\u017c obiekt\u00f3w po dawnym klubie.<strong> Okazuje si\u0119 \u017ce w \u015bwietle decyzji S\u0105du Okr\u0119gowego w Jaworznie obywatel nie ma \u017cadnych praw<\/strong>, bo nie mo\u017ce by\u0107 nawet stron\u0105 w sprawach dotycz\u0105cych Gminy. Stron\u0105 mo\u017ce by\u0107 prezydent Miasta, b\u0105d\u017a radni miejscy, czyli ten sam prezydent, kt\u00f3rego dotyczy\u0142o zawiadomienie i ci sami radni miejscy, kt\u00f3rzy w znacznej wi\u0119kszo\u015bci pracuj\u0105 na etatach w jednostkach organizacyjnych gminy. Trudno przecie\u017c oczekiwa\u0107 by <em>&#8222;pies gryz\u0142 r\u0119k\u0119 swego Pana&#8221;<\/em>.<\/p>\n<p style=\"text-align: justify;\"><strong>Warto tu przytoczy\u0107 wypowied\u017a samego K. Jasionka, jaka zosta\u0142a udzielona mediom: <\/strong><span style=\"color: #0000ff;\"><em>&#8222;30 stycznia S\u0105d Okr\u0119gowy w Jaworznie stwierdzi\u0142 \u017ce nie rozpatrzy sprawy, bo nie jestem w niej stron\u0105, nie ponios\u0142em \u017cadnych strat materialnych. Powiedziano mi, \u017ce gdyby do s\u0105du wyst\u0105pili na przyk\u0142ad radni, mo\u017cna by rozpatrywa\u0107 kwesti\u0119 niegospodarno\u015bci ze strony w\u0142adz gminy (&#8230;). Problem w tym, \u017ce u nas tak naprawd\u0119 nie ma radnych, opozycja jest tu tylko z nazwy, wszyscy siedz\u0105 w kieszeni u prezydenta i ka\u017cdy ma oczy przymkni\u0119te na to, co powinien dostrzega\u0107 w pierwszej kolejno\u015bci. Skoro wi\u0119c nie ma radnych, kt\u00f3rzy interweniowaliby tam gdzie trzeba, musz\u0105 to robi\u0107 mieszka\u0144cy. <strong>Ci jednak w \u015bwietle prawa nie maj\u0105 takiej mo\u017cliwo\u015bci i ko\u0142o si\u0119 zamyka<\/strong>&#8222;<\/em> <\/span>(\u017ar\u00f3d\u0142o: T. Szczepanek, <em>Wiadomo\u015bci Zag\u0142\u0119bia<\/em> z dn. 19.02.2013, str. 9).<\/p>\n<p style=\"text-align: justify;\">Ta wypowied\u017a pokazuje nam z jak\u0105 patologi\u0105 mamy do czynienia w Polsce. Nie dziwmy si\u0119 potem, \u017ce Minister Sprawiedliwo\u015bci <strong>J. Gowin<\/strong> m\u00f3wi o polskich prawnikach jednym s\u0142owem: <strong>&#8222;sitwa&#8221;<\/strong>.<\/p>\n<p style=\"text-align: justify;\"><a href=\"http:\/\/grzegorzjaszczura.pl\/http:\/\/grzegorzjaszczura.pl\/wp-content\/uploads\/2013\/03\/zawiad.02.07.2012-2.jpg\"><img loading=\"lazy\" decoding=\"async\" class=\"alignleft size-thumbnail wp-image-22908\" title=\"zawiad.02.07.2012-2\" src=\"http:\/\/grzegorzjaszczura.pl\/http:\/\/grzegorzjaszczura.pl\/wp-content\/uploads\/2013\/03\/zawiad.02.07.2012-2-150x150.jpg\" alt=\"\" width=\"150\" height=\"150\" \/><\/a>Je\u017celi dodamy tu jeszcze kwesti\u0119, \u017ce od samego pocz\u0105tku po podpaleniach, mia\u0142y miejsce <em>&#8222;przepychanki&#8221;<\/em> z organami \u015bcigania, kto ma prowadzi\u0107 dochodzenie, \u015bledztwo, tj. czynno\u015bci w\u0142a\u015bciwe dla organ\u00f3w \u015bcigania, to otrzymamy jasny obraz ca\u0142ej sytuacji. <em>&#8222;Przepychanki&#8221;<\/em> rzecz jasna o bezstronny os\u0105d ca\u0142ej sprawy(!), w imi\u0119 zachowania zasady <strong><em>&#8222;iudex suspectus&#8221;<\/em>.<\/strong><\/p>\n<p style=\"text-align: justify;\"><a href=\"http:\/\/grzegorzjaszczura.pl\/http:\/\/grzegorzjaszczura.pl\/wp-content\/uploads\/2013\/03\/20120323211.jpg\"><img loading=\"lazy\" decoding=\"async\" class=\"alignleft size-thumbnail wp-image-22889\" title=\"20120323211\" src=\"http:\/\/grzegorzjaszczura.pl\/http:\/\/grzegorzjaszczura.pl\/wp-content\/uploads\/2013\/03\/20120323211-150x150.jpg\" alt=\"\" width=\"150\" height=\"150\" \/><\/a>Z bezstronno\u015bci\u0105 mo\u017ce by\u0107 r\u00f3\u017cnie, szczeg\u00f3lnie w D\u0105browie G\u00f3rniczej. Dajmy sztandarowy przyk\u0142ad<strong> budynku <span style=\"color: #ff0000;\">Centrum Administracji<\/span> (pod zarz\u0105dem sp\u00f3\u0142ki gminnej), gdzie od dawien dawna, mimo <a href=\"http:\/\/grzegorzjaszczura.pl\/?p=167#more-167\">uniewa\u017cnienia Kontraktu<\/a> na projekt, budow\u0119 i eksploatacj\u0119 tego molocha, po preferencyjnych cenach wynajmuj\u0105 pomieszczenia S\u0105d i Prokuratura Rejonowa.<\/strong> Niestety do dnia dzisiejszego nie wykonano ustale\u0144 wyroku s\u0105d\u00f3w, cho\u0107by w sprawie niewa\u017cno\u015bci Kontraktu i um\u00f3w oko\u0142okontraktowych. A trudno nie ocenia\u0107, \u017ce z tych powod\u00f3w Gmina nie ponosi strat!<strong> Niewykluczone, \u017ce sprawa ponownie znajdzie si\u0119 w kr\u0119gu zainteresowa\u0144 organ\u00f3w \u015bcigania.<br \/>\n<\/strong><\/p>\n<p style=\"text-align: justify;\"><strong> Warto te\u017c doda\u0107 \u017ce 20 etat\u00f3w Policji d\u0105browskiej jest finansowanych z bud\u017cetu Gminy<\/strong>.<\/p>\n<p style=\"text-align: justify;\">To wszystko podobno wg pana prezydenta Zb. Podrazy (<span style=\"color: #ff0000;\">SLD<\/span>) w \u015bwietle przestrzegania zasad prawa! Aczkolwiek w\u0105tpliwo\u015bci o bezstronno\u015b\u0107 tych organ\u00f3w pozostaj\u0105 i mo\u017cna je podnosi\u0107.<\/p>\n<p style=\"text-align: justify;\">Zadajmy sobie jeszcze pytanie: <em><strong>czy wszystkie sprawy kt\u00f3re prowadzi\u0142y d\u0105browska Policja, Prokuratura Rejonowa i S\u0105d Rejonowy w sprawach maj\u0105tkowych Gminy i os\u00f3b zwi\u0105zanych z w\u0142adzami miasta nie maj\u0105 same w sobie powa\u017cnej wady prawnej? W ilu tych sprawach ww. organy nie wy\u0142\u0105czy\u0142y si\u0119 z ich rozpatrywania? I czy ci wszyscy, kt\u00f3rzy przegrali w sporach prawnych z Gmin\u0105 nie maj\u0105 teraz otwartej drogi, by ubiega\u0107 si\u0119 o swoje prawa i odszkodowania?<\/strong><\/em><\/p>\n<p style=\"text-align: justify;\">To pytanie zostawmy tym kt\u00f3rzy zdecyduj\u0105 si\u0119 na taki krok, a wr\u00f3\u0107my do naszego kluczowego pytania: <em>jakie prawa ma obywatel miasta?<\/em> W przypadku Kazimierza Jasionka S\u0105d Okr\u0119gowy stwierdzi\u0142, \u017ce nie dozna\u0142 on uszczerbku materialnego? Skoro Gmina mo\u017ce dochodzi\u0107 si\u0119 swych praw to zadajmy sobie pytanie <strong>czym jest Gmina<\/strong>?<\/p>\n<p style=\"text-align: justify;\"><strong><a href=\"http:\/\/grzegorzjaszczura.pl\/http:\/\/grzegorzjaszczura.pl\/wp-content\/uploads\/2013\/03\/Wsp\u00f3lnota-samorz\u0105dowa1.jpg\"><img loading=\"lazy\" decoding=\"async\" class=\"alignleft size-thumbnail wp-image-22860\" title=\"Wsp\u00f3lnota samorz\u0105dowa\" src=\"http:\/\/grzegorzjaszczura.pl\/http:\/\/grzegorzjaszczura.pl\/wp-content\/uploads\/2013\/03\/Wsp\u00f3lnota-samorz\u0105dowa1-150x150.jpg\" alt=\"\" width=\"150\" height=\"150\" \/><\/a>Ot\u00f3\u017c w \u015bwietle art. 1 Ustawy o samorz\u0105dzie gminnym:<\/strong><\/p>\n<p style=\"text-align: justify;\"><em>&#8222;1. Mieszka\u0144cy gminy tworz\u0105 z mocy prawa wsp\u00f3lnot\u0119 samorz\u0105dow\u0105.<\/em><\/p>\n<p style=\"text-align: justify;\"><em> 2. Ilekro\u0107 w ustawie jest mowa o gminie, nale\u017cy przez to rozumie\u0107 wsp\u00f3lnot\u0119 samorz\u0105dow\u0105 oraz odpowiednie terytorium&#8221;.<\/em><\/p>\n<p style=\"text-align: justify;\"><strong>Czyli gmin\u0105 s\u0105 tak\u017ce jej obywatele, czyli wsp\u00f3lnota samorz\u0105dowa os\u00f3b zamieszkuj\u0105cych D\u0105brow\u0119 G\u00f3rnicz\u0105, tj. oko\u0142o 124 000 potencjalnych <em>&#8222;Jasionk\u00f3w&#8221;<\/em><\/strong>.<\/p>\n<p style=\"text-align: justify;\">Tym samym prawa materialne <strong>Kazimierza Jasionka<\/strong> zosta\u0142y naruszone w przybli\u017ceniu, w 1\/124 000 cz\u0119\u015bci &#8222;warto\u015bci&#8221; Gminy. Tak wi\u0119c czemu S\u0105d stwierdzi\u0142, \u017ce nie rozpatrzy sprawy obywatela Jasionka, skoro faktycznie zosta\u0142 naruszony jego interes prawny jako mieszka\u0144ca Gminy? Na to pytanie powinien odpowiedzie\u0107 sobie <strong>Rzecznik Praw Obywatelskich<\/strong>, kt\u00f3ry z mocy prawa winien broni\u0107 Naszych praw. W przeciwnym razie potwierdzi si\u0119 opinia bliska zaprezentowana przez ministra Gowina.<\/p>\n<p style=\"text-align: justify;\">Sprawa ta daje nam jasno do zrozumienia, \u017ce <strong>polskie organa \u015bcigania s\u0105 obecnie swoistym &#8222;mecenasem&#8221; <em>hulaj dusza<\/em> r\u00f3\u017cnej ma\u015bci sitw i klik<\/strong>, natomiast zwyk\u0142y obywatel w konfrontacji z nimi z g\u00f3ry stoi na przegranej pozycji.<\/p>\n<p style=\"text-align: justify;\"><a href=\"http:\/\/grzegorzjaszczura.pl\/http:\/\/grzegorzjaszczura.pl\/wp-content\/uploads\/2013\/03\/dawny-stadion-zaglebianki-1.jpg\"><img loading=\"lazy\" decoding=\"async\" class=\"alignleft size-thumbnail wp-image-22866\" title=\"&lt;KENOX S630  \/ Samsung S630&gt;\" src=\"http:\/\/grzegorzjaszczura.pl\/http:\/\/grzegorzjaszczura.pl\/wp-content\/uploads\/2013\/03\/dawny-stadion-zaglebianki-1-150x150.jpg\" alt=\"\" width=\"150\" height=\"150\" \/><\/a>Jest jeszcze jeden aspekt sprawy, a mianowicie Kodeks post\u0119powania karnego, kt\u00f3ry przewiduje tzw. <strong>&#8222;spo\u0142eczne powiadomienie&#8221; \u2013 art. 304 \u00a7 1<\/strong>, gdzie obywatel ma obowi\u0105zek powiadomienia o podejrzeniu przest\u0119pstwa, w szczeg\u00f3lno\u015bci gdy uprawnione do tego organy, takie jak prezydent Miasta i Rada Miasta tego nie czyni\u0105 z mocy \u00a7 2 tego samego artyku\u0142u <a href=\"http:\/\/grzegorzjaszczura.pl\/?p=16385\">http:\/\/grzegorzjaszczura.pl\/?p=16385<\/a>. Tak wi\u0119c jaki sens ma ten przepis?<\/p>\n<p style=\"text-align: justify;\">Dzi\u015b ju\u017c wiemy, \u017ce obiekty po Zag\u0142\u0119biance zostan\u0105 wyburzone <a href=\"http:\/\/www.dziennikzachodni.pl\/artykul\/758859,dabrowa-gornicza-obiekty-na-stadionie-dawnej-zaglebianki-do,id,t.html?cookie=1\">http:\/\/www.dziennikzachodni.pl\/artykul\/758859,dabrowa-gornicza-obiekty-na-stadionie-dawnej-zaglebianki-do,id,t.html?cookie=1<\/a>, ale dzi\u0119ki dzia\u0142aniom takich ludzi jak pan <strong>K. Jasionek<\/strong> opinia publiczna mo\u017ce wyobrazi\u0107 sobie, jak wygl\u0105da w mie\u015bcie problem obrotu nieruchomo\u015bciami. Tym bardziej \u017ce od kilkunastu lat wiele spraw w tej materii budzi spo\u0142eczne niezadowolenie, o czym mogli\u015bmy si\u0119 przekona\u0107 ostatnio na przyk\u0142adzie sprawy wycinki parkowych drzew w tzw. &#8222;ma\u0142pim gaju&#8221; <a href=\"http:\/\/www.sosnowiec.info.pl\/informacje\/dabrowa-gornicza\/mieszkancy-protestuja-a-inwestor-nie-traci-czasu,1,4,22655\">http:\/\/www.sosnowiec.info.pl\/informacje\/dabrowa-gornicza\/mieszkancy-protestuja-a-inwestor-nie-traci-czasu,1,4,22655<\/a>. O powi\u0105zaniach os\u00f3b ze \u015bcis\u0142ego otoczenia kierownictwa miasta z bran\u017c\u0105 dewelopersk\u0105 nie b\u0119dziemy si\u0119 tu rozpisywa\u0107. Sprawa Zag\u0142\u0119bianki stanowi\u0107 mo\u017ce delikatny wst\u0119p pokazuj\u0105cy, jak ci kt\u00f3rzy powinni nas godnie reprezentowa\u0107 i dba\u0107 nale\u017cycie o maj\u0105tek Gminy tego nie robi\u0105, a miasto wygl\u0105da jak <strong>prywatny folwark, kt\u00f3ry swym nazwiskiem firmuje Zbigniew Podraza (<span style=\"color: #ff0000;\">SLD<\/span>)<\/strong>.<\/p>\n<p style=\"text-align: justify;\"><strong>Kazimierz Jasionek \u2013 ofiara, czy bohater?<\/strong> Na pewno jedno i drugie.<\/p>\n<p style=\"text-align: justify;\"><strong><a href=\"http:\/\/grzegorzjaszczura.pl\/http:\/\/grzegorzjaszczura.pl\/wp-content\/uploads\/2013\/03\/Jasionek-01.jpg\"><img loading=\"lazy\" decoding=\"async\" class=\"alignleft size-thumbnail wp-image-22892\" title=\"Jasionek 01\" src=\"http:\/\/grzegorzjaszczura.pl\/http:\/\/grzegorzjaszczura.pl\/wp-content\/uploads\/2013\/03\/Jasionek-01-150x150.jpg\" alt=\"\" width=\"150\" height=\"150\" \/><\/a>Bohater<\/strong>, bo to sw\u00f3j ch\u0142op z jajami, kt\u00f3ry mia\u0142 odwag\u0119 na to, na co zabrak\u0142o odwagi innym, szczeg\u00f3lnie radnym, a przede wszystkim tym radnym kt\u00f3rzy z obawy o swe miejsca pracy w miejskich sp\u00f3\u0142kach i jednostkach organizacyjnych w takich sytuacjach &#8222;robi\u0105 najzwyczajniej w gacie&#8221;. Ale kto\u015b tych reprezentant\u00f3w wstawi\u0142 na listy wyborcze i kto\u015b na nich g\u0142osowa\u0142. Tak wi\u0119c teraz nie dziwmy si\u0119, \u017ce mamy to co mamy&#8230;<\/p>\n<p style=\"text-align: justify;\"><strong>Ofiara<\/strong>, bo jego walka z g\u00f3ry by\u0142a skazana na pora\u017ck\u0119. Bo jak mo\u017cna walczy\u0107 o dan\u0105 spraw\u0119 w pa\u0144stwie, wykazuj\u0105cym cechy <strong>\u201epa\u0144stwa mafijnego\u201d,<\/strong> gdzie takie instytucje nadzoru jak radni miejscy,\u00a0wojewoda, prokuratura, s\u0105dy, media, Policja, itd. nie wywi\u0105zuj\u0105 si\u0119 ze swej roli. Ale to ju\u017c jest problem tych kt\u00f3rzy tworz\u0105 w Polsce prawo, przyzwalaj\u0105ce si\u0119 na tak bliskie powi\u0105zania mi\u0119dzy tymi, kt\u00f3rzy powinni nadzorowa\u0107, a tymi, kt\u00f3rzy powinni by\u0107 nadzorowani!<\/p>\n<p style=\"text-align: justify;\"><a href=\"http:\/\/grzegorzjaszczura.pl\/http:\/\/grzegorzjaszczura.pl\/wp-content\/uploads\/2013\/03\/stra\u017c-2.jpg\"><img loading=\"lazy\" decoding=\"async\" class=\"alignleft size-thumbnail wp-image-22900\" title=\"stra\u017c (2)\" src=\"http:\/\/grzegorzjaszczura.pl\/http:\/\/grzegorzjaszczura.pl\/wp-content\/uploads\/2013\/03\/stra\u017c-2-150x150.jpg\" alt=\"\" width=\"150\" height=\"150\" \/><\/a>Sprawa <strong>Kazimierza Jasionka<\/strong> dowodzi najlepiej, \u017ce w kraju mamy do czynienia <strong>z fasad\u0105 demokracji, ale do samej demokracji jeszcze nam daleko&#8230; Najlepiej by\u0142oby przesta\u0107 wciska\u0107 ludziom ciemnot\u0119, \u017ce demokracja w tej postaci jest dla ich dobra, bowiem to zwyk\u0142e k\u0142amstwo <span style=\"color: #ff0000;\">biurwopolityk\u00f3w<\/span>, rozpowszechniane przez op\u0142acane przez nich i dla ich interes\u00f3w media!<br \/>\n<\/strong><\/p>\n<p style=\"text-align: justify;\"><span style=\"color: #0000ff;\"><strong>Ps<\/strong><\/span> Zobacz tak\u017ce: <a href=\"http:\/\/grzegorzjaszczura.pl\/?p=9329#more-9329\">http:\/\/grzegorzjaszczura.pl\/?p=9329#more-9329<\/a>, ewentualnie: <a href=\"http:\/\/grzegorzjaszczura.pl\/?p=10860#more-10860\">http:\/\/grzegorzjaszczura.pl\/?p=10860#more-10860<\/a>.<\/p>\n","protected":false},"excerpt":{"rendered":"<p>Jakie uprawnienia w \u015bwietle prawa ma obywatel miasta? Czy przys\u0142uguje mu jakie\u015b prawo za wyj\u0105tkiem obowi\u0105zku p\u0142acenia podatk\u00f3w i op\u0142at lokalnych? Na te pytania postaramy sobie odpowiedzie\u0107 na przyk\u0142adzie Kazimierza Jasionka, mieszka\u0144ca D\u0105browy G\u00f3rniczej, kt\u00f3ry mia\u0142 odwag\u0119 powiadomi\u0107 organa \u015bcigania o podejrzeniu pope\u0142nienia przest\u0119pstwa urz\u0119dniczego na szkod\u0119 maj\u0105tku Gminy przez prezydenta Miasta. Urz\u0105d ten<\/p>\n","protected":false},"author":2,"featured_media":0,"comment_status":"open","ping_status":"open","sticky":false,"template":"","format":"standard","meta":{"_monsterinsights_skip_tracking":false,"_monsterinsights_sitenote_active":false,"_monsterinsights_sitenote_note":"","_monsterinsights_sitenote_category":0,"footnotes":""},"categories":[3],"tags":[],"class_list":["post-22829","post","type-post","status-publish","format-standard","hentry","category-polityczne"],"_links":{"self":[{"href":"https:\/\/grzegorzjaszczura.pl\/index.php?rest_route=\/wp\/v2\/posts\/22829","targetHints":{"allow":["GET"]}}],"collection":[{"href":"https:\/\/grzegorzjaszczura.pl\/index.php?rest_route=\/wp\/v2\/posts"}],"about":[{"href":"https:\/\/grzegorzjaszczura.pl\/index.php?rest_route=\/wp\/v2\/types\/post"}],"author":[{"embeddable":true,"href":"https:\/\/grzegorzjaszczura.pl\/index.php?rest_route=\/wp\/v2\/users\/2"}],"replies":[{"embeddable":true,"href":"https:\/\/grzegorzjaszczura.pl\/index.php?rest_route=%2Fwp%2Fv2%2Fcomments&post=22829"}],"version-history":[{"count":83,"href":"https:\/\/grzegorzjaszczura.pl\/index.php?rest_route=\/wp\/v2\/posts\/22829\/revisions"}],"predecessor-version":[{"id":22931,"href":"https:\/\/grzegorzjaszczura.pl\/index.php?rest_route=\/wp\/v2\/posts\/22829\/revisions\/22931"}],"wp:attachment":[{"href":"https:\/\/grzegorzjaszczura.pl\/index.php?rest_route=%2Fwp%2Fv2%2Fmedia&parent=22829"}],"wp:term":[{"taxonomy":"category","embeddable":true,"href":"https:\/\/grzegorzjaszczura.pl\/index.php?rest_route=%2Fwp%2Fv2%2Fcategories&post=22829"},{"taxonomy":"post_tag","embeddable":true,"href":"https:\/\/grzegorzjaszczura.pl\/index.php?rest_route=%2Fwp%2Fv2%2Ftags&post=22829"}],"curies":[{"name":"wp","href":"https:\/\/api.w.org\/{rel}","templated":true}]}}