{"id":22979,"date":"2013-03-23T09:18:02","date_gmt":"2013-03-23T14:18:02","guid":{"rendered":"http:\/\/grzegorzjaszczura.pl\/?p=22979"},"modified":"2013-03-23T09:19:31","modified_gmt":"2013-03-23T14:19:31","slug":"cezary-gmyz-dziennikarz-sledczy","status":"publish","type":"post","link":"https:\/\/grzegorzjaszczura.pl\/?p=22979","title":{"rendered":"Cezary Gmyz &#8211; dziennikarz \u015bledczy"},"content":{"rendered":"<p style=\"text-align: justify;\"><a href=\"http:\/\/grzegorzjaszczura.pl\/http:\/\/grzegorzjaszczura.pl\/wp-content\/uploads\/2013\/03\/201303221754.jpg\"><img loading=\"lazy\" decoding=\"async\" class=\"alignleft size-thumbnail wp-image-23021\" title=\"201303221754\" src=\"http:\/\/grzegorzjaszczura.pl\/http:\/\/grzegorzjaszczura.pl\/wp-content\/uploads\/2013\/03\/201303221754-150x150.jpg\" alt=\"\" width=\"150\" height=\"150\" \/><\/a>Spotkanie <strong>Klubu &#8222;Gazety Polskiej&#8221;<\/strong> w D\u0105browie G\u00f3rniczej tym razem odby\u0142o si\u0119 w sali Biblioteki Miejskiej przy ul. T. Ko\u015bciuszki 25. Go\u015bciem cz\u0142onk\u00f3w i sympatyk\u00f3w Klubu w dniu 22 marca br. by\u0142 redaktor <strong>Cezary Gmyz<\/strong> z Warszawy.<\/p>\n<p style=\"text-align: justify;\">Spotkaniu\u00a0 towarzyszy\u0142a promocja najnowszej ksi\u0105\u017cki &#8211; wywiadu rzeki z <strong>Cezarym <!--more-->Gmyzem<\/strong> o tytule <span style=\"color: #0000ff;\"><em><strong>\u201eZaw\u00f3d: dziennikarz \u015bledczy\u201d<\/strong><\/em><\/span>. To by\u0142 g\u0142\u00f3wny pow\u00f3d, kt\u00f3ry \u015bci\u0105gn\u0105\u0142 mnie na spotkanie. Jednak\u017ce, niestety sam\u0105 dyskusj\u0119 zdominowa\u0142y znowu tematy zwi\u0105zane ze Smole\u0144skiem <em>anno Domini<\/em> 2010. Aczkolwiek to za publikacj\u0119 (30.10.2012 r.) o obecno\u015bci trotylu na elementach samolotu Tupolewa zosta\u0142 on zwolniony z pracy w <em>Rzeczypospolitej<\/em>. Trzeba wi\u0119c przyj\u0105\u0107 do wiadomo\u015bci, \u017ce jest to dla niego bardzo wa\u017cne. Jak zrozumia\u0142em 3 r\u00f3\u017cne substancje wybuchowe stwierdzono na ok. 30 fotelach i w miejscach \u0142\u0105cze\u0144 skrzyde\u0142 samolotu z kad\u0142ubem. <strong>C. Gmyz<\/strong> odm\u00f3wi\u0142 zgodnie z prawem prasowym wskazania swoich informator\u00f3w i za to zosta\u0142 zwolniony. Udzia\u0142 w tym mia\u0142a tak\u017ce Prokuratura Wojskowa, kt\u00f3ra zmanipulowa\u0142a na konferencji prasowej informacje o trotylu. To w skr\u00f3cie tyle w tym temacie.<\/p>\n<p style=\"text-align: justify;\"><a href=\"http:\/\/grzegorzjaszczura.pl\/http:\/\/grzegorzjaszczura.pl\/wp-content\/uploads\/2013\/03\/201303221745.jpg\"><img loading=\"lazy\" decoding=\"async\" class=\"alignleft size-thumbnail wp-image-23034\" title=\"201303221745\" src=\"http:\/\/grzegorzjaszczura.pl\/http:\/\/grzegorzjaszczura.pl\/wp-content\/uploads\/2013\/03\/201303221745-150x150.jpg\" alt=\"\" width=\"150\" height=\"150\" \/><\/a>Redaktor <strong>C. Gmyz<\/strong> od razu wiedzia\u0142, \u017ce jest w <strong><span style=\"color: #00ff00;\">Zag\u0142\u0119biu<\/span> <span style=\"color: #ff0000;\">D\u0105browskim<\/span><\/strong>, a nie na \u015al\u0105sku czy Pomorzu, co dobrze \u015bwiadczy moim zdaniem o jego inteligencji. Swoj\u0105 prac\u0119 dziennikarza \u015bledczego rozpoczyna\u0142 od afery Art-B (zako\u0144czonej ucieczk\u0105 przed polskim wymiarem sprawiedliwo\u015bci podejrzanych do Izraela). Rozpracowywa\u0142 tak\u017ce m.in. afer\u0119 hazardow\u0105 czy Tomasza Turowskiego pochodz\u0105cego z ul. Ko\u015bciuszki w D\u0105browie G\u00f3rniczej (ostatnio <em>nota bene<\/em> uniewinnionego od k\u0142amstwa lustracyjnego!).<\/p>\n<p style=\"text-align: justify;\">Je\u017celi chodzi o pytania publiczno\u015bci nie zwi\u0105zane ze Smole\u0144skiem, to podnoszono problem quasiopozycji w Polsce. Niestety wg mnie powracanie w k\u00f3\u0142ko do tematu katastrofy <span style=\"color: #800080;\">PISowi<\/span> blokuje wzrost poparcia, a wzmacnia <span style=\"color: #ff6600;\">PO<\/span> stoj\u0105ce po drugiej stronie. Bez znacz\u0105cej zmiany sytuacji politycznej wyniki bada\u0144 przyczyn katastrofy nie ulegn\u0105 i tak zmianie :). Abstrahuj\u0119 w tym momencie od parar\u00f3\u017cnic mi\u0119dzy tymi partiami w podej\u015bciu do gospodarki <span style=\"color: #ff0000;\">UE<\/span>, czyli w szczeg\u00f3lno\u015bci socjalistycznej.<\/p>\n<p style=\"text-align: justify;\"><a href=\"http:\/\/grzegorzjaszczura.pl\/http:\/\/grzegorzjaszczura.pl\/wp-content\/uploads\/2013\/03\/201303221740.jpg\"><img loading=\"lazy\" decoding=\"async\" class=\"alignleft size-thumbnail wp-image-23054\" title=\"201303221740\" src=\"http:\/\/grzegorzjaszczura.pl\/http:\/\/grzegorzjaszczura.pl\/wp-content\/uploads\/2013\/03\/201303221740-150x150.jpg\" alt=\"\" width=\"150\" height=\"150\" \/><\/a>Wg <strong>C. Gmyza<\/strong> skumanie si\u0119 Palikota z Kwa\u015bniewskim nie przyniesie im korzy\u015bci. Tu oczywi\u015bcie te\u017c mam tak\u0105 nadziej\u0119. Sytuacja <span style=\"color: #ff0000;\">Klubu (Ruchu) Palikota<\/span>, kt\u00f3rego &#8222;nasz&#8221; wymiar sprawiedliwo\u015bci traktuje wyj\u0105tkowo pob\u0142a\u017cliwie\u00a0 i tak ulegnie pogorszeniu, poniewa\u017c bardzo prawdopodobne jest wyst\u0105pienie o pozbawienie immunitetu pos\u0142a <strong>R. Kotli\u0144skiego<\/strong> (<span style=\"color: #ff0000;\">SLD<\/span>, <span style=\"color: #ff0000;\">APP &#8222;Racja&#8221;<\/span>, <span style=\"color: #ff0000;\">RP<\/span>, <span style=\"color: #ff0000;\">TW Janusz<\/span>), podobno zamieszanego w \u015bmier\u0107 swojej by\u0142ej \u017cony, kt\u00f3rej nie bardzo chcia\u0142 p\u0142aci\u0107 alimenty. <strong>C. Gmyz<\/strong> przypomnia\u0142 tak\u017ce o ciszy w sprawie &#8222;za\u0142atwiania&#8221; funduszy wyborczych przez p. <strong>J. Palikota<\/strong>, w spos\u00f3b ewidentnie niezgodny z prawem, o jego wyprowadzeniu pieni\u0119dzy do raj\u00f3w podatkowych czy ostatniej kilkumilionowej po\u017cyczce (5 mln z\u0142) od nowej \u017cony p. Janusza. Widzia\u0142em kiedy\u015b jego posiad\u0142o\u015b\u0107 w Sozopolu w Bu\u0142garii, \u0142adna nieruchomo\u015b\u0107.<\/p>\n<p style=\"text-align: justify;\"><strong>A. Kwa\u015bniewski<\/strong> jest ju\u017c wypalony, jednak\u017ce potrafi pozyskiwa\u0107 fundusze &#8211; cho\u0107by z Kazachstanu, co jest niew\u0105tpliwie nowym kierunkiem. Aczkolwiek pami\u0119tam, ze <span style=\"color: #800080;\">PIS<\/span> tak\u017ce kiedy\u015b by\u0142 bardzo otwarty na w\u0142a\u015bnie Kazachstan czy Gruzj\u0119. <strong>C. Gmyz<\/strong> wspomnia\u0142, \u017ce Kwa\u015bniewski nikogo za informacje o nielegalnym pozyskaniu kamienicy w Kazimierzu Dolnym nie poda\u0142 do s\u0105du. Co do jego olbrzymiej i megabogatej posiad\u0142o\u015bci na Mazurach na razie cisza, ale radz\u0119 poogl\u0105da\u0107 na internecie. Wspomnia\u0142, \u017ce wie o jeszcze jednej posiad\u0142o\u015bci ju\u017c poza granicami naszego kraju. Mnie to absolutnie nie dziwi, bowiem kiedy\u015b podziwia\u0142em nieruchomo\u015b\u0107 tow. <strong>Millera<\/strong> na Lazurowym Wybrze\u017cu,<em> nota bene<\/em> niedaleko &#8222;domu&#8221; <strong>Gudzowatego<\/strong>.<\/p>\n<p style=\"text-align: justify;\"><strong>C. Gmyz<\/strong> poda\u0142 tak\u017ce kilka informacji o Telewizji <strong>Republika<\/strong>, kt\u00f3rej start jest planowany na maj tego roku. \u017bycz\u0119 powodzenia, bo ka\u017cde inne, nowe, nielewackie \u017ar\u00f3d\u0142o informacji spowoduje problemy tak\u017ce medi\u00f3w polskoj\u0119zycznych. Tak jak <strong>Radio Maryja<\/strong>, kt\u00f3re ma wi\u0119cej s\u0142uchaczy ni\u017c <span style=\"color: #ff0000;\"><strong>TVN<\/strong><\/span> widz\u00f3w, a taki stan rzeczy nawet lewaki musz\u0105 bra\u0107 pod uwag\u0119 przy wciskaniu ciemnoty odbiorcom. Poda\u0142 tak\u017ce genez\u0119 nazwy telewizji <strong>Republika<\/strong>, jako co\u015b co zak\u0142ada si\u0119 po upadku tyranii. Nie mam nic przeciwko temu, \u017ceby wraz z powstaniem telewizji <strong>Republika<\/strong> upad\u0142a socjalistyczna, antywolnorynkowa, urz\u0119dnicza<span style=\"color: #ff0000;\"> Unia Europejska<\/span>!<\/p>\n<p style=\"text-align: justify;\"><a href=\"http:\/\/grzegorzjaszczura.pl\/http:\/\/grzegorzjaszczura.pl\/wp-content\/uploads\/2013\/03\/201303221749.jpg\"><img loading=\"lazy\" decoding=\"async\" class=\"alignleft size-thumbnail wp-image-23050\" title=\"201303221749\" src=\"http:\/\/grzegorzjaszczura.pl\/http:\/\/grzegorzjaszczura.pl\/wp-content\/uploads\/2013\/03\/201303221749-150x150.jpg\" alt=\"\" width=\"150\" height=\"150\" \/><\/a>Na spotkaniu pojawi\u0142o si\u0119 kilka postaci nowych dla <strong>Klubu &#8222;Gazety Polskiej&#8221;<\/strong>. Wspomn\u0119 prokuratora <strong>J. Engelkinga<\/strong> pochodz\u0105cego z Sosnowca, by\u0142ego prezydenta D\u0105browy G\u00f3rniczej p. <strong>J. Talkowskiego<\/strong>, radnych Rady Miasta p. <strong>Zb. \u0141ukasika<\/strong> &#8211; jako wsp\u00f3\u0142organizatora i p. <strong>K. Tamborka<\/strong> &#8211; ostatnio odwo\u0142anego z funkcji Wiceprzewodnicz\u0105cego Rady Miasta (czy\u017cby szukaj\u0105cego nowego oparcia?). My\u015bl\u0119, \u017ce to dobrze, wzrasta bowiem znaczenie <strong>Klubu<\/strong>.<\/p>\n<p style=\"text-align: justify;\"><a href=\"http:\/\/grzegorzjaszczura.pl\/http:\/\/grzegorzjaszczura.pl\/wp-content\/uploads\/2013\/03\/201303221730.jpg\"><img loading=\"lazy\" decoding=\"async\" class=\"alignleft size-thumbnail wp-image-23051\" title=\"201303221730\" src=\"http:\/\/grzegorzjaszczura.pl\/http:\/\/grzegorzjaszczura.pl\/wp-content\/uploads\/2013\/03\/201303221730-150x150.jpg\" alt=\"\" width=\"150\" height=\"150\" \/><\/a>Warto jeszcze wspomnie\u0107, \u017ce w trakcie i przed spotkaniem mo\u017cliwe by\u0142o nabycie ksi\u0105\u017cek <strong>Wydawnictwa &#8222;Wektory&#8221;<\/strong> z Wroc\u0142awia. By\u0142o naprawd\u0119 wiele ciekawych i nie do zdobycia w lewackich ksi\u0119garniach pozycji.<\/p>\n<p style=\"text-align: justify;\"><a href=\"http:\/\/grzegorzjaszczura.pl\/http:\/\/grzegorzjaszczura.pl\/wp-content\/uploads\/2013\/03\/201303221743.jpg\"><img loading=\"lazy\" decoding=\"async\" class=\"alignleft size-thumbnail wp-image-23056\" title=\"201303221743\" src=\"http:\/\/grzegorzjaszczura.pl\/http:\/\/grzegorzjaszczura.pl\/wp-content\/uploads\/2013\/03\/201303221743-150x150.jpg\" alt=\"\" width=\"150\" height=\"150\" \/><\/a><a href=\"http:\/\/grzegorzjaszczura.pl\/http:\/\/grzegorzjaszczura.pl\/wp-content\/uploads\/2013\/03\/201303221732.jpg\"><img loading=\"lazy\" decoding=\"async\" class=\"alignleft size-thumbnail wp-image-23057\" title=\"201303221732\" src=\"http:\/\/grzegorzjaszczura.pl\/http:\/\/grzegorzjaszczura.pl\/wp-content\/uploads\/2013\/03\/201303221732-150x150.jpg\" alt=\"\" width=\"150\" height=\"150\" \/><\/a><\/p>\n<p style=\"text-align: justify;\">\n","protected":false},"excerpt":{"rendered":"<p>Spotkanie Klubu &#8222;Gazety Polskiej&#8221; w D\u0105browie G\u00f3rniczej tym razem odby\u0142o si\u0119 w sali Biblioteki Miejskiej przy ul. T. Ko\u015bciuszki 25. Go\u015bciem cz\u0142onk\u00f3w i sympatyk\u00f3w Klubu w dniu 22 marca br. by\u0142 redaktor Cezary Gmyz z Warszawy. Spotkaniu\u00a0 towarzyszy\u0142a promocja najnowszej ksi\u0105\u017cki &#8211; wywiadu rzeki z Cezarym<\/p>\n","protected":false},"author":2,"featured_media":0,"comment_status":"open","ping_status":"open","sticky":false,"template":"","format":"standard","meta":{"_monsterinsights_skip_tracking":false,"_monsterinsights_sitenote_active":false,"_monsterinsights_sitenote_note":"","_monsterinsights_sitenote_category":0,"footnotes":""},"categories":[3],"tags":[],"class_list":["post-22979","post","type-post","status-publish","format-standard","hentry","category-polityczne"],"_links":{"self":[{"href":"https:\/\/grzegorzjaszczura.pl\/index.php?rest_route=\/wp\/v2\/posts\/22979","targetHints":{"allow":["GET"]}}],"collection":[{"href":"https:\/\/grzegorzjaszczura.pl\/index.php?rest_route=\/wp\/v2\/posts"}],"about":[{"href":"https:\/\/grzegorzjaszczura.pl\/index.php?rest_route=\/wp\/v2\/types\/post"}],"author":[{"embeddable":true,"href":"https:\/\/grzegorzjaszczura.pl\/index.php?rest_route=\/wp\/v2\/users\/2"}],"replies":[{"embeddable":true,"href":"https:\/\/grzegorzjaszczura.pl\/index.php?rest_route=%2Fwp%2Fv2%2Fcomments&post=22979"}],"version-history":[{"count":50,"href":"https:\/\/grzegorzjaszczura.pl\/index.php?rest_route=\/wp\/v2\/posts\/22979\/revisions"}],"predecessor-version":[{"id":23075,"href":"https:\/\/grzegorzjaszczura.pl\/index.php?rest_route=\/wp\/v2\/posts\/22979\/revisions\/23075"}],"wp:attachment":[{"href":"https:\/\/grzegorzjaszczura.pl\/index.php?rest_route=%2Fwp%2Fv2%2Fmedia&parent=22979"}],"wp:term":[{"taxonomy":"category","embeddable":true,"href":"https:\/\/grzegorzjaszczura.pl\/index.php?rest_route=%2Fwp%2Fv2%2Fcategories&post=22979"},{"taxonomy":"post_tag","embeddable":true,"href":"https:\/\/grzegorzjaszczura.pl\/index.php?rest_route=%2Fwp%2Fv2%2Ftags&post=22979"}],"curies":[{"name":"wp","href":"https:\/\/api.w.org\/{rel}","templated":true}]}}