{"id":23343,"date":"2013-04-18T00:54:14","date_gmt":"2013-04-18T05:54:14","guid":{"rendered":"http:\/\/grzegorzjaszczura.pl\/?p=23343"},"modified":"2013-04-18T07:42:57","modified_gmt":"2013-04-18T12:42:57","slug":"janusz-korwin-mikke-twoj-senator","status":"publish","type":"post","link":"https:\/\/grzegorzjaszczura.pl\/?p=23343","title":{"rendered":"Janusz Korwin-Mikke &#8211; Tw\u00f3j Senator"},"content":{"rendered":"<p style=\"text-align: justify;\"><a href=\"http:\/\/grzegorzjaszczura.pl\/http:\/\/grzegorzjaszczura.pl\/wp-content\/uploads\/2013\/04\/senator-1.jpg\"><img loading=\"lazy\" decoding=\"async\" class=\"alignleft size-thumbnail wp-image-23345\" title=\"senator-1\" src=\"http:\/\/grzegorzjaszczura.pl\/http:\/\/grzegorzjaszczura.pl\/wp-content\/uploads\/2013\/04\/senator-1-150x150.jpg\" alt=\"\" width=\"150\" height=\"150\" \/><\/a>Wybory uzupe\u0142niaj\u0105ce do <strong>Senatu RP<\/strong> odb\u0119d\u0105 si\u0119 w najbli\u017csz\u0105 niedziel\u0119, tj. 21 kwietnia, w okr\u0119gu nr 73. <strong>Okr\u0119g<\/strong> ten <strong>obejmuje<\/strong> obszar miasta na prawach powiatu <strong>Rybnik<\/strong> oraz <strong>powiaty miko\u0142owski<\/strong> i<strong> rybnicki<\/strong>. Jest to obszar co prawda <strong>G\u00f3rnego \u015al\u0105ska<\/strong>, a nie <strong><span style=\"color: #00ff00;\">Zag\u0142\u0119bia<\/span> <span style=\"color: #ff0000;\">D\u0105browskiego<\/span><\/strong>, ale poniewa\u017c m\u00f3j blog jest tak\u017ce tam czytany, przedstawiam naszego kandydata.<!--more--> Naszego mam na my\u015bli kandydata partii <strong>Kongres <span style=\"color: #ff0000;\">Nowej<\/span> <span style=\"color: #0000ff;\">Prawicy<\/span><\/strong>.<\/p>\n<p style=\"text-align: justify;\">G\u0142os na prezesa <strong>Janusza Korwin-Mikke<\/strong> to g\u0142os przeciwko G\u0141UPOCIE!, KORUPCJI!, MARNOTRASTWU!<\/p>\n<p style=\"text-align: justify;\">Kilka hase\u0142 z ulotek wyborczych pana <strong>J. Korwin-Mikke<\/strong>:<\/p>\n<p style=\"text-align: justify;\"><span style=\"color: #0000ff;\"><strong><a href=\"http:\/\/grzegorzjaszczura.pl\/http:\/\/grzegorzjaszczura.pl\/wp-content\/uploads\/2013\/04\/01.jpg\"><img loading=\"lazy\" decoding=\"async\" class=\"alignleft size-thumbnail wp-image-23366\" title=\"01\" src=\"http:\/\/grzegorzjaszczura.pl\/http:\/\/grzegorzjaszczura.pl\/wp-content\/uploads\/2013\/04\/01-150x150.jpg\" alt=\"\" width=\"150\" height=\"150\" \/><\/a>&#8222;Od 20 lat t\u0142umacz\u0119, \u017ce likwidacja bezrobocia jest bardzo prosta. Jako Senator, z Waszym silnym poparciem &#8211; mo\u017ce ICH przekonam!&#8221;<\/strong><\/span><\/p>\n<p style=\"text-align: justify;\"><span style=\"color: #0000ff;\"><strong>&#8222;Od 20 lat ONI na wszelkie sposoby staraj\u0105 si\u0119 niszczy\u0107 rodzin\u0119. Mo\u017ce jako Senator zdo\u0142am si\u0119 temu mocniej przeciwstawi\u0107!&#8221;<\/strong><\/span><\/p>\n<p style=\"text-align: justify;\"><span style=\"color: #0000ff;\"><strong>&#8222;Od 10 lat wy\u015bmiewam &#8222;walk\u0119 z Globalnym Ociepleniem&#8221;. Jako Senator &#8211; b\u0119d\u0119 z tym walczy\u0142. I za\u017c\u0105dam postawienia winnych pod s\u0105d!&#8221;<\/strong><\/span><\/p>\n<p style=\"text-align: justify;\"><span style=\"color: #0000ff;\"><strong>WOLNO\u015a\u0106! W\u0141ASNO\u015a\u0106! SPRAWIEDLIWO\u015a\u0106!<\/strong><\/span><\/p>\n<p style=\"text-align: justify;\">Z pe\u0142nym programem <strong>Kongresu <span style=\"color: #ff0000;\">Nowej<\/span> <span style=\"color: #0000ff;\">Prawicy<\/span><\/strong>, zatwierdzonym przez <strong>Konwent K<span style=\"color: #ff0000;\">N<\/span><span style=\"color: #0000ff;\">P<\/span><\/strong>, mo\u017cesz zapozna\u0107 si\u0119 tu: <a href=\"http:\/\/grzegorzjaszczura.pl\/?p=21403#more-21403\"><strong>http:\/\/grzegorzjaszczura.pl\/?p=21403#more-21403<\/strong><\/a>.<\/p>\n<p style=\"text-align: justify;\"><strong>Popieram kandydatur\u0119 prezesa <em><span style=\"color: #0000ff;\">Janusza Korwin-Mikke<\/span> <\/em>na Senatora RP! To ostatnia nadzieja prawych! Inaczej <span style=\"color: #ff0000;\">czerwono<span style=\"color: #000000;\">,<\/span> <span style=\"color: #000000;\">ewentualnie<\/span> <span style=\"color: #800000;\">t<\/span><\/span><\/strong><strong><span style=\"color: #ff0000;\"><span style=\"color: #ffcc00;\">\u0119<\/span><\/span><\/strong><strong><span style=\"color: #ff0000;\"><span style=\"color: #339966;\">c<span style=\"color: #993300;\">z<\/span><\/span><span style=\"color: #993366;\">o<\/span><span style=\"color: #333399;\">w<\/span><span style=\"color: #808000;\">o<\/span><\/span> to widz\u0119!<\/strong><\/p>\n<p style=\"text-align: justify;\">Ostanie wyborcze spotkania <strong>Janusza Korwin-Mikke<\/strong>:<\/p>\n<div>\n<div>\n<div>\n<ul>\n<li>\n<div><strong>czwartek 18-04-2013<\/strong><\/div>\n<\/li>\n<li>\n<ul>\n<li>\n<div><strong>Spotkanie z mieszka\u0144cami Rybnika<\/strong><\/div>\n<div>Start: 18:30<\/div>\n<div>Koniec: 20:30<\/div>\n<div>Miejsce: Rybnickie Centrum Kultury. Teatr Ziemi, Saint Vallier 1, 44-200 Rybnik<\/div>\n<div>Szczeg\u00f3\u0142y:<a href=\"http:\/\/www.facebook.com\/events\/528050700566702\/\">Do\u0142\u0105cz do wydarzenia na Facebook&#8217;u<br \/>\n<\/a><\/div>\n<\/li>\n<\/ul>\n<\/li>\n<li>\n<div><strong>pi\u0105tek 19-04-2013<\/strong><\/div>\n<ul>\n<li>\n<div>\u00a0<strong>Spotkanie z mieszka\u0144cami Miko\u0142owa<\/strong><\/div>\n<div>Start: 18:30<\/div>\n<div>Koniec: 20:00<\/div>\n<div>Miejsce: Sala Sesyjna &#8222;Bia\u0142y Domek&#8221;, Karola Miarki 15, Miko\u0142\u00f3w<\/div>\n<div>Szczeg\u00f3\u0142y: <a href=\"http:\/\/www.facebook.com\/events\/592985240721037\/\">Do\u0142\u0105cz do wydarzenia na Facebook&#8217;u<\/a><\/div>\n<\/li>\n<\/ul>\n<\/li>\n<\/ul>\n<\/div>\n<\/div>\n<\/div>\n<p style=\"text-align: justify;\">Jeszcze kilka archiwalnych foto z pobytu <strong>J. Korwina-Mikke<\/strong> w D\u0105browie G\u00f3rniczej (kampania prezydencka 2010 r.):<\/p>\n<p style=\"text-align: justify;\"><a href=\"http:\/\/grzegorzjaszczura.pl\/http:\/\/grzegorzjaszczura.pl\/wp-content\/uploads\/2013\/04\/021.jpg\"><img loading=\"lazy\" decoding=\"async\" class=\"alignleft size-thumbnail wp-image-23370\" title=\"02\" src=\"http:\/\/grzegorzjaszczura.pl\/http:\/\/grzegorzjaszczura.pl\/wp-content\/uploads\/2013\/04\/021-150x150.jpg\" alt=\"\" width=\"150\" height=\"150\" \/><\/a><a href=\"http:\/\/grzegorzjaszczura.pl\/http:\/\/grzegorzjaszczura.pl\/wp-content\/uploads\/2013\/04\/IMG_4623-006.jpg\"><img loading=\"lazy\" decoding=\"async\" class=\"alignleft size-thumbnail wp-image-23371\" title=\"IMG_4623 006\" src=\"http:\/\/grzegorzjaszczura.pl\/http:\/\/grzegorzjaszczura.pl\/wp-content\/uploads\/2013\/04\/IMG_4623-006-150x150.jpg\" alt=\"\" width=\"150\" height=\"150\" \/><\/a><a href=\"http:\/\/grzegorzjaszczura.pl\/http:\/\/grzegorzjaszczura.pl\/wp-content\/uploads\/2013\/04\/IMG_4625-008.jpg\"><img loading=\"lazy\" decoding=\"async\" class=\"alignleft size-thumbnail wp-image-23372\" title=\"IMG_4625 008\" src=\"http:\/\/grzegorzjaszczura.pl\/http:\/\/grzegorzjaszczura.pl\/wp-content\/uploads\/2013\/04\/IMG_4625-008-150x150.jpg\" alt=\"\" width=\"150\" height=\"150\" \/><\/a><a href=\"http:\/\/grzegorzjaszczura.pl\/http:\/\/grzegorzjaszczura.pl\/wp-content\/uploads\/2013\/04\/IMG_4802-041.jpg\"><img loading=\"lazy\" decoding=\"async\" class=\"alignleft size-thumbnail wp-image-23375\" title=\"IMG_4802 041\" src=\"http:\/\/grzegorzjaszczura.pl\/http:\/\/grzegorzjaszczura.pl\/wp-content\/uploads\/2013\/04\/IMG_4802-041-150x150.jpg\" alt=\"\" width=\"150\" height=\"150\" \/><\/a><\/p>\n<p style=\"text-align: justify;\">\n","protected":false},"excerpt":{"rendered":"<p>Wybory uzupe\u0142niaj\u0105ce do Senatu RP odb\u0119d\u0105 si\u0119 w najbli\u017csz\u0105 niedziel\u0119, tj. 21 kwietnia, w okr\u0119gu nr 73. Okr\u0119g ten obejmuje obszar miasta na prawach powiatu Rybnik oraz powiaty miko\u0142owski i rybnicki. Jest to obszar co prawda G\u00f3rnego \u015al\u0105ska, a nie Zag\u0142\u0119bia D\u0105browskiego, ale poniewa\u017c m\u00f3j blog jest tak\u017ce tam czytany, przedstawiam naszego kandydata.<\/p>\n","protected":false},"author":2,"featured_media":0,"comment_status":"open","ping_status":"open","sticky":false,"template":"","format":"standard","meta":{"_monsterinsights_skip_tracking":false,"_monsterinsights_sitenote_active":false,"_monsterinsights_sitenote_note":"","_monsterinsights_sitenote_category":0,"footnotes":""},"categories":[3],"tags":[],"class_list":["post-23343","post","type-post","status-publish","format-standard","hentry","category-polityczne"],"_links":{"self":[{"href":"https:\/\/grzegorzjaszczura.pl\/index.php?rest_route=\/wp\/v2\/posts\/23343","targetHints":{"allow":["GET"]}}],"collection":[{"href":"https:\/\/grzegorzjaszczura.pl\/index.php?rest_route=\/wp\/v2\/posts"}],"about":[{"href":"https:\/\/grzegorzjaszczura.pl\/index.php?rest_route=\/wp\/v2\/types\/post"}],"author":[{"embeddable":true,"href":"https:\/\/grzegorzjaszczura.pl\/index.php?rest_route=\/wp\/v2\/users\/2"}],"replies":[{"embeddable":true,"href":"https:\/\/grzegorzjaszczura.pl\/index.php?rest_route=%2Fwp%2Fv2%2Fcomments&post=23343"}],"version-history":[{"count":48,"href":"https:\/\/grzegorzjaszczura.pl\/index.php?rest_route=\/wp\/v2\/posts\/23343\/revisions"}],"predecessor-version":[{"id":23483,"href":"https:\/\/grzegorzjaszczura.pl\/index.php?rest_route=\/wp\/v2\/posts\/23343\/revisions\/23483"}],"wp:attachment":[{"href":"https:\/\/grzegorzjaszczura.pl\/index.php?rest_route=%2Fwp%2Fv2%2Fmedia&parent=23343"}],"wp:term":[{"taxonomy":"category","embeddable":true,"href":"https:\/\/grzegorzjaszczura.pl\/index.php?rest_route=%2Fwp%2Fv2%2Fcategories&post=23343"},{"taxonomy":"post_tag","embeddable":true,"href":"https:\/\/grzegorzjaszczura.pl\/index.php?rest_route=%2Fwp%2Fv2%2Ftags&post=23343"}],"curies":[{"name":"wp","href":"https:\/\/api.w.org\/{rel}","templated":true}]}}