{"id":23707,"date":"2013-05-10T02:00:34","date_gmt":"2013-05-10T07:00:34","guid":{"rendered":"http:\/\/grzegorzjaszczura.pl\/?p=23707"},"modified":"2013-05-11T14:08:20","modified_gmt":"2013-05-11T19:08:20","slug":"nowa-prawica-kolo-knp-sosnowiec","status":"publish","type":"post","link":"https:\/\/grzegorzjaszczura.pl\/?p=23707","title":{"rendered":"Nowa Prawica &#8211; ko\u0142o KNP Sosnowiec"},"content":{"rendered":"<p style=\"text-align: justify;\"><a href=\"http:\/\/grzegorzjaszczura.pl\/http:\/\/grzegorzjaszczura.pl\/wp-content\/uploads\/2013\/05\/logo-NP.jpg\"><img loading=\"lazy\" decoding=\"async\" class=\"alignleft size-thumbnail wp-image-23712\" title=\"logo-NP\" src=\"http:\/\/grzegorzjaszczura.pl\/http:\/\/grzegorzjaszczura.pl\/wp-content\/uploads\/2013\/05\/logo-NP-150x150.jpg\" alt=\"\" width=\"150\" height=\"150\" \/><\/a>W dniu 09.05.2013 r., w trakcie zebrania cz\u0142onk\u00f3w i sympatyk\u00f3w <strong>Kongresu <span style=\"color: #ff0000;\">Nowej<\/span> <span style=\"color: #0000ff;\">Prawicy<\/span><\/strong> w Sosnowcu, zosta\u0142o zawi\u0105zane <strong>Ko\u0142o Sosnowiec<\/strong> oddzia\u0142u d\u0105browskiego <strong>K<span style=\"color: #ff0000;\">N<\/span><span style=\"color: #0000ff;\">P<\/span><\/strong>. Prezesem Ko\u0142a Sosnowiec <strong>K<span style=\"color: #ff0000;\">N<\/span><span style=\"color: #0000ff;\">P<\/span><\/strong> zosta\u0142 kol. <strong>Dariusz Tomaszewski<\/strong>, cz\u0142onek oddzia\u0142u d\u0105browskiego. W zebraniu uczestniczy\u0142 II Viceprezes <strong>K<span style=\"color: #ff0000;\">N<\/span><span style=\"color: #0000ff;\">P<\/span><\/strong> kol. <strong>Wies\u0142aw Lewicki<\/strong>,<!--more--> b\u0119d\u0105cy jednocze\u015bnie prezesem <strong>Regionu \u015al\u0105sko-D\u0105browskiego K<span style=\"color: #ff0000;\">N<\/span><span style=\"color: #0000ff;\">P<\/span><\/strong>. Byli obecni tak\u017ce go\u015bcie z G\u00f3rnego \u015al\u0105ska, w tym p.o. prezesa oddzia\u0142u katowickiego <strong>K<span style=\"color: #ff0000;\">N<\/span><span style=\"color: #0000ff;\">P<\/span><\/strong> kol. <strong>Beata Banasiewicz<\/strong>.<\/p>\n<p style=\"text-align: justify;\"><a href=\"http:\/\/grzegorzjaszczura.pl\/http:\/\/grzegorzjaszczura.pl\/wp-content\/uploads\/2013\/05\/201305091853.jpg\"><img loading=\"lazy\" decoding=\"async\" class=\"alignleft size-thumbnail wp-image-23728\" title=\"201305091853\" src=\"http:\/\/grzegorzjaszczura.pl\/http:\/\/grzegorzjaszczura.pl\/wp-content\/uploads\/2013\/05\/201305091853-150x150.jpg\" alt=\"\" width=\"150\" height=\"150\" \/><\/a>\u017byczmy kolejnej grupie wolno\u015bciowc\u00f3w z <strong><span style=\"color: #00ff00;\">Zag\u0142\u0119bia<\/span> <span style=\"color: #ff0000;\">D\u0105browskiego<\/span><\/strong>, sukces\u00f3w w promowaniu najwa\u017cniejszych warto\u015bci dla <strong><span style=\"color: #ff0000;\">Nowej<\/span> <span style=\"color: #0000ff;\">Prawicy<\/span><\/strong>, czyli wolno\u015bci osobistej, w\u0142asno\u015bci prywatnej, odpowiedzialno\u015bci za w\u0142asne czyny, a tak\u017ce kontrrewolucji, kt\u00f3ra przekszta\u0142ci nasz\u0105 pararepublik\u0119 unioeuropejsk\u0105 w praworz\u0105dne Pa\u0144stwo Polskie.<\/p>\n<p style=\"text-align: justify;\">Pe\u0142ny program polityczny <strong>Kongresu <span style=\"color: #ff0000;\">Nowej<\/span> <span style=\"color: #0000ff;\">Prawicy<\/span><\/strong> przeczytasz <a href=\"http:\/\/grzegorzjaszczura.pl\/?p=21403#more-21403\"><strong>tutaj<\/strong><\/a>.<\/p>\n<p style=\"text-align: justify;\"><a href=\"http:\/\/grzegorzjaszczura.pl\/http:\/\/grzegorzjaszczura.pl\/wp-content\/uploads\/2013\/05\/SKMBT_C20313051007530.jpg\"><img loading=\"lazy\" decoding=\"async\" class=\"alignleft size-thumbnail wp-image-23729\" title=\"SKMBT_C20313051007530\" src=\"http:\/\/grzegorzjaszczura.pl\/http:\/\/grzegorzjaszczura.pl\/wp-content\/uploads\/2013\/05\/SKMBT_C20313051007530-150x150.jpg\" alt=\"\" width=\"150\" height=\"150\" \/><\/a>Trzeba przyzna\u0107, \u017ce kol. <strong>D. Tomaszewski<\/strong> bardzo ostro rozpocz\u0105\u0142 propagowanie naszych warto\u015bci i idei. Ju\u017c za kilka dni w Sosnowcu b\u0119dzie go\u015bci\u0142 prezes<strong> Kongresu <span style=\"color: #ff0000;\">Nowej<\/span> <span style=\"color: #0000ff;\">Prawicy<\/span><\/strong> pan <strong>Janusz Korwin-Mikke<\/strong>. Otwarte spotkanie z panem Januszem odb\u0119dzie si\u0119 w <strong>Restauracji &#8222;Kolorowa&#8221; <\/strong>(ul. Mo\u015bcickiego 19, obok dworca PKS), ju\u017c <span style=\"color: #0000ff;\"><strong>we wtorek 14 maja o godz. 18.30.<\/strong><\/span><\/p>\n<p style=\"text-align: justify;\"><strong>Do\u0142\u0105cz do nas:<\/strong><\/p>\n<p style=\"text-align: justify;\"><a href=\"http:\/\/www.nowaprawica.org.pl\/\"><strong>www.nowaprawica.org.pl<\/strong><\/a><\/p>\n<p style=\"text-align: justify;\"><a href=\"http:\/\/korwin-mikke.pl\/\"><strong>www.korwin-mikke.pl<\/strong><\/a><\/p>\n<p style=\"text-align: right;\"><span style=\"color: #0000ff;\"><strong><em>z konserwatywnym pozdrowieniem Grzegorz<\/em><\/strong><\/span><\/p>\n<p style=\"text-align: justify;\"><a href=\"http:\/\/grzegorzjaszczura.pl\/http:\/\/grzegorzjaszczura.pl\/wp-content\/uploads\/2013\/05\/201305091849.jpg\"><img loading=\"lazy\" decoding=\"async\" class=\"alignleft size-thumbnail wp-image-23737\" title=\"201305091849\" src=\"http:\/\/grzegorzjaszczura.pl\/http:\/\/grzegorzjaszczura.pl\/wp-content\/uploads\/2013\/05\/201305091849-150x150.jpg\" alt=\"\" width=\"150\" height=\"150\" \/><\/a><a href=\"http:\/\/grzegorzjaszczura.pl\/http:\/\/grzegorzjaszczura.pl\/wp-content\/uploads\/2013\/05\/201305091851.jpg\"><img loading=\"lazy\" decoding=\"async\" class=\"alignleft size-thumbnail wp-image-23738\" title=\"201305091851\" src=\"http:\/\/grzegorzjaszczura.pl\/http:\/\/grzegorzjaszczura.pl\/wp-content\/uploads\/2013\/05\/201305091851-150x150.jpg\" alt=\"\" width=\"150\" height=\"150\" \/><\/a><\/p>\n","protected":false},"excerpt":{"rendered":"<p>W dniu 09.05.2013 r., w trakcie zebrania cz\u0142onk\u00f3w i sympatyk\u00f3w Kongresu Nowej Prawicy w Sosnowcu, zosta\u0142o zawi\u0105zane Ko\u0142o Sosnowiec oddzia\u0142u d\u0105browskiego KNP. Prezesem Ko\u0142a Sosnowiec KNP zosta\u0142 kol. Dariusz Tomaszewski, cz\u0142onek oddzia\u0142u d\u0105browskiego. W zebraniu uczestniczy\u0142 II Viceprezes KNP kol. Wies\u0142aw Lewicki,<\/p>\n","protected":false},"author":2,"featured_media":0,"comment_status":"open","ping_status":"open","sticky":false,"template":"","format":"standard","meta":{"_monsterinsights_skip_tracking":false,"_monsterinsights_sitenote_active":false,"_monsterinsights_sitenote_note":"","_monsterinsights_sitenote_category":0,"footnotes":""},"categories":[3],"tags":[],"class_list":["post-23707","post","type-post","status-publish","format-standard","hentry","category-polityczne"],"_links":{"self":[{"href":"https:\/\/grzegorzjaszczura.pl\/index.php?rest_route=\/wp\/v2\/posts\/23707","targetHints":{"allow":["GET"]}}],"collection":[{"href":"https:\/\/grzegorzjaszczura.pl\/index.php?rest_route=\/wp\/v2\/posts"}],"about":[{"href":"https:\/\/grzegorzjaszczura.pl\/index.php?rest_route=\/wp\/v2\/types\/post"}],"author":[{"embeddable":true,"href":"https:\/\/grzegorzjaszczura.pl\/index.php?rest_route=\/wp\/v2\/users\/2"}],"replies":[{"embeddable":true,"href":"https:\/\/grzegorzjaszczura.pl\/index.php?rest_route=%2Fwp%2Fv2%2Fcomments&post=23707"}],"version-history":[{"count":36,"href":"https:\/\/grzegorzjaszczura.pl\/index.php?rest_route=\/wp\/v2\/posts\/23707\/revisions"}],"predecessor-version":[{"id":23760,"href":"https:\/\/grzegorzjaszczura.pl\/index.php?rest_route=\/wp\/v2\/posts\/23707\/revisions\/23760"}],"wp:attachment":[{"href":"https:\/\/grzegorzjaszczura.pl\/index.php?rest_route=%2Fwp%2Fv2%2Fmedia&parent=23707"}],"wp:term":[{"taxonomy":"category","embeddable":true,"href":"https:\/\/grzegorzjaszczura.pl\/index.php?rest_route=%2Fwp%2Fv2%2Fcategories&post=23707"},{"taxonomy":"post_tag","embeddable":true,"href":"https:\/\/grzegorzjaszczura.pl\/index.php?rest_route=%2Fwp%2Fv2%2Ftags&post=23707"}],"curies":[{"name":"wp","href":"https:\/\/api.w.org\/{rel}","templated":true}]}}