{"id":23749,"date":"2013-05-15T20:04:37","date_gmt":"2013-05-16T01:04:37","guid":{"rendered":"http:\/\/grzegorzjaszczura.pl\/?p=23749"},"modified":"2013-05-15T21:14:02","modified_gmt":"2013-05-16T02:14:02","slug":"j-korwin-mikke-w-zaglebiu-dabrowskim-2","status":"publish","type":"post","link":"https:\/\/grzegorzjaszczura.pl\/?p=23749","title":{"rendered":"J. Korwin-Mikke w Zag\u0142\u0119biu D\u0105browskim"},"content":{"rendered":"<p style=\"text-align: justify;\"><a href=\"http:\/\/grzegorzjaszczura.pl\/http:\/\/grzegorzjaszczura.pl\/wp-content\/uploads\/2013\/05\/Sosnowiec-2013-05-14-107.jpg\"><img loading=\"lazy\" decoding=\"async\" class=\"alignleft size-thumbnail wp-image-23822\" title=\"Sosnowiec 2013-05-14 (107)\" src=\"http:\/\/grzegorzjaszczura.pl\/http:\/\/grzegorzjaszczura.pl\/wp-content\/uploads\/2013\/05\/Sosnowiec-2013-05-14-107-150x150.jpg\" alt=\"\" width=\"150\" height=\"150\" \/><\/a>Spotkanie z prezesem <strong>Kongresu <span style=\"color: #ff0000;\">Nowe<\/span>j <span style=\"color: #0000ff;\">Prawicy<\/span><\/strong> panem<strong> Januszem Korwin-Mikke<\/strong> odby\u0142o si\u0119 wczoraj (14.05.2013 r.), zgodnie z planem, w Sosnowcu w Restauracji &#8222;Kolorowa&#8221;. Zainteresowanie jak zawsze w <strong><span style=\"color: #00ff00;\">Zag\u0142\u0119biu<\/span> <span style=\"color: #ff0000;\">D\u0105browskim<\/span><\/strong> by\u0142o bardzo du\u017ce. Wystarczy doda\u0107, \u017ce nie wszyscy ch\u0119tni dostali si\u0119 na sal\u0119.<!--more--><\/p>\n<p style=\"text-align: justify;\">Tematem i celem spotkania by\u0142o przybli\u017cenie dzia\u0142alno\u015bci oraz programu partii <strong>Kongres <span style=\"color: #ff0000;\">Nowej<\/span> <span style=\"color: #0000ff;\">Prawicy<\/span><\/strong>. <a href=\"http:\/\/grzegorzjaszczura.pl\/http:\/\/grzegorzjaszczura.pl\/wp-content\/uploads\/2013\/05\/Sosnowiec-2013-05-14-491.jpg\"><img loading=\"lazy\" decoding=\"async\" class=\"alignleft size-thumbnail wp-image-23818\" title=\"Sosnowiec 2013-05-14 (49)\" src=\"http:\/\/grzegorzjaszczura.pl\/http:\/\/grzegorzjaszczura.pl\/wp-content\/uploads\/2013\/05\/Sosnowiec-2013-05-14-491-150x150.jpg\" alt=\"\" width=\"150\" height=\"150\" \/><\/a>A tak\u017ce, co doda\u0142em jako prowadz\u0105cy: spotkanie ludzi, dla kt\u00f3rych takie warto\u015bci jak: <span style=\"color: #0000ff;\"><strong>WOLNO\u015a\u0106<\/strong><\/span>, <span style=\"color: #0000ff;\"><strong>W\u0141ASNO\u015a\u0106<\/strong><\/span>, <span style=\"color: #0000ff;\"><strong>SPRAWIEDLIWO\u015a\u0106<\/strong><\/span> oraz <span style=\"color: #0000ff;\"><strong>B\u00d3G<\/strong><\/span>, <span style=\"color: #0000ff;\"><strong>HONOR<\/strong><\/span> i <span style=\"color: #0000ff;\"><strong>OJCZYZNA<\/strong><\/span> s\u0105 bardzo wa\u017cne tak\u017ce w codziennym \u017cyciu. Pocz\u0105tek spotkania, w tym przedstawienie w\u0142adz <strong>K<span style=\"color: #ff0000;\">N<\/span><span style=\"color: #0000ff;\">P<\/span><\/strong> mo\u017cesz ju\u017c Drogi Czytelniku obejrze\u0107 na filmie na You Tube: <a href=\"http:\/\/www.youtube.com\/watch?v=im9HwZa5d4Y&amp;feature=share\">http:\/\/www.youtube.com\/watch?v=im9HwZa5d4Y&amp;feature=share<\/a>.<\/p>\n<p style=\"text-align: justify;\">O dzia\u0142aniach <strong>Kongresu <span style=\"color: #ff0000;\">Nowej <span style=\"color: #0000ff;\">Prawicy<\/span><\/span><\/strong> wypowiedzieli si\u0119: Wiceprezes <strong>K<span style=\"color: #ff0000;\">N<\/span><span style=\"color: #0000ff;\">P<\/span><\/strong> p. <strong>Wies\u0142aw Lewicki<\/strong>, <strong>Grzegorz Sowa<\/strong>, przedsi\u0119biorca z Piotrkowa Trybunalskiego, kt\u00f3ry odm\u00f3wi\u0142 p\u0142acenia sk\u0142adek na ZUS i wszed\u0142 w konflikt z pseudoniezawis\u0142ym s\u0105dem naszego pa\u0144stwa, a tak\u017ce <strong>Konrad Berkowicz<\/strong>, kt\u00f3ry w programie <em>&#8222;M\u0142odzie\u017c kontra&#8221;<\/em> wygra\u0142 zak\u0142ad z politykiem <span style=\"color: #ff6600;\">PO <span style=\"color: #000000;\">(na pocz\u0105tku tej kadencji)<\/span><\/span><span style=\"color: #000000;\">,<\/span> o to, \u017ce <span style=\"color: #ff6600;\">Platforma Obywatelska<\/span> nie zmniejszy podatk\u00f3w. Rzeczywi\u015bcie socjalista <strong>D. Tusk<\/strong>\u00a0 ogranicza swoje dzia\u0142ania jako premier, jedynie do zwi\u0119kszania podatk\u00f3w. O dzia\u0142aniu prawa wstecz, np. poprzez wprowadzenie podwy\u017cszonego wieku emerytalnego, mo\u017cliwego tylko za takich socjalistycznych rz\u0105d\u00f3w, te\u017c nale\u017cy wspomnie\u0107! Ale ma przecie\u017c sw\u00f3j wz\u00f3r, komunistk\u0119 z komunistycznych Niemiec p. <strong>A. Merkel<\/strong>.<\/p>\n<p style=\"text-align: justify;\"><a href=\"http:\/\/grzegorzjaszczura.pl\/http:\/\/grzegorzjaszczura.pl\/wp-content\/uploads\/2013\/05\/Sosnowiec-2013-05-14-662.jpg\"><img loading=\"lazy\" decoding=\"async\" class=\"alignleft size-thumbnail wp-image-23823\" title=\"Sosnowiec 2013-05-14 (66)\" src=\"http:\/\/grzegorzjaszczura.pl\/http:\/\/grzegorzjaszczura.pl\/wp-content\/uploads\/2013\/05\/Sosnowiec-2013-05-14-662-150x150.jpg\" alt=\"\" width=\"150\" height=\"150\" \/><\/a>Nast\u0119pnie d\u0142ugi wyk\u0142ad wyg\u0142osi\u0142 p. prezes <strong>Janusz Korwin-Mikke<\/strong>. Poruszy\u0142 wiele ciekawych temat\u00f3w. Niech \u017ca\u0142uje ten, kogo nie by\u0142o na sali. Program <strong>K<span style=\"color: #ff0000;\">N<\/span><span style=\"color: #0000ff;\">P<\/span><\/strong> przeczytasz Drogi Sympatyku <strong>K<span style=\"color: #ff0000;\">N<\/span><span style=\"color: #0000ff;\">P<\/span><\/strong> spokojnie <a href=\"http:\/\/grzegorzjaszczura.pl\/?p=21403#more-21403\"><strong>tutaj<\/strong><\/a>. Poniewa\u017c w telewizji polskiej us\u0142ysza\u0142em ostatnio (oczywi\u015bcie przypadkowo), \u017ce zwi\u0119kszaj\u0105 si\u0119 szeregi popieraj\u0105cych socjalistyczn\u0105 <span style=\"color: #ff0000;\">Uni\u0119 Europejsk\u0105<\/span>, co jest podobno bardzo widoczne na ich <em>spontanicznych paradach<\/em>, to przedstawiam, tak <em>a propos<\/em> powy\u017cszego zdanie p.<strong> Janusza Korwin-Mikke<\/strong> w tym temacie.<\/p>\n<p style=\"text-align: justify;\"><span style=\"text-decoration: underline;\">Cytuj\u0119 z pami\u0119ci:<\/span><\/p>\n<p style=\"text-align: justify;\"><strong>&#8222;Tak jak dobry Niemiec nienawidzi\u0142 socjalistycznych, <span style=\"color: #ff0000;\">hitlerowskich Niemiec<\/span>, tak jak dobry Rosjanin nienawidzi\u0142 bolszewickiego,\u00a0<span style=\"color: #ff0000;\">komunistycznego Zwi\u0105zku Sowieckiego<\/span>, tak dobry Europejczyk <\/strong>(a jeste\u015bmy nimi, czyli Europejczykami, urodzeni w Polsce &#8211; przyp. m\u00f3j)<strong> nienawidzi i powinien nienawidzi\u0107 <span style=\"color: #ff0000;\">Uni\u0119 Europejsk\u0105<\/span> (Zwi\u0105zek Socjalistycznych Republik Europejskich &#8211; <span style=\"color: #ff0000;\">ZSRE<\/span>)&#8221;.<\/strong><\/p>\n<p style=\"text-align: justify;\"><a href=\"http:\/\/grzegorzjaszczura.pl\/http:\/\/grzegorzjaszczura.pl\/wp-content\/uploads\/2013\/05\/Sosnowiec-2013-05-14-73.jpg\"><img loading=\"lazy\" decoding=\"async\" class=\"alignleft size-thumbnail wp-image-23826\" title=\"Sosnowiec 2013-05-14 (73)\" src=\"http:\/\/grzegorzjaszczura.pl\/http:\/\/grzegorzjaszczura.pl\/wp-content\/uploads\/2013\/05\/Sosnowiec-2013-05-14-73-150x150.jpg\" alt=\"\" width=\"150\" height=\"150\" \/><\/a>W ostatniej cz\u0119\u015bci spotkania p.<strong> J. Korwin-Mikke<\/strong> zd\u0105\u017cy\u0142 jeszcze odpowiedzie\u0107 na kilkadziesi\u0105t pyta\u0144 publiczno\u015bci (ok. 150 os\u00f3b),\u00a0 trudnych i \u0142atwych; podpisa\u0107 ksi\u0105\u017cki swojego autorstwa i zrobi\u0107 zdj\u0119cia z sympatykami. R\u00f3wnie\u017c do tych zdj\u0119\u0107 by\u0142o bardzo du\u017co ch\u0119tnych.<\/p>\n<p style=\"text-align: justify;\">Podsumowuj\u0105c spotkanie trzeba napisa\u0107, \u017ce przebieg\u0142o w bardzo mi\u0142ej atmosferze, oby\u0142o si\u0119 od podstawionych lewak\u00f3w, w tym, z chorym goleniem. Zdecydowana wi\u0119kszo\u015b\u0107 zebranych by\u0142a zjednoczona z <strong>J. Korwin-Mikke<\/strong> oraz postulatami i programem <strong>Kongresu <span style=\"color: #ff0000;\">Nowej<\/span> <span style=\"color: #0000ff;\">Prawicy<\/span><\/strong>.<\/p>\n<p style=\"text-align: justify;\">15.05.2013 r., pan prezes <strong>J. Korwin-Mikke<\/strong> zaszczyci\u0142 swoj\u0105 obecno\u015bci\u0105 Sympozjum, kt\u00f3re odby\u0142o si\u0119 w Zawierciu. Wieczorem uda\u0142 si\u0119 na G\u00f3rny \u015al\u0105sk do Katowic, aby spotka\u0107 si\u0119 z sympatykami <strong>Kongresu <span style=\"color: #ff0000;\">Nowej<\/span> <span style=\"color: #0000ff;\">Prawicy<\/span><\/strong> ze \u015al\u0105ska.<\/p>\n<p style=\"text-align: justify;\"><span style=\"color: #0000ff;\"><strong>Mam nadziej\u0119, \u017ce nast\u0119pne spotkania, szerz\u0105ce nasz\u0105 wolno\u015bciowo-konserwatywn\u0105 ideologi\u0119 odb\u0119dzie si\u0119 wkr\u00f3tce.\u00a0 Oby\u015bmy dla dobra nas i naszych dzieci oraz nast\u0119pnych pokole\u0144 Polak\u00f3w zwyci\u0119\u017cyli w tej nieustaj\u0105cej walce z lewactwem!<\/strong><\/span><\/p>\n<p style=\"text-align: justify;\"><span style=\"color: #0000ff;\"><strong>Ps<\/strong><\/span> Tutaj jedna z wizyt <strong>J. Korwin-Mikke <\/strong>w D\u0105browie G\u00f3rniczej (z archiwum bloga): <a href=\"http:\/\/grzegorzjaszczura.pl\/?p=3966#more-3966\">http:\/\/grzegorzjaszczura.pl\/?p=3966#more-3966<\/a>.<\/p>\n<p style=\"text-align: justify;\">A tu strona <strong>K<span style=\"color: #ff0000;\">N<\/span><span style=\"color: #0000ff;\">P<\/span> <span style=\"color: #00ff00;\">Zag\u0142\u0119bia<\/span> <span style=\"color: #ff0000;\">D\u0105browskiego<\/span><\/strong> na <strong>FB<\/strong>: <a href=\"https:\/\/www.facebook.com\/KNP.ZaglebieDabrowskie\">https:\/\/www.facebook.com\/KNP.ZaglebieDabrowskie<\/a>.<\/p>\n<p style=\"text-align: justify;\"><a href=\"http:\/\/grzegorzjaszczura.pl\/http:\/\/grzegorzjaszczura.pl\/wp-content\/uploads\/2013\/05\/Sosnowiec-2013-05-14-9.jpg\"><img loading=\"lazy\" decoding=\"async\" class=\"alignleft size-thumbnail wp-image-23827\" title=\"Sosnowiec 2013-05-14 (9)\" src=\"http:\/\/grzegorzjaszczura.pl\/http:\/\/grzegorzjaszczura.pl\/wp-content\/uploads\/2013\/05\/Sosnowiec-2013-05-14-9-150x150.jpg\" alt=\"\" width=\"150\" height=\"150\" \/><\/a><a href=\"http:\/\/grzegorzjaszczura.pl\/http:\/\/grzegorzjaszczura.pl\/wp-content\/uploads\/2013\/05\/Sosnowiec-2013-05-14-54.jpg\"><img loading=\"lazy\" decoding=\"async\" class=\"alignleft size-thumbnail wp-image-23828\" title=\"Sosnowiec 2013-05-14 (54)\" src=\"http:\/\/grzegorzjaszczura.pl\/http:\/\/grzegorzjaszczura.pl\/wp-content\/uploads\/2013\/05\/Sosnowiec-2013-05-14-54-150x150.jpg\" alt=\"\" width=\"150\" height=\"150\" \/><\/a><a href=\"http:\/\/grzegorzjaszczura.pl\/http:\/\/grzegorzjaszczura.pl\/wp-content\/uploads\/2013\/05\/Sosnowiec-2013-05-14-90.jpg\"><img loading=\"lazy\" decoding=\"async\" class=\"alignleft size-thumbnail wp-image-23829\" title=\"Sosnowiec 2013-05-14 (90)\" src=\"http:\/\/grzegorzjaszczura.pl\/http:\/\/grzegorzjaszczura.pl\/wp-content\/uploads\/2013\/05\/Sosnowiec-2013-05-14-90-150x150.jpg\" alt=\"\" width=\"150\" height=\"150\" \/><\/a><a href=\"http:\/\/grzegorzjaszczura.pl\/http:\/\/grzegorzjaszczura.pl\/wp-content\/uploads\/2013\/05\/Sosnowiec-2013-05-14-103.jpg\"><img loading=\"lazy\" decoding=\"async\" class=\"alignleft size-thumbnail wp-image-23830\" title=\"Sosnowiec 2013-05-14 (103)\" src=\"http:\/\/grzegorzjaszczura.pl\/http:\/\/grzegorzjaszczura.pl\/wp-content\/uploads\/2013\/05\/Sosnowiec-2013-05-14-103-150x150.jpg\" alt=\"\" width=\"150\" height=\"150\" \/><\/a><a href=\"http:\/\/grzegorzjaszczura.pl\/http:\/\/grzegorzjaszczura.pl\/wp-content\/uploads\/2013\/05\/Sosnowiec-2013-05-14-119.jpg\"><img loading=\"lazy\" decoding=\"async\" class=\"alignleft size-thumbnail wp-image-23831\" title=\"Sosnowiec 2013-05-14 (119)\" src=\"http:\/\/grzegorzjaszczura.pl\/http:\/\/grzegorzjaszczura.pl\/wp-content\/uploads\/2013\/05\/Sosnowiec-2013-05-14-119-150x150.jpg\" alt=\"\" width=\"150\" height=\"150\" \/><\/a><a href=\"http:\/\/grzegorzjaszczura.pl\/http:\/\/grzegorzjaszczura.pl\/wp-content\/uploads\/2013\/05\/Sosnowiec-2013-05-14-123.jpg\"><img loading=\"lazy\" decoding=\"async\" class=\"alignleft size-thumbnail wp-image-23832\" title=\"Sosnowiec 2013-05-14 (123)\" src=\"http:\/\/grzegorzjaszczura.pl\/http:\/\/grzegorzjaszczura.pl\/wp-content\/uploads\/2013\/05\/Sosnowiec-2013-05-14-123-150x150.jpg\" alt=\"\" width=\"150\" height=\"150\" \/><\/a><\/p>\n","protected":false},"excerpt":{"rendered":"<p>Spotkanie z prezesem Kongresu Nowej Prawicy panem Januszem Korwin-Mikke odby\u0142o si\u0119 wczoraj (14.05.2013 r.), zgodnie z planem, w Sosnowcu w Restauracji &#8222;Kolorowa&#8221;. Zainteresowanie jak zawsze w Zag\u0142\u0119biu D\u0105browskim by\u0142o bardzo du\u017ce. Wystarczy doda\u0107, \u017ce nie wszyscy ch\u0119tni dostali si\u0119 na sal\u0119.<\/p>\n","protected":false},"author":2,"featured_media":0,"comment_status":"open","ping_status":"open","sticky":false,"template":"","format":"standard","meta":{"_monsterinsights_skip_tracking":false,"_monsterinsights_sitenote_active":false,"_monsterinsights_sitenote_note":"","_monsterinsights_sitenote_category":0,"footnotes":""},"categories":[3],"tags":[],"class_list":["post-23749","post","type-post","status-publish","format-standard","hentry","category-polityczne"],"_links":{"self":[{"href":"https:\/\/grzegorzjaszczura.pl\/index.php?rest_route=\/wp\/v2\/posts\/23749","targetHints":{"allow":["GET"]}}],"collection":[{"href":"https:\/\/grzegorzjaszczura.pl\/index.php?rest_route=\/wp\/v2\/posts"}],"about":[{"href":"https:\/\/grzegorzjaszczura.pl\/index.php?rest_route=\/wp\/v2\/types\/post"}],"author":[{"embeddable":true,"href":"https:\/\/grzegorzjaszczura.pl\/index.php?rest_route=\/wp\/v2\/users\/2"}],"replies":[{"embeddable":true,"href":"https:\/\/grzegorzjaszczura.pl\/index.php?rest_route=%2Fwp%2Fv2%2Fcomments&post=23749"}],"version-history":[{"count":51,"href":"https:\/\/grzegorzjaszczura.pl\/index.php?rest_route=\/wp\/v2\/posts\/23749\/revisions"}],"predecessor-version":[{"id":23849,"href":"https:\/\/grzegorzjaszczura.pl\/index.php?rest_route=\/wp\/v2\/posts\/23749\/revisions\/23849"}],"wp:attachment":[{"href":"https:\/\/grzegorzjaszczura.pl\/index.php?rest_route=%2Fwp%2Fv2%2Fmedia&parent=23749"}],"wp:term":[{"taxonomy":"category","embeddable":true,"href":"https:\/\/grzegorzjaszczura.pl\/index.php?rest_route=%2Fwp%2Fv2%2Fcategories&post=23749"},{"taxonomy":"post_tag","embeddable":true,"href":"https:\/\/grzegorzjaszczura.pl\/index.php?rest_route=%2Fwp%2Fv2%2Ftags&post=23749"}],"curies":[{"name":"wp","href":"https:\/\/api.w.org\/{rel}","templated":true}]}}