{"id":23942,"date":"2013-06-04T07:52:28","date_gmt":"2013-06-04T00:52:28","guid":{"rendered":"http:\/\/grzegorzjaszczura.pl\/?p=23942"},"modified":"2024-04-23T13:37:10","modified_gmt":"2024-04-23T11:37:10","slug":"funkcjonariusz-zb-podraza-propaguje-komunizm","status":"publish","type":"post","link":"https:\/\/grzegorzjaszczura.pl\/?p=23942","title":{"rendered":"Funkcjonariusz Z. Podraza propaguje komunizm!?"},"content":{"rendered":"<p style=\"text-align: justify;\"><a href=\"http:\/\/grzegorzjaszczura.pl\/http:\/\/grzegorzjaszczura.pl\/wp-content\/uploads\/2013\/05\/Podraza-01.jpg\"><img loading=\"lazy\" decoding=\"async\" class=\"alignleft size-thumbnail wp-image-23972\" title=\"Podraza 01\" src=\"http:\/\/grzegorzjaszczura.pl\/http:\/\/grzegorzjaszczura.pl\/wp-content\/uploads\/2013\/05\/Podraza-01-150x150.jpg\" alt=\"\" width=\"150\" height=\"150\" \/><\/a>Gdy kilkana\u015bcie dni temu opisywa\u0142em, jak urz\u0119duj\u0105cy prezydent 124-tysi\u0119cznego miasta, czyli D\u0105browy G\u00f3rniczej maszeruje na czele pochodu pierwszomajowego, kt\u00f3ry manifestuje m.in. przywi\u0105zanie do zbrodniarzy komunistycznych, nie zdawa\u0142em sobie sprawy, jak te idee znowu mog\u0105 znale\u017a\u0107 poparcie. <a href=\"http:\/\/grzegorzjaszczura.pl\/?p=23753#more-23753\"><strong>Zobacz.<\/strong><\/a> Ju\u017c w kilka dni potem na FB niejaki<!--more--> <strong>K.T.<\/strong> zacz\u0105\u0142 wzywa\u0107 do rozstrzelania mnie. Nie spodoba\u0142 mu si\u0119 tak\u017ce wykaz ulic w D\u0105browie G\u00f3rniczej, kt\u00f3re w nazwie maj\u0105 powi\u0105zanie wg autora (kt\u00f3rym nawet nie by\u0142em ja osobi\u015bcie), z ideologi\u0105 totalitarn\u0105. W ko\u0144cu wg mnie, jest to drugorz\u0119dne czy chodzi o zbrodniarzy spod znaku swastyki (<span style=\"color: #ff0000;\">socjalist\u00f3w narodowych niemieckich<\/span>), czy zbrodniarzy spod znaku sierpa i m\u0142ota, czyli <span style=\"color: #ff0000;\">komunistycznych<\/span>! <span style=\"color: #0000ff;\"><strong>Ja w\u0142a\u015bnie tak rozumiem nasz\u0105 Konstytucj\u0119<\/strong><\/span>! Niestety, pewnie zauwa\u017cy\u0142, \u017ce utrzymywane z naszych podatk\u00f3w, tzw. organa \u015bcigania nie tylko nie reaguj\u0105 na rozpowszechnianie symboli totalitarnych, co jest ewidentnie \u0142amaniem ustawy zasadniczej <strong>Konstytucji Rzeczypospolitej Polskiej<\/strong>, ale pilnuj\u0105 tego procederu! <strong>I dzieje si\u0119 to po 24 latach od pseudodemokratycznych wybor\u00f3w, kt\u00f3re wg lewackich medi\u00f3w obali\u0142y ten zbrodniczy totalitaryzm, a takim\u017ce okre\u015bleniem nale\u017cy okre\u015bla\u0107 <span style=\"color: #ff0000;\">komunizm<\/span>!<\/strong><\/p>\n<p style=\"text-align: justify;\">S\u0105 r\u00f3wnie\u017c uczciwi mieszka\u0144cy D\u0105browy G\u00f3rniczej, kt\u00f3rzy maj\u0105 podobne spostrze\u017cenia do moich. Otrzyma\u0142em list, w kt\u00f3rym mieszkaniec naszego miasta informuje mnie o przekazaniu sprawy do <strong>Instytutu Pami\u0119ci Narodowej<\/strong>. No, prokuratura w D\u0105browie G. to i tak by pewnie nie zareagowa\u0142a. Jej po\u015brednie powi\u0105zania z bud\u017cetem Gminy mo\u017cesz prze\u015bledzi\u0107 np. <a href=\"http:\/\/grzegorzjaszczura.pl\/?p=22934#more-22934\"><strong>w tym wpisie<\/strong><\/a>. Okazuje si\u0119, \u017ce policja jest powi\u0105zana z Urz\u0119dem i bud\u017cetem Gminy nie tylko finansowo, ale tak\u017ce politycznie! Trudno inaczej zinterpretowa\u0107 powy\u017cej opisan\u0105 sytuacj\u0119.<\/p>\n<p style=\"text-align: justify;\">Obszerny fragment pisma mieszka\u0144ca D\u0105browy G\u00f3rniczej do <strong>IPN<\/strong>:<\/p>\n<p style=\"text-align: justify;\"><em><span style=\"color: #0000ff;\">&#8222;Szanowny Pan dr <strong>\u0141ukasz Kami\u0144ski<\/strong>, Prezes <strong>IPN<\/strong><\/span><\/em><\/p>\n<p style=\"text-align: justify;\"><em><span style=\"color: #0000ff;\">Dzie\u0144 dobry,<\/span><\/em><\/p>\n<p style=\"text-align: justify;\"><em><span style=\"color: #0000ff;\">Jestem jednym z mieszka\u0144c\u00f3w D\u0105browy G\u00f3rniczej \u017cywo interesuj\u0105cym si\u0119 polityk\u0105 lokaln\u0105.<\/span><\/em><\/p>\n<p style=\"text-align: justify;\"><em><span style=\"color: #0000ff;\">Niedawno na jednym z blog\u00f3w ukaza\u0142 si\u0119 wpis pt. &#8222;Kto to jest bohater&#8221; dotycz\u0105cy obchod\u00f3w pierwszomajowych w moim mie\u015bcie.<\/span><\/em><\/p>\n<p style=\"text-align: justify;\"><em><span style=\"color: #0000ff;\">Oto link do tego wpisu: <a href=\"http:\/\/grzegorzjaszczura.pl\/?p=23753\"><span style=\"color: #0000ff;\">http:\/\/grzegorzjaszczura.pl\/?p=23753<\/span><\/a><\/span><\/em><\/p>\n<p style=\"text-align: justify;\"><em><span style=\"color: #0000ff;\">Autor wpisu zwraca w nim uwag\u0119 na to, i\u017c podczas pochodu propagowano symbolik\u0119 komunistyczn\u0105, m.in. wymachiwano flag\u0105 z wizerunkiem Lenina.<\/span><\/em><\/p>\n<p style=\"text-align: justify;\"><em><span style=\"color: #0000ff;\">Na czele pochodu szed\u0142 prezydent Miasta P. <strong>Zbigniew Podraza<\/strong>, notabene\u00a0<strong>funkcjonariusz publiczny<\/strong>. Z tego co mi wiadomo rozdawane by\u0142y r\u00f3wnie\u017c gazetki pt. <strong>Brzask<\/strong> zawieraj\u0105ce symbolik\u0119 sierpa i m\u0142ota.<\/span><\/em><\/p>\n<p style=\"text-align: justify;\"><em><span style=\"color: #0000ff;\">Dlatego mam nast\u0119puj\u0105ce zapytanie do IPN: Jak jest mo\u017cliwym propagowanie symboliki ideologii komunistycznej, zbrodniczego pa\u0144stwa <strong>ZSRR<\/strong>\u00a0w pa\u0144stwie prawa za jakie si\u0119 uwa\u017ca <strong>Polska<\/strong>\u00a0w \u015bwietle <strong>artyku\u0142u 13 Konstytucji RP<\/strong> czy <strong>paragrafu 256 Kodeksu karnego<\/strong>.\u00a0Czy w zasygnalizowanej sprawie stosowne organa, tj. wojewoda i prokuratura nie powinny z mocy prawa interweniowa\u0107 w sprawie. Chcia\u0142bym wiedzie\u0107 r\u00f3wnie\u017c czy <strong>IPN<\/strong> dysponuje prawnymi instrumentami aby zainterweniowa\u0107 w sprawie, w szczeg\u00f3lno\u015bci, \u017ce w propagowanie symboli pa\u0144stwa totalitarnego poprzez uczestnictwo w takim pochodzie zaanga\u017cowa\u0142 si\u0119 prezydent ponad 100-tysi\u0119cznego miasta.<\/span><\/em><\/p>\n<p style=\"text-align: justify;\"><em><span style=\"color: #0000ff;\">Prosi\u0142bym o bli\u017csze\u00a0przyjrzenie si\u0119 <strong>IPN<\/strong> tej sprawie i podj\u0119cie odpowiednich krok\u00f3w.<\/span><\/em><\/p>\n<p style=\"text-align: justify;\"><em><span style=\"color: #0000ff;\">W za\u0142\u0105czeniu przesy\u0142am r\u00f3wnie\u017c plik ze stron\u0105 tytu\u0142ow\u0105 czasopisma <strong>Brzask<\/strong>, kt\u00f3re zawiera symbol sierpa i m\u0142ota. Wydaje mi si\u0119 \u017ce taki symbol powinien by\u0107 prawnie zabroniony, podobnie jak jest to ze swastyk\u0105.<\/span><\/em><\/p>\n<p style=\"text-align: justify;\"><em><span style=\"color: #0000ff;\">[&#8230;] mieszkaniec D\u0105browy G\u00f3rniczej&#8221;<\/span><\/em><\/p>\n<p style=\"text-align: justify;\">Niestety przy takiej polityce w\u0142adz naszego pa\u0144stwa &#8211; chodzi mi o brak reakcji organ\u00f3w \u015bcigania &#8211; nied\u0142ugo b\u0119dziemy mieli do czynienia z gro\u017abami jak pod moim adresem, a tak\u017ce z zabijaniem, co jest nieod\u0142\u0105cznie zwi\u0105zane z komunistami czy socjalistami narodowymi niemieckimi. I nie b\u0119dzie trzeba czeka\u0107 na islamizacj\u0119 Polski. To <em>a propos<\/em> tego co dzieje si\u0119 w Szwecji, W. Brytanii czy kolejny raz we Francji.<\/p>\n<p style=\"text-align: justify;\"><strong>Wzywam pana prezydenta Z. Podraz\u0119 do wyt\u0142umaczenia si\u0119 ze swojego post\u0119powania. Wzywam organy \u015bcigania zar\u00f3wno lokalne d\u0105browskie jak i centralne pa\u0144stwowe do ochrony i obrony Konstytucji Rzeczypospolitej Polskiej przed propagowaniem zbrodniarzy reprezentuj\u0105cych totalitarne systemy lewicowe: <span style=\"color: #ff0000;\">socjalizm narodowy niemiecki<\/span> i <span style=\"color: #ff0000;\">komunizm<\/span> (marksizm, bolszewizm, maoizm, polpotyzm). <\/strong><\/p>\n<p style=\"text-align: justify;\"><strong><a href=\"http:\/\/grzegorzjaszczura.pl\/http:\/\/grzegorzjaszczura.pl\/wp-content\/uploads\/2013\/05\/zakaz-skr\u0119tu.jpg\"><img loading=\"lazy\" decoding=\"async\" class=\"alignleft size-full wp-image-23979\" title=\"zakaz-skr\u0119tu\" src=\"http:\/\/grzegorzjaszczura.pl\/http:\/\/grzegorzjaszczura.pl\/wp-content\/uploads\/2013\/05\/zakaz-skr\u0119tu.jpg\" alt=\"\" width=\"120\" height=\"120\" \/><\/a>Chcia\u0142bym wyra\u017anie podkre\u015bli\u0107, aby nie by\u0142o nieporozumie\u0144, \u017ce jestem zar\u00f3wno <span style=\"color: #0000ff;\">antysocjalist\u0105<\/span> (socjalizm narodowy niemiecki zabi\u0142 ok. 20 milion\u00f3w ludzi) jak i <span style=\"color: #0000ff;\">antykomunist\u0105<\/span> (komunizm doprowadzi\u0142 do \u015bmierci ok. 100 milion\u00f3w ludzi).<\/strong><\/p>\n<p style=\"text-align: justify;\"><strong><span style=\"color: #0000ff;\">Zbyszku, nie id\u017a t\u0105 drog\u0105!<\/span><\/strong><\/p>\n<p style=\"text-align: justify;\"><strong>\u00a0<\/strong><\/p>\n","protected":false},"excerpt":{"rendered":"<p>Gdy kilkana\u015bcie dni temu opisywa\u0142em, jak urz\u0119duj\u0105cy prezydent 124-tysi\u0119cznego miasta, czyli D\u0105browy G\u00f3rniczej maszeruje na czele pochodu pierwszomajowego, kt\u00f3ry manifestuje m.in. przywi\u0105zanie do zbrodniarzy komunistycznych, nie zdawa\u0142em sobie sprawy, jak te idee znowu mog\u0105 znale\u017a\u0107 poparcie. Zobacz. Ju\u017c w kilka dni potem na FB niejaki<\/p>\n","protected":false},"author":2,"featured_media":0,"comment_status":"open","ping_status":"open","sticky":false,"template":"","format":"standard","meta":{"_monsterinsights_skip_tracking":false,"_monsterinsights_sitenote_active":false,"_monsterinsights_sitenote_note":"","_monsterinsights_sitenote_category":0,"footnotes":""},"categories":[3],"tags":[],"class_list":["post-23942","post","type-post","status-publish","format-standard","hentry","category-polityczne"],"_links":{"self":[{"href":"https:\/\/grzegorzjaszczura.pl\/index.php?rest_route=\/wp\/v2\/posts\/23942","targetHints":{"allow":["GET"]}}],"collection":[{"href":"https:\/\/grzegorzjaszczura.pl\/index.php?rest_route=\/wp\/v2\/posts"}],"about":[{"href":"https:\/\/grzegorzjaszczura.pl\/index.php?rest_route=\/wp\/v2\/types\/post"}],"author":[{"embeddable":true,"href":"https:\/\/grzegorzjaszczura.pl\/index.php?rest_route=\/wp\/v2\/users\/2"}],"replies":[{"embeddable":true,"href":"https:\/\/grzegorzjaszczura.pl\/index.php?rest_route=%2Fwp%2Fv2%2Fcomments&post=23942"}],"version-history":[{"count":57,"href":"https:\/\/grzegorzjaszczura.pl\/index.php?rest_route=\/wp\/v2\/posts\/23942\/revisions"}],"predecessor-version":[{"id":67147,"href":"https:\/\/grzegorzjaszczura.pl\/index.php?rest_route=\/wp\/v2\/posts\/23942\/revisions\/67147"}],"wp:attachment":[{"href":"https:\/\/grzegorzjaszczura.pl\/index.php?rest_route=%2Fwp%2Fv2%2Fmedia&parent=23942"}],"wp:term":[{"taxonomy":"category","embeddable":true,"href":"https:\/\/grzegorzjaszczura.pl\/index.php?rest_route=%2Fwp%2Fv2%2Fcategories&post=23942"},{"taxonomy":"post_tag","embeddable":true,"href":"https:\/\/grzegorzjaszczura.pl\/index.php?rest_route=%2Fwp%2Fv2%2Ftags&post=23942"}],"curies":[{"name":"wp","href":"https:\/\/api.w.org\/{rel}","templated":true}]}}