{"id":24217,"date":"2013-06-17T13:00:26","date_gmt":"2013-06-17T06:00:26","guid":{"rendered":"http:\/\/grzegorzjaszczura.pl\/?p=24217"},"modified":"2013-06-17T13:00:26","modified_gmt":"2013-06-17T06:00:26","slug":"artur-zawisza-ruch-narodowy","status":"publish","type":"post","link":"https:\/\/grzegorzjaszczura.pl\/?p=24217","title":{"rendered":"Artur Zawisza &#8211; Ruch Narodowy"},"content":{"rendered":"<p style=\"text-align: justify;\"><a href=\"http:\/\/grzegorzjaszczura.pl\/http:\/\/grzegorzjaszczura.pl\/wp-content\/uploads\/2013\/06\/201306152010.jpg\"><img loading=\"lazy\" decoding=\"async\" class=\"alignleft size-thumbnail wp-image-24225\" title=\"201306152010\" src=\"http:\/\/grzegorzjaszczura.pl\/http:\/\/grzegorzjaszczura.pl\/wp-content\/uploads\/2013\/06\/201306152010-150x150.jpg\" alt=\"\" width=\"150\" height=\"150\" \/><\/a>Kolejnym go\u015bciem <strong>Klubu &#8222;Gazety Polskiej&#8221;<\/strong> oraz <strong>Konserwatywnego Klubu Opcji na Prawo<\/strong> w D\u0105browie G\u00f3rniczej by\u0142 <strong>Artur Zawisza<\/strong>. Tym razem spotkanie odby\u0142o si\u0119 (15 czerwca br.) w sali konferencyjnej, przy <strong>Bazylice Matki Boskiej Anielskiej<\/strong>. <strong>Artur Zawisza<\/strong> zosta\u0142 zaprezentowany jako Wiceprezes Zwi\u0105zku \u017bo\u0142nierzy Narodowych Si\u0142 Zbrojnych,<!--more--> by\u0142y pose\u0142 <span style=\"color: #800080;\">PIS<\/span> (6 lat), absolwent KULu, instruktor harcerski. Tematem spotkania mia\u0142 by\u0107 <span style=\"color: #0000ff;\"><em><strong>&#8222;Marsz Niepodleg\u0142o\u015bci jako marsz ku Niepodleg\u0142o\u015bci&#8221;<\/strong><\/em><\/span>. My\u015bl\u0119, \u017ce ostatnie s\u0142owo pisane z du\u017cej litery z premedytacj\u0105. W ko\u0144cu po podpisaniu <a href=\"http:\/\/grzegorzjaszczura.pl\/?p=756#more-756\"><strong>Traktatu Lizbo\u0144skiego<\/strong><\/a> przez \u015bp. <strong>L. Kaczy\u0144skiego<\/strong> Polska utraci\u0142a znaczn\u0105 cz\u0119\u015b\u0107 niepodleg\u0142o\u015bci, a suwerenno\u015b\u0107 to ju\u017c na pewno. Marzenia, cele komunist\u00f3w i partii antypolskich si\u0119 ziszczaj\u0105.<\/p>\n<p style=\"text-align: justify;\">Przed spotkaniem <strong>A. Zawisza<\/strong> zwiedzi\u0142 nasz\u0105 zag\u0142\u0119biowsk\u0105 Bazylik\u0119, o kt\u00f3rej powiedzia\u0142 kilka mi\u0142ych s\u0142\u00f3w. W ko\u0144cu to najwy\u017csza bazylika neogotycka w Polsce Po\u0142udniowej. Kiedy\u015b <a href=\"http:\/\/grzegorzjaszczura.pl\/?p=3966#more-3966\">zachwycony bazylik\u0105<\/a>, po jej szczeg\u00f3\u0142owym obejrzeniu, by\u0142 tak\u017ce prezes <strong>Janusz Korwin-Mikke<\/strong> (K<span style=\"color: #ff0000;\">N<\/span><span style=\"color: #0000ff;\">P<\/span>), oprowadzony <em>nota bene<\/em> przez ksi\u0119dza kustosza <strong>A. Stasiaka<\/strong>.<\/p>\n<p style=\"text-align: justify;\"><strong>A. Zawisza<\/strong> rozpocz\u0105\u0142 od przypomnienia postaci <strong>Henryka Glassa<\/strong>, urodzonego w D\u0105browie G\u00f3rniczej harcmistrza Rzeczypospolitej, zwi\u0105zanego z przedwojennym ruchem narodowym, m.in. wsp\u00f3\u0142tw\u00f3rcy <strong>Hufc\u00f3w Polskich<\/strong>. (co\u015b przeciwnego do czerwonego, komunistycznego harcerstwa tworzonego przez <strong>J. Kuronia<\/strong> z partii komunistycznej <span style=\"color: #ff0000;\">PZPR<\/span> w latach pi\u0119\u0107dziesi\u0105tych).<\/p>\n<p style=\"text-align: justify;\"><a href=\"http:\/\/grzegorzjaszczura.pl\/http:\/\/grzegorzjaszczura.pl\/wp-content\/uploads\/2013\/06\/nr-1204-1.jpg\"><img loading=\"lazy\" decoding=\"async\" class=\"alignleft size-thumbnail wp-image-24311\" title=\"nr-1204-1\" src=\"http:\/\/grzegorzjaszczura.pl\/http:\/\/grzegorzjaszczura.pl\/wp-content\/uploads\/2013\/06\/nr-1204-1-150x150.jpg\" alt=\"\" width=\"150\" height=\"150\" \/><\/a><a href=\"http:\/\/grzegorzjaszczura.pl\/http:\/\/grzegorzjaszczura.pl\/wp-content\/uploads\/2013\/06\/nr-1204-2.jpg\"><img loading=\"lazy\" decoding=\"async\" class=\"alignleft size-thumbnail wp-image-24312\" title=\"nr-1204-2\" src=\"http:\/\/grzegorzjaszczura.pl\/http:\/\/grzegorzjaszczura.pl\/wp-content\/uploads\/2013\/06\/nr-1204-2-150x150.jpg\" alt=\"\" width=\"150\" height=\"150\" \/><\/a>Je\u017celi chodzi o <strong>Marsz Niepodleg\u0142o\u015bci<\/strong>, to w\u0142a\u015bnie na zako\u0144czenie ostatniego marszu, w kt\u00f3rym uczestniczy\u0142o kilkadziesi\u0105t tysi\u0119cy Polak\u00f3w, og\u0142oszono powstanie <strong>Ruchu Narodowego<\/strong>. Odby\u0142 si\u0119 ju\u017c tak\u017ce kongres <strong>Ruchu Narodowego<\/strong> (7.06.2013 r.), skupiaj\u0105cego ju\u017c kilkadziesi\u0105t polskich organizacji. (zobacz na blogu wpisy o marszach: <a href=\"http:\/\/grzegorzjaszczura.pl\/?p=13443#more-13443\">http:\/\/grzegorzjaszczura.pl\/?p=13443#more-13443<\/a> oraz <a href=\"http:\/\/grzegorzjaszczura.pl\/?p=20984#more-20984\">http:\/\/grzegorzjaszczura.pl\/?p=20984#more-20984<\/a>).<\/p>\n<p style=\"text-align: justify;\"><a href=\"http:\/\/grzegorzjaszczura.pl\/http:\/\/grzegorzjaszczura.pl\/wp-content\/uploads\/2013\/06\/201306152012.jpg\"><img loading=\"lazy\" decoding=\"async\" class=\"alignleft size-thumbnail wp-image-24305\" title=\"201306152012\" src=\"http:\/\/grzegorzjaszczura.pl\/http:\/\/grzegorzjaszczura.pl\/wp-content\/uploads\/2013\/06\/201306152012-150x150.jpg\" alt=\"\" width=\"150\" height=\"150\" \/><\/a>Jak wspomnia\u0142 <strong>A. Zawisza<\/strong> trzy podstawy ruchu to:<span style=\"color: #0000ff;\"><strong> to\u017csamo\u015b\u0107<\/strong><\/span>, <strong><span style=\"color: #0000ff;\">suwerenno\u015b\u0107<\/span><\/strong> i <span style=\"color: #0000ff;\"><strong>wolno\u015b\u0107<\/strong><\/span>. <strong>Ruch Narodowy<\/strong> okre\u015bli\u0142 jako \u017cywio\u0142owy, oddolny, publiczny. Nawi\u0105za\u0142 oczywi\u015bcie do lat dwudziestych ubieg\u0142ego wieku, gdy <strong>Roman Dmowski<\/strong> stworzy\u0142 nowoczesne podstawy ruchu narodowego, czyli <strong>Stronnictwo Narodowe<\/strong>. Jest to dla mnie okazja do przypomnienia karygodnej tre\u015bci Apelu Poleg\u0142ych, odczytanego w trakcie ods\u0142oni\u0119cia <span style=\"color: #0000ff;\"><strong>Pomnika \u017bo\u0142nierza Zwyci\u0119zcy<\/strong><\/span> w D\u0105browie G\u00f3rniczej &#8211; Go\u0142onogu, na placu Bema (11.2009 r.), w kt\u00f3rym pomini\u0119to nazwisko <strong>Romana Dmowskiego<\/strong>!!!\u00a0<a href=\"http:\/\/grzegorzjaszczura.pl\/?p=735#more-735\"><strong> Zobacz.<\/strong><\/a> W obliczu ostatniego pochodu pierwszomajowego, gdzie d\u0105browska lewicowa w\u0142adza samorz\u0105dowa uczci\u0142a tak\u017ce morderc\u0119 komunistycznego <strong>W.I. Lenina<\/strong> (<a href=\"http:\/\/grzegorzjaszczura.pl\/?p=23753#more-23753\"><strong>zobacz<\/strong><\/a>, a <a href=\"http:\/\/grzegorzjaszczura.pl\/?p=23942#more-23942\"><strong>tak\u017ce<\/strong><\/a>), jest to oczywi\u015bcie bardziej zrozumia\u0142e dla inteligentniejszych Czytaczy bloga.<\/p>\n<p style=\"text-align: justify;\">Pan <strong>A. Zawisza<\/strong> wspomnia\u0142 oczywi\u015bcie\u00a0 o <strong>Narodowych Si\u0142ach Zbrojnych<\/strong>, a tak\u017ce z ciekawostek o <strong>Lidze Narodowo-Demokratycznej<\/strong>, powsta\u0142ej w 1957 r., antykomunistycznej organizacji zlikwidowanej przez komunist\u00f3w po kilkunastu miesi\u0105cach, ale pierwszej tego typu w pararepublice sowieckiej <span style=\"color: #ff0000;\"><strong>PR<\/strong><strong>L<\/strong><\/span>.<\/p>\n<p style=\"text-align: justify;\"><a href=\"http:\/\/grzegorzjaszczura.pl\/http:\/\/grzegorzjaszczura.pl\/wp-content\/uploads\/2013\/06\/201306152014.jpg\"><img loading=\"lazy\" decoding=\"async\" class=\"alignleft size-thumbnail wp-image-24319\" title=\"201306152014\" src=\"http:\/\/grzegorzjaszczura.pl\/http:\/\/grzegorzjaszczura.pl\/wp-content\/uploads\/2013\/06\/201306152014-150x150.jpg\" alt=\"\" width=\"150\" height=\"150\" \/><\/a>W drugiej cz\u0119\u015bci spotkania publiczno\u015b\u0107 mog\u0142a zadawa\u0107 pytania. Nie rozwodz\u0105c si\u0119, zadziwia mnie tylko niech\u0119\u0107 <strong>Ruchu Narodowego<\/strong> do wsp\u00f3\u0142pracy z najwi\u0119ksz\u0105 obecnie parti\u0105 prawicow\u0105 (ostatnio od 6 do 3 % w oficjalnych lewackich sonda\u017cach), czyli <strong>Kongresem<span style=\"color: #ff0000;\"> Nowej<\/span> <span style=\"color: #0000ff;\">Prawicy<\/span><\/strong>. Prawdopodobnie wynika to z niech\u0119ci do jej prezesa <strong>Janusza Korwin-Mikke<\/strong>. Tak czy inaczej, znaj\u0105c <a href=\"http:\/\/grzegorzjaszczura.pl\/?p=21403#more-21403\">konserwatywno-wolno\u015bciowy program<\/a> <strong>K<span style=\"color: #ff0000;\">N<\/span><span style=\"color: #0000ff;\">P<\/span><\/strong> jestem tym zdziwiony. \u017be wspomn\u0119 o sprzeciwie ju\u017c przy referendum akcesyjnym do lewicowej <span style=\"color: #ff0000;\">UE<\/span>, sprzeciwie wobec podpisania <span style=\"color: #ff0000;\">Traktatu Lizbo\u0144skiego<\/span>, sprzeciwie\u00a0 paktowi fiskalnemu, \u017ce o lewicowym globalnym ociepleniu tylko wspomn\u0119.<\/p>\n<p style=\"text-align: justify;\">Na koniec dzi\u0119kuj\u0105c p.<strong> Arturowi\u00a0 Zawisze<\/strong> za odwiedzenie (pierwszy raz w D\u0105browie G\u00f3rniczej) <strong><span style=\"color: #00ff00;\">Zag\u0142\u0119bia<\/span> <span style=\"color: #ff0000;\">D\u0105browskiego<\/span><\/strong>, \u017cycz\u0119 wszystkiego najlepszego <strong>Ruchowi Narodowemu<\/strong>.<\/p>\n<p style=\"text-align: justify;\"><span style=\"color: #0000ff;\"><strong><a href=\"http:\/\/grzegorzjaszczura.pl\/http:\/\/grzegorzjaszczura.pl\/wp-content\/uploads\/2013\/06\/KNP-Zag\u0142\u0119bie-D\u0105browskie.jpg\"><img loading=\"lazy\" decoding=\"async\" class=\"alignleft size-thumbnail wp-image-24308\" title=\"KNP-Zag\u0142\u0119bie D\u0105browskie\" src=\"http:\/\/grzegorzjaszczura.pl\/http:\/\/grzegorzjaszczura.pl\/wp-content\/uploads\/2013\/06\/KNP-Zag\u0142\u0119bie-D\u0105browskie-150x150.jpg\" alt=\"\" width=\"150\" height=\"150\" \/><\/a>Ps<\/strong><\/span> Kilka informacji porz\u0105dkowych na koniec. Przed wakacjami <strong>Klub &#8222;Gazety Polskiej&#8221;<\/strong> w D\u0105browie G\u00f3rniczej planuje jeszcze spotkanie z p. <strong>Paw\u0142em Zyzakiem<\/strong>. Natomiast po wakacjach we wrze\u015bniu, planujemy jako oddzia\u0142 d\u0105browski okr\u0119gu \u015bl\u0105sko-d\u0105browskiego <strong>Kongresu <span style=\"color: #ff0000;\">Nowej<\/span> <span style=\"color: #0000ff;\">Prawicy<\/span><\/strong> przy\u0142\u0105czy\u0107 si\u0119 i wspom\u00f3c (<a href=\"http:\/\/grzegorzjaszczura.pl\/?p=13790#more-13790\">podobnie jak dwa lata temu<\/a>) spotkanie z p. <strong>Stanis\u0142awem Michalkiewiczem<\/strong>. We wrze\u015bniu szef Klubu p. <strong>J\u00f3zef Kowalski<\/strong> planuje tak\u017ce przyjazd do D\u0105browy G\u00f3rniczej p.<strong> Rafa\u0142a Ziemkiewicza<\/strong> (<a href=\"http:\/\/grzegorzjaszczura.pl\/?p=10953#more-10953\">zobacz poprzednie spotkanie<\/a>). Mam tak\u017ce nadziej\u0119, \u017ce odb\u0119dzie si\u0119 spotkanie z autorem symboli <strong><span style=\"color: #00ff00;\">Zag\u0142\u0119bia<\/span> <span style=\"color: #ff0000;\">D\u0105browskiego<\/span><\/strong><span style=\"color: #000000;\">, tj. <a href=\"http:\/\/grzegorzjaszczura.pl\/?p=21786#more-21786\">herbu, barw i chor\u0105gwi<\/a>,<\/span> p. dr.<strong> Zbigniewem Matuszczykiem<\/strong>.<\/p>\n","protected":false},"excerpt":{"rendered":"<p>Kolejnym go\u015bciem Klubu &#8222;Gazety Polskiej&#8221; oraz Konserwatywnego Klubu Opcji na Prawo w D\u0105browie G\u00f3rniczej by\u0142 Artur Zawisza. Tym razem spotkanie odby\u0142o si\u0119 (15 czerwca br.) w sali konferencyjnej, przy Bazylice Matki Boskiej Anielskiej. Artur Zawisza zosta\u0142 zaprezentowany jako Wiceprezes Zwi\u0105zku \u017bo\u0142nierzy Narodowych Si\u0142 Zbrojnych,<\/p>\n","protected":false},"author":2,"featured_media":0,"comment_status":"open","ping_status":"open","sticky":false,"template":"","format":"standard","meta":{"_monsterinsights_skip_tracking":false,"_monsterinsights_sitenote_active":false,"_monsterinsights_sitenote_note":"","_monsterinsights_sitenote_category":0,"footnotes":""},"categories":[3],"tags":[],"class_list":["post-24217","post","type-post","status-publish","format-standard","hentry","category-polityczne"],"_links":{"self":[{"href":"https:\/\/grzegorzjaszczura.pl\/index.php?rest_route=\/wp\/v2\/posts\/24217","targetHints":{"allow":["GET"]}}],"collection":[{"href":"https:\/\/grzegorzjaszczura.pl\/index.php?rest_route=\/wp\/v2\/posts"}],"about":[{"href":"https:\/\/grzegorzjaszczura.pl\/index.php?rest_route=\/wp\/v2\/types\/post"}],"author":[{"embeddable":true,"href":"https:\/\/grzegorzjaszczura.pl\/index.php?rest_route=\/wp\/v2\/users\/2"}],"replies":[{"embeddable":true,"href":"https:\/\/grzegorzjaszczura.pl\/index.php?rest_route=%2Fwp%2Fv2%2Fcomments&post=24217"}],"version-history":[{"count":98,"href":"https:\/\/grzegorzjaszczura.pl\/index.php?rest_route=\/wp\/v2\/posts\/24217\/revisions"}],"predecessor-version":[{"id":24322,"href":"https:\/\/grzegorzjaszczura.pl\/index.php?rest_route=\/wp\/v2\/posts\/24217\/revisions\/24322"}],"wp:attachment":[{"href":"https:\/\/grzegorzjaszczura.pl\/index.php?rest_route=%2Fwp%2Fv2%2Fmedia&parent=24217"}],"wp:term":[{"taxonomy":"category","embeddable":true,"href":"https:\/\/grzegorzjaszczura.pl\/index.php?rest_route=%2Fwp%2Fv2%2Fcategories&post=24217"},{"taxonomy":"post_tag","embeddable":true,"href":"https:\/\/grzegorzjaszczura.pl\/index.php?rest_route=%2Fwp%2Fv2%2Ftags&post=24217"}],"curies":[{"name":"wp","href":"https:\/\/api.w.org\/{rel}","templated":true}]}}