{"id":24436,"date":"2013-07-01T12:55:19","date_gmt":"2013-07-01T05:55:19","guid":{"rendered":"http:\/\/grzegorzjaszczura.pl\/?p=24436"},"modified":"2013-07-02T19:03:48","modified_gmt":"2013-07-02T12:03:48","slug":"leszek-zebrowski-narodowe-sily-zbrojne","status":"publish","type":"post","link":"https:\/\/grzegorzjaszczura.pl\/?p=24436","title":{"rendered":"Leszek \u017bebrowski &#8211; Narodowe Si\u0142y Zbrojne"},"content":{"rendered":"<p style=\"text-align: justify;\"><a href=\"http:\/\/grzegorzjaszczura.pl\/http:\/\/grzegorzjaszczura.pl\/wp-content\/uploads\/2013\/06\/201306252046.jpg\"><img loading=\"lazy\" decoding=\"async\" class=\"alignleft size-thumbnail wp-image-24453\" title=\"201306252046\" src=\"http:\/\/grzegorzjaszczura.pl\/http:\/\/grzegorzjaszczura.pl\/wp-content\/uploads\/2013\/06\/201306252046-150x150.jpg\" alt=\"\" width=\"150\" height=\"150\" \/><\/a>25 czerwca odby\u0142 si\u0119, w jednej z sal Muzeum Miejskiego<strong> &#8222;Sztygarka&#8221;<\/strong>, bardzo ciekawy wyk\u0142ad Pana <strong>Leszka \u017bebrowskiego<span style=\"color: #0000ff;\"><em> &#8222;Narodowe Si\u0142y Zbrojne a ludno\u015b\u0107 cywilna&#8221;<\/em><\/span><\/strong>. S\u0142uchacze mogli r\u00f3wnie\u017c zadawa\u0107 pytania kombatantowi <strong>NSZ<\/strong>, porucznikowi <strong>Stanis\u0142awowi Turskiemu<\/strong>, ps. <strong><em>Czarnocha<\/em><\/strong>.<!--more--><\/p>\n<p style=\"text-align: justify;\">W czasie, mo\u017cna napisa\u0107, globalnej walki <span style=\"color: #ff0000;\">lewackich mainstreamowych medi\u00f3w<\/span> z patriotyzmem i polsko\u015bci\u0105, czemu wt\u00f3ruj\u0105 <span style=\"color: #ff0000;\">&#8222;unioeuropejscy&#8221;<\/span> politycy w rodzaju <strong>J. Palikota<\/strong> czy <strong>A. Kwa\u015bniewskiego<\/strong>, spotkanie sta\u0142o si\u0119 prezentacj\u0105 prawdziwego polskiego patriotyzmu. Zgadzam si\u0119 z p. <strong>L. \u017bebrowskim<\/strong>, \u017ce ww. neokomuni\u015bci wraz z olbrzymi\u0105 ilo\u015bci\u0105 <span style=\"color: #ff0000;\">biurw<\/span> uzale\u017cnionych od pieni\u0119dzy podatnik\u00f3w, staraj\u0105 si\u0119 sprowadzi\u0107 poj\u0119cie patriotyzmu &#8222;do czynno\u015bci sprz\u0105tania kup (przy wyprowadzaniu psa) czy p\u0142acenia za \u015bmieci&#8221;. W tym kontek\u015bcie <strong>\u017bo\u0142nierze Wykl\u0119ci<\/strong> mog\u0105 by\u0107 wzorem prawdziwego patriotyzmu, szczeg\u00f3lnie dla m\u0142odego pokolenia.<\/p>\n<p style=\"text-align: justify;\"><strong>Narodowe Si\u0142y Zbrojne<\/strong> ju\u017c od IX.1942 r. wskazywa\u0142y na niebezpiecze\u0144stwo komunizmu, kt\u00f3ry mog\u0105 przynie\u015b\u0107 <span style=\"color: #ff0000;\">sowieci<\/span> Polsce, przewiduj\u0105c okupacj\u0119 ziem polskich przez <span style=\"color: #ff0000;\">ZSRS<\/span>. Potwierdzaj\u0105 to nawet dokumenty niemieckie, cytowane w trakcie wyk\u0142adu przez p. <strong>L. \u017bebrowskiego<\/strong>. Jak mo\u017cna obecnie obiektywnie i historycznie oceni\u0107, ich teoria dw\u00f3ch wrog\u00f3w, znalaz\u0142a potwierdzenie w rozwoju sytuacji na ziemiach Polskich. Dw\u00f3ch wrog\u00f3w: <span style=\"color: #ff0000;\">&#8222;-izm\u00f3w&#8221;<\/span>, czyli <span style=\"color: #ff0000;\">komunizmu<\/span> i <span style=\"color: #ff0000;\">socjalizmu<\/span> (narodowego niemieckiego). Jak podkre\u015bli\u0142 w drugiej cz\u0119\u015bci spotkania por. <strong>St. Turski<\/strong>, po 5 latach okupacji niemieckiej, dosz\u0142o do prawie 50 lat okupacji sowieckiej. Okupanci, jak to okupanci, zajmowali si\u0119 og\u0142upianiem i gn\u0119bieniem Polak\u00f3w. Najgorsze jest to, wg por. <strong>St. Turskiego<\/strong>, \u017ce obecnie ju\u017c po 1989 r., to og\u0142upianie kontynuuj\u0105 Polacy wobec Polak\u00f3w!<\/p>\n<p style=\"text-align: justify;\">Podstawowym zadaniem <strong>NSZ<\/strong> by\u0142a walka o niepodleg\u0142o\u015b\u0107 <strong>Polski<\/strong>. W ich szeregi wesz\u0142a m\u0142oda polska inteligencja, prowadzono profesjonalny program szkolenia \u017co\u0142nierzy, a wszystko dzia\u0142o si\u0119 w pe\u0142nej konspiracji. Kryterium przynale\u017cno\u015bci do<strong> NSZ<\/strong> by\u0142o nie pochodzenie, a patriotyzm. Dlatego dow\u00f3dcami mogli by\u0107 zar\u00f3wno \u017bydzi jak i \u015al\u0105zacy. Oczywi\u015bcie zdecydowan\u0105 wi\u0119kszo\u015b\u0107 stanowili<strong> Polacy<\/strong>. To w przeciwie\u0144stwie do przyk\u0142adowo sowieckiego, zbrodniczego <span style=\"color: #ff0000;\">NKWD<\/span>, gdzie procent \u017byd\u00f3w r\u00f3s\u0142 zgodnie z wa\u017cno\u015bci\u0105 &#8222;szar\u017cy&#8221;, a Rosjanie wcale nie stanowili wi\u0119kszo\u015bci.<\/p>\n<p style=\"text-align: justify;\"><a href=\"http:\/\/grzegorzjaszczura.pl\/http:\/\/grzegorzjaszczura.pl\/wp-content\/uploads\/2013\/06\/201306252052.jpg\"><img loading=\"lazy\" decoding=\"async\" class=\"alignleft size-thumbnail wp-image-24481\" title=\"201306252052\" src=\"http:\/\/grzegorzjaszczura.pl\/http:\/\/grzegorzjaszczura.pl\/wp-content\/uploads\/2013\/06\/201306252052-150x150.jpg\" alt=\"\" width=\"150\" height=\"150\" \/><\/a>Pan <strong>Stanis\u0142aw Turski<\/strong>, pseudonim <strong>Czarnocha<\/strong> wst\u0105pi\u0142 do <strong>Narodowych Si\u0142 Zbrojnych<\/strong> w 1944 r. By\u0142 \u017co\u0142nierzem <strong>Brygady \u015awi\u0119tokrzyskiej NSZ<\/strong>, jest Prezesem Okr\u0119gu G\u00f3rno\u015bl\u0105skiego <strong>Z\u017b NSZ<\/strong>. Bardzo ciekawie opowiada\u0142 o przyj\u0119ciu do <strong>NSZ<\/strong> i s\u0142u\u017cbie dla Polski, kt\u00f3r\u0105 traktowa\u0142 zawsze jako priorytet. S\u0142u\u017cyli z nim tak\u017ce Polacy z <strong><span style=\"color: #00ff00;\">Zag\u0142\u0119bia<\/span> <span style=\"color: #ff0000;\">D\u0105browskiego<\/span><\/strong> (B\u0119dzina, Z\u0105bkowic, Sosnowca). Nigdy si\u0119 nie ujawni\u0142 w czasach komunistycznych i prawdopodobnie dlatego prze\u017cy\u0142 ja\u017ani\u0119, zgotowan\u0105 \u017co\u0142nierzom nie tylko <strong>Narodowych Si\u0142 Zbrojnych<\/strong> przez komunist\u00f3w po 1945 roku.<\/p>\n<p style=\"text-align: justify;\"><strong><a href=\"http:\/\/grzegorzjaszczura.pl\/http:\/\/grzegorzjaszczura.pl\/wp-content\/uploads\/2013\/06\/2013062520531.jpg\"><img loading=\"lazy\" decoding=\"async\" class=\"alignleft size-thumbnail wp-image-24488\" title=\"201306252053\" src=\"http:\/\/grzegorzjaszczura.pl\/http:\/\/grzegorzjaszczura.pl\/wp-content\/uploads\/2013\/06\/2013062520531-150x150.jpg\" alt=\"\" width=\"150\" height=\"150\" \/><\/a>W pi\u0119knych, od serca s\u0142owach, zaapelowa\u0142 do bardzo licznie zgromadzonej na sali m\u0142odzie\u017cy o walk\u0119 o Polsk\u0119, o polsko\u015b\u0107, o przysz\u0142o\u015b\u0107, o prac\u0119! Apelowa\u0142 do m\u0142odzie\u017cy o t\u0105 walk\u0119 dla Polski, Polski kt\u00f3r\u0105 kocha, kocha tak\u017ce swoj\u0105 s\u0142u\u017cb\u0119 Polsce w NSZ! Apelowa\u0142 r\u00f3wnie\u017c o Polski \u015al\u0105sk i walk\u0119 o Polski \u015al\u0105sk!<br \/>\n<\/strong><\/p>\n<p style=\"text-align: justify;\"><a href=\"http:\/\/grzegorzjaszczura.pl\/http:\/\/grzegorzjaszczura.pl\/wp-content\/uploads\/2013\/06\/2013062520551.jpg\"><img loading=\"lazy\" decoding=\"async\" class=\"alignleft size-thumbnail wp-image-24485\" title=\"201306252055\" src=\"http:\/\/grzegorzjaszczura.pl\/http:\/\/grzegorzjaszczura.pl\/wp-content\/uploads\/2013\/06\/2013062520551-150x150.jpg\" alt=\"\" width=\"150\" height=\"150\" \/><\/a>M\u0142odzie\u017c zgotowa\u0142a mu owacj\u0119 na stoj\u0105co, z okrzykami:<\/p>\n<p style=\"text-align: justify;\"><strong>CZE\u015a\u0106 I CHWA\u0141A BOHATEROM!!!<\/strong><\/p>\n<p style=\"text-align: justify;\">G&#8217;woli pe\u0142nej informacji, spotkanie zorganizowa\u0142\u00a0<strong>ONR Zag\u0142\u0119bie D\u0105browskie Ob\u00f3z Narodowo-Radykalny<\/strong> i <strong>Fanatyczny Go\u0142on\u00f3g Zag\u0142\u0119bie Sosnowie<\/strong>c.<\/p>\n<p style=\"text-align: justify;\"><a href=\"http:\/\/grzegorzjaszczura.pl\/http:\/\/grzegorzjaszczura.pl\/wp-content\/uploads\/2013\/06\/SKMBT_C20313062608050.jpg\"><img loading=\"lazy\" decoding=\"async\" class=\"alignleft size-thumbnail wp-image-24461\" title=\"SKMBT_C20313062608050\" src=\"http:\/\/grzegorzjaszczura.pl\/http:\/\/grzegorzjaszczura.pl\/wp-content\/uploads\/2013\/06\/SKMBT_C20313062608050-150x150.jpg\" alt=\"\" width=\"150\" height=\"150\" \/><\/a>Wracaj\u0105c do wyk\u0142adu <strong>L. \u017bebrowskiego <\/strong>to jeszcze kr\u00f3tko o dw\u00f3ch sprawach. W trakcie spotkania mo\u017cna by\u0142o naby\u0107 jego ksi\u0105\u017ck\u0119 <span style=\"color: #0000ff;\"><em><strong>&#8222;Mity przeciwko Polsce&#8221;<\/strong><\/em><\/span> z podtytu\u0142em: <span style=\"color: #0000ff;\"><em>&#8222;\u017bydzi, Polacy, Komunizm 1939-2012&#8221;<\/em><\/span>. Cieszy\u0142a si\u0119 du\u017cym powodzeniem. R\u00f3wnie\u017c zach\u0119cam do przeczytania.<\/p>\n<p style=\"text-align: justify;\">I druga lokalna sprawa, zwi\u0105zana z nazw\u0105 ulicy w D\u0105browie G\u00f3rniczej, ulicy imieniem <strong>Grzegorza Korczy\u0144skiego<\/strong>, zbrodniarza &#8222;wyznaj\u0105cego&#8221; <span style=\"color: #ff0000;\">komunizm<\/span>. Jak stwierdzi\u0142 <strong>L. \u017bebrowski<\/strong>, jeszcze w 1945 r. <strong>G. Korczy\u0144ski<\/strong>, \u017c\u0105da\u0142 na plenum partii komunistycznej odbudowania w Polsce krematori\u00f3w w wiadomym celu. O innych komunistycznych nazwach w mie\u015bcie mo\u017cesz przeczyta\u0107 tutaj: <a href=\"http:\/\/grzegorzjaszczura.pl\/?p=23753#more-23753\">http:\/\/grzegorzjaszczura.pl\/?p=23753#more-2375<\/a>3. D\u0105browskie pomniki ha\u0144by obejrzysz tutaj: <a href=\"http:\/\/grzegorzjaszczura.pl\/?p=3680#more-3680\">http:\/\/grzegorzjaszczura.pl\/?p=3680#more-3680<\/a>.<\/p>\n<p style=\"text-align: justify;\"><a href=\"http:\/\/grzegorzjaszczura.pl\/http:\/\/grzegorzjaszczura.pl\/wp-content\/uploads\/2013\/06\/2013.05.01.jpg\"><img loading=\"lazy\" decoding=\"async\" class=\"alignleft size-thumbnail wp-image-24478\" title=\"2013.05.01\" src=\"http:\/\/grzegorzjaszczura.pl\/http:\/\/grzegorzjaszczura.pl\/wp-content\/uploads\/2013\/06\/2013.05.01-150x150.jpg\" alt=\"\" width=\"150\" height=\"150\" \/><\/a>Co robi\u0105 <span style=\"color: #ff0000;\">w\u0142adze miasta D\u0105browa G\u00f3rnicza<\/span> na pochodzie pierwszomajowym? Odpowied\u017a znajdziesz Drogi Czytelniku tu: <a href=\"http:\/\/grzegorzjaszczura.pl\/?p=23942#more-23942\">http:\/\/grzegorzjaszczura.pl\/?p=23942#more-23942<\/a>. (\u0179r\u00f3d\u0142o foto pochodu: http:\/\/www.youtube.com\/watch?feature=player_embedded&amp;v=5Dh1hATTgfA.).<\/p>\n","protected":false},"excerpt":{"rendered":"<p>25 czerwca odby\u0142 si\u0119, w jednej z sal Muzeum Miejskiego &#8222;Sztygarka&#8221;, bardzo ciekawy wyk\u0142ad Pana Leszka \u017bebrowskiego &#8222;Narodowe Si\u0142y Zbrojne a ludno\u015b\u0107 cywilna&#8221;. S\u0142uchacze mogli r\u00f3wnie\u017c zadawa\u0107 pytania kombatantowi NSZ, porucznikowi Stanis\u0142awowi Turskiemu, ps. Czarnocha.<\/p>\n","protected":false},"author":2,"featured_media":0,"comment_status":"open","ping_status":"open","sticky":false,"template":"","format":"standard","meta":{"_monsterinsights_skip_tracking":false,"_monsterinsights_sitenote_active":false,"_monsterinsights_sitenote_note":"","_monsterinsights_sitenote_category":0,"footnotes":""},"categories":[6],"tags":[],"class_list":["post-24436","post","type-post","status-publish","format-standard","hentry","category-bez-cenzury"],"_links":{"self":[{"href":"https:\/\/grzegorzjaszczura.pl\/index.php?rest_route=\/wp\/v2\/posts\/24436","targetHints":{"allow":["GET"]}}],"collection":[{"href":"https:\/\/grzegorzjaszczura.pl\/index.php?rest_route=\/wp\/v2\/posts"}],"about":[{"href":"https:\/\/grzegorzjaszczura.pl\/index.php?rest_route=\/wp\/v2\/types\/post"}],"author":[{"embeddable":true,"href":"https:\/\/grzegorzjaszczura.pl\/index.php?rest_route=\/wp\/v2\/users\/2"}],"replies":[{"embeddable":true,"href":"https:\/\/grzegorzjaszczura.pl\/index.php?rest_route=%2Fwp%2Fv2%2Fcomments&post=24436"}],"version-history":[{"count":59,"href":"https:\/\/grzegorzjaszczura.pl\/index.php?rest_route=\/wp\/v2\/posts\/24436\/revisions"}],"predecessor-version":[{"id":24527,"href":"https:\/\/grzegorzjaszczura.pl\/index.php?rest_route=\/wp\/v2\/posts\/24436\/revisions\/24527"}],"wp:attachment":[{"href":"https:\/\/grzegorzjaszczura.pl\/index.php?rest_route=%2Fwp%2Fv2%2Fmedia&parent=24436"}],"wp:term":[{"taxonomy":"category","embeddable":true,"href":"https:\/\/grzegorzjaszczura.pl\/index.php?rest_route=%2Fwp%2Fv2%2Fcategories&post=24436"},{"taxonomy":"post_tag","embeddable":true,"href":"https:\/\/grzegorzjaszczura.pl\/index.php?rest_route=%2Fwp%2Fv2%2Ftags&post=24436"}],"curies":[{"name":"wp","href":"https:\/\/api.w.org\/{rel}","templated":true}]}}