{"id":24440,"date":"2013-07-08T13:57:39","date_gmt":"2013-07-08T06:57:39","guid":{"rendered":"http:\/\/grzegorzjaszczura.pl\/?p=24440"},"modified":"2024-04-23T13:35:53","modified_gmt":"2024-04-23T11:35:53","slug":"wirus-socjalizmu","status":"publish","type":"post","link":"https:\/\/grzegorzjaszczura.pl\/?p=24440","title":{"rendered":"Wirus socjalizmu"},"content":{"rendered":"<p style=\"text-align: justify;\"><a href=\"http:\/\/grzegorzjaszczura.pl\/http:\/\/grzegorzjaszczura.pl\/wp-content\/uploads\/2012\/09\/zakaz-skretu.jpg\"><img loading=\"lazy\" decoding=\"async\" class=\"alignnone size-full wp-image-67127\" src=\"http:\/\/grzegorzjaszczura.pl\/http:\/\/grzegorzjaszczura.pl\/wp-content\/uploads\/2012\/09\/zakaz-skretu.jpg\" alt=\"\" width=\"120\" height=\"120\" \/><\/a>Dlaczego, podobno cywilizowany \u015bwiat, w tym w szczeg\u00f3lno\u015bci Europa, zmierza ku zag\u0142adzie cywilizacyjnej spr\u00f3bowa\u0142 odpowiedzie\u0107 kol. <strong>Tomasz Forto\u0144ski<\/strong> z oddzia\u0142u d\u0105browskiego <strong>Kongresu <span style=\"color: #ff0000;\">Nowej<\/span> <span style=\"color: #0000ff;\">Prawicy<\/span><\/strong>. Lewicowcy nie zrozumiej\u0105 przes\u0142ania, a szkoda. Ale pr\u00f3bowa\u0107 ich przekonywa\u0107 trzeba. Takie jest m.in. zadanie<!--more--> naszych konserwatywno-wolno\u015bciowych idei.<\/p>\n<p style=\"text-align: justify;\"><strong>Wirus socjalizmu:<\/strong><\/p>\n<p style=\"text-align: justify;\"><span style=\"color: #0000ff;\"> <a href=\"http:\/\/grzegorzjaszczura.pl\/http:\/\/grzegorzjaszczura.pl\/wp-content\/uploads\/2013\/07\/201307022062.jpg\"><img loading=\"lazy\" decoding=\"async\" class=\"alignleft size-thumbnail wp-image-24531\" title=\"201307022062\" src=\"http:\/\/grzegorzjaszczura.pl\/http:\/\/grzegorzjaszczura.pl\/wp-content\/uploads\/2013\/07\/201307022062-150x150.jpg\" alt=\"\" width=\"150\" height=\"150\" \/><\/a>&#8222;Wielka epidemia d\u017cumy, kt\u00f3ra przetoczy\u0142a si\u0119 przez Europ\u0119 wiek\u00f3w \u015brednich, by\u0142a jedn\u0105 z najwi\u0119kszych katastrof w historii starego kontynentu. Przynios\u0142a \u015bmier\u0107 dziesi\u0105tkom milion\u00f3w ludzi. Od tego czasu ogniska cholery z coraz mniejsz\u0105 intensywno\u015bci\u0105 (cho\u0107 zd\u0105\u017ca\u0142y si\u0119 wyj\u0105tki) wybucha\u0142y w r\u00f3\u017cnych miejscach \u015bwiata.<\/span><\/p>\n<p style=\"text-align: justify;\"><span style=\"color: #0000ff;\">Jednak\u017ce ludzko\u015b\u0107, mniej wi\u0119cej od po\u0142owy XVIII wieku, zaatakowa\u0142 o wiele gro\u017aniejszy wirus, wywo\u0142uj\u0105cy swoist\u0105 ,,now\u0105 d\u017cum\u0119\u2019\u2019. <strong>Tym wirusem jest socjalizm.<\/strong> Bakteria ta jest \u015bmiertelnie gro\u017ana, poniewa\u017c poprzez ci\u0105g\u0142e mutacje jest praktycznie nie do poskromienia. Ofiary tej <strong>pandemii<\/strong> (to okre\u015blenie dobrze oddaje globaln\u0105 skal\u0119 tego zjawiska), id\u0105 ju\u017c w setki milion\u00f3w istnie\u0144 ludzkich. <strong>Ta wsp\u00f3\u0142czesna d\u017cuma wsz\u0119dzie tam gdzie si\u0119 pojawia przynosi natychmiastowe zubo\u017cenie<\/strong> (patrz: \u017cycie na kredycie, niczym niepohamowana konsumpcja, przerzucanie d\u0142ug\u00f3w na inne pokolenia), zapa\u015b\u0107 demograficzn\u0105 (patrz: przymusowy system emerytalny, aborcja, eutanazja), zepsucie obyczaj\u00f3w i zdziczenie ludzi (patrz: prawa cz\u0142owieka, prawa dla mniejszo\u015bci seksualnych, prawa dla zwierz\u0105t, pogarda dla tradycji, rozbicie rodziny, dzielenie spo\u0142ecze\u0144stwa na dobrych i na wrog\u00f3w itp.), cofni\u0119cie kulturalne i intelektualne (patrz: kultura dla mas, przekraczanie w tw\u00f3rczo\u015bci wszelkich dopuszczalnych granic, w\u0105tpliwe autorytety moralne itp.) czy bestialstwo (patrz: terror).<\/span><\/p>\n<p style=\"text-align: justify;\"><strong><span style=\"color: #0000ff;\">Objawy choroby wywo\u0142anej tym wirusem s\u0105 typowe: brak logicznego i krytycznego my\u015blenia, wojuj\u0105cy antyklerykalizm, nienawi\u015b\u0107 do wolnego rynku i konkurencji, ch\u0142oni\u0119cie jak g\u0105bka ka\u017cdej informacji z mass medi\u00f3w, wiara w ,,bezp\u0142atne\u2019\u2019 us\u0142ugi \u015bwiadczone przez pa\u0144stwo opieku\u0144cze, pok\u0142adanie nadziei w urz\u0119dnikach, postawa i zachowanie typowo roszczeniowe, socjalnie, itp.<\/span><\/strong><\/p>\n<p style=\"text-align: justify;\"><span style=\"color: #0000ff;\"><em><a href=\"http:\/\/grzegorzjaszczura.pl\/http:\/\/grzegorzjaszczura.pl\/wp-content\/uploads\/2013\/07\/SKMBT_C20313070208452.jpg\"><span style=\"color: #0000ff;\"><img loading=\"lazy\" decoding=\"async\" class=\"alignleft size-thumbnail wp-image-24519\" title=\"SKMBT_C20313070208452\" src=\"http:\/\/grzegorzjaszczura.pl\/http:\/\/grzegorzjaszczura.pl\/wp-content\/uploads\/2013\/07\/SKMBT_C20313070208452-150x150.jpg\" alt=\"\" width=\"150\" height=\"150\" \/><\/span><\/a><strong>Panaceum<\/strong><\/em><strong> przeciw wszystkim odmianom tej choroby jest tylko jedne.<\/strong> Odtrutk\u0119 t\u0105 stanowi konserwatywno-wolno\u015bciowa publicystyka, kt\u00f3ra dla przeci\u0119tnego zjadacza chleba na pierwszy rzut oka mo\u017ce wydawa\u0107 si\u0119 jak\u0105\u015b tajemn\u0105 wiedz\u0105. Niestety w tym przypadku nie ma \u017cart\u00f3w. <strong>Je\u015bli chcemy jako ludzko\u015b\u0107 przetrwa\u0107\u00a0 musimy zacisn\u0105\u0107 z\u0119by i przebrn\u0105\u0107 przez co najmniej kilka podstawowych pozycji.<\/strong><\/span><\/p>\n<p style=\"text-align: justify;\"><span style=\"text-decoration: underline;\"><span style=\"color: #0000ff; text-decoration: underline;\">Na pocz\u0105tek niech to b\u0119d\u0105:<\/span><\/span><\/p>\n<p style=\"text-align: justify;\"><span style=\"color: #0000ff;\"><strong>Fryderyk von Hayek<\/strong> \u2013 <em><strong>Droga do zniewolenia<\/strong><\/em>, <em><strong>Konstytucja wolno\u015bci<\/strong><\/em>;<\/span><\/p>\n<p style=\"text-align: justify;\"><span style=\"color: #0000ff;\"><strong> Milton Friedman<\/strong> \u2013 <em><strong>Wolny wyb\u00f3r<\/strong><\/em>;<\/span><\/p>\n<p style=\"text-align: justify;\"><span style=\"color: #0000ff;\"><strong>Fryderyk Bastiat<\/strong> \u2013 <em><strong>Dzie\u0142a zebrane<\/strong><\/em>,<\/span><\/p>\n<p style=\"text-align: justify;\"><span style=\"color: #0000ff;\"><strong>Henryk Hazllit<\/strong> \u2013 <em><strong>Cofni\u0119cie czasu<\/strong><\/em>, <em><strong>Ekonomia w jednej lekcji<\/strong><\/em>;<\/span><\/p>\n<p style=\"text-align: justify;\"><span style=\"color: #0000ff;\"><a href=\"http:\/\/grzegorzjaszczura.pl\/?p=17777#more-17777\"><span style=\"color: #0000ff;\"><strong>Ludwik von Mises<\/strong><\/span><\/a> \u2013 <em><strong>Socjalizm<\/strong><\/em>;<\/span><\/p>\n<p style=\"text-align: justify;\"><span style=\"color: #0000ff;\"><strong>Scholland Ken<\/strong> \u2013 <a href=\"http:\/\/grzegorzjaszczura.pl\/?p=16033#more-16033\"><span style=\"color: #0000ff;\"><em><strong>Przygody Jonatana<\/strong><\/em><\/span><\/a>;<\/span><\/p>\n<p style=\"text-align: justify;\"><span style=\"color: #0000ff;\"><a href=\"http:\/\/grzegorzjaszczura.pl\/?p=13790#more-13790\"><span style=\"color: #0000ff;\"><strong>Stanis\u0142aw Michalkiewicz<\/strong><\/span><\/a> \u2013 <em><strong>Dobry z\u0142y liberalizm<\/strong><\/em>;<\/span><\/p>\n<p style=\"text-align: justify;\"><span style=\"color: #0000ff;\"><strong>Tadeusz P\u0142u\u017ca\u0144ski<\/strong> \u2013 <em><strong>Bestie cz. I i II<\/strong><\/em>.<\/span><\/p>\n<p style=\"text-align: justify;\"><span style=\"color: #0000ff;\"><a href=\"http:\/\/grzegorzjaszczura.pl\/http:\/\/grzegorzjaszczura.pl\/wp-content\/uploads\/2013\/07\/201307022074.jpg\"><img loading=\"lazy\" decoding=\"async\" class=\"alignleft size-thumbnail wp-image-24532\" title=\"201307022074\" src=\"http:\/\/grzegorzjaszczura.pl\/http:\/\/grzegorzjaszczura.pl\/wp-content\/uploads\/2013\/07\/201307022074-150x150.jpg\" alt=\"\" width=\"150\" height=\"150\" \/><\/a>Gwarantuj\u0119, \u017ce z ka\u017cd\u0105 kolejn\u0105 pozycj\u0105 b\u0119dziemy czu\u0107 si\u0119 lepiej, a\u017c w ko\u0144cu zdo\u0142amy przejrze\u0107 na oczy i dostrzec, jak\u0105 rzeczywisto\u015b\u0107 zgotowali nam ci co ,,tylko przecie\u017c walcz\u0105 o szlachetne idea\u0142y\u2019\u2019. Pomimo tego ostatnimi czasy daj\u0119 si\u0119 zaobserwowa\u0107 pewien promyk nadziei, a to za spraw\u0105 budzenia si\u0119 z letargu pokolenia m\u0142odych, kt\u00f3re najwidoczniej ma ju\u017c serdecznie do\u015b\u0107 tej ca\u0142ej politpoprawnej tresury. Trzeba mie\u0107 tylko g\u0142\u0119bok\u0105 nadziej\u0119, \u017ce \u015bwiadomo\u015b\u0107 tego, jacy ludzie stanowi\u0105 dzisiaj elit\u0119 narodu oraz jak\u0105 wyznaj\u0105 ideologi\u0119, b\u0119dzie przenika\u0107 w coraz szersze kr\u0119gi spo\u0142ecze\u0144stwa.<\/span><\/p>\n<p style=\"text-align: justify;\"><span style=\"color: #0000ff;\">Nie dajmy sobie wm\u00f3wi\u0107, \u017ce nie jeste\u015bmy<strong> Polakami<\/strong> tylko Europejczykami, czyli tak naprawd\u0119 zmutowan\u0105 wersj\u0105 <span style=\"color: #ff0000;\"><em>homo sovieticusa<\/em><\/span>. Wielki Polak <strong>Roman Dmowski<\/strong> pisa\u0142 wyra\u017anie: <strong>,,Jestem Polakiem i obowi\u0105zki mam polskie. S\u0105 one tym wi\u0119ksze, i tym silniej si\u0119 do nich poczuwam im bardziej wzrasta we mnie \u015bwiadomo\u015b\u0107 narodowa\u2019\u2019<\/strong>. Pami\u0119tajmy o tym!<\/span><\/p>\n<p style=\"text-align: justify;\"><span style=\"color: #0000ff;\"><strong>Ps<\/strong> Dla chc\u0105cych polecam opowiadanie <em><strong>,,Czerwona gor\u0105czka\u2019\u2019<\/strong><\/em> z antologii pod tym samym tytu\u0142em autorstwa <strong>Andrzeja Pilipiuka<\/strong>.&#8221;<\/span><\/p>\n<p style=\"text-align: right;\"><span style=\"color: #0000ff;\"><strong><em>Tomasz Forto\u0144ski<\/em><\/strong><\/span><\/p>\n","protected":false},"excerpt":{"rendered":"<p>Dlaczego, podobno cywilizowany \u015bwiat, w tym w szczeg\u00f3lno\u015bci Europa, zmierza ku zag\u0142adzie cywilizacyjnej spr\u00f3bowa\u0142 odpowiedzie\u0107 kol. Tomasz Forto\u0144ski z oddzia\u0142u d\u0105browskiego Kongresu Nowej Prawicy. Lewicowcy nie zrozumiej\u0105 przes\u0142ania, a szkoda. Ale pr\u00f3bowa\u0107 ich przekonywa\u0107 trzeba. Takie jest m.in. zadanie<\/p>\n","protected":false},"author":2,"featured_media":0,"comment_status":"open","ping_status":"open","sticky":false,"template":"","format":"standard","meta":{"_monsterinsights_skip_tracking":false,"_monsterinsights_sitenote_active":false,"_monsterinsights_sitenote_note":"","_monsterinsights_sitenote_category":0,"footnotes":""},"categories":[3],"tags":[],"class_list":["post-24440","post","type-post","status-publish","format-standard","hentry","category-polityczne"],"_links":{"self":[{"href":"https:\/\/grzegorzjaszczura.pl\/index.php?rest_route=\/wp\/v2\/posts\/24440","targetHints":{"allow":["GET"]}}],"collection":[{"href":"https:\/\/grzegorzjaszczura.pl\/index.php?rest_route=\/wp\/v2\/posts"}],"about":[{"href":"https:\/\/grzegorzjaszczura.pl\/index.php?rest_route=\/wp\/v2\/types\/post"}],"author":[{"embeddable":true,"href":"https:\/\/grzegorzjaszczura.pl\/index.php?rest_route=\/wp\/v2\/users\/2"}],"replies":[{"embeddable":true,"href":"https:\/\/grzegorzjaszczura.pl\/index.php?rest_route=%2Fwp%2Fv2%2Fcomments&post=24440"}],"version-history":[{"count":42,"href":"https:\/\/grzegorzjaszczura.pl\/index.php?rest_route=\/wp\/v2\/posts\/24440\/revisions"}],"predecessor-version":[{"id":67146,"href":"https:\/\/grzegorzjaszczura.pl\/index.php?rest_route=\/wp\/v2\/posts\/24440\/revisions\/67146"}],"wp:attachment":[{"href":"https:\/\/grzegorzjaszczura.pl\/index.php?rest_route=%2Fwp%2Fv2%2Fmedia&parent=24440"}],"wp:term":[{"taxonomy":"category","embeddable":true,"href":"https:\/\/grzegorzjaszczura.pl\/index.php?rest_route=%2Fwp%2Fv2%2Fcategories&post=24440"},{"taxonomy":"post_tag","embeddable":true,"href":"https:\/\/grzegorzjaszczura.pl\/index.php?rest_route=%2Fwp%2Fv2%2Ftags&post=24440"}],"curies":[{"name":"wp","href":"https:\/\/api.w.org\/{rel}","templated":true}]}}