{"id":24838,"date":"2013-08-13T13:00:12","date_gmt":"2013-08-13T06:00:12","guid":{"rendered":"http:\/\/grzegorzjaszczura.pl\/?p=24838"},"modified":"2013-08-13T15:38:24","modified_gmt":"2013-08-13T08:38:24","slug":"nowa-prawica-ofe","status":"publish","type":"post","link":"https:\/\/grzegorzjaszczura.pl\/?p=24838","title":{"rendered":"Nowa Prawica &#8211; OFE"},"content":{"rendered":"<p style=\"text-align: justify;\"><a href=\"http:\/\/grzegorzjaszczura.pl\/http:\/\/grzegorzjaszczura.pl\/wp-content\/uploads\/2013\/08\/Sosnowiec-2013-05-14-39.jpg\"><img loading=\"lazy\" decoding=\"async\" class=\"alignleft size-thumbnail wp-image-24853\" title=\"Sosnowiec 2013-05-14 (39)\" src=\"http:\/\/grzegorzjaszczura.pl\/http:\/\/grzegorzjaszczura.pl\/wp-content\/uploads\/2013\/08\/Sosnowiec-2013-05-14-39-150x150.jpg\" alt=\"\" width=\"150\" height=\"150\" \/><\/a>Otrzyma\u0142em, mo\u017cna nawet napisa\u0107, \u017ce dramatyczny apel, jednego z mieszka\u0144c\u00f3w Pa\u0144stwa Polskiego o przeciwstawienie si\u0119 kradzie\u017cy pieni\u0119dzy Polak\u00f3w, zgromadzonych przez obywateli w <strong>OFE<\/strong>, przez tzw. rz\u0105d polski. Tak si\u0119 sk\u0142ada, \u017ce autorem apelu jest cz\u0142onek<strong> Kongresu <span style=\"color: #0000ff;\">Nowej<\/span> <span style=\"color: #ff0000;\">Prawicy<\/span><\/strong>, p. <strong>Grzegorz Sowa<\/strong>, mieszkaniec Piotrkowa Trybunalskiego, kt\u00f3ry jaki\u015b czas temu odm\u00f3wi\u0142 ju\u017c p\u0142acenia &#8222;podatku&#8221;,<!--more--> m.in. na biurwy i gmachy <span style=\"color: #ff0000;\"><strong>ZUS<\/strong>u<\/span>. <strong>G. Sowa<\/strong> uwa\u017ca, oczywi\u015bcie s\u0142usznie, \u017ce <strong>OFE<\/strong> jako instytucje nie s\u0142u\u017c\u0105 dobrze Polakom i <strong>nale\u017cy doprowadzi\u0107 do zwrotu<\/strong> <strong>pieni\u0119dzy<\/strong> <strong>OFE<\/strong>, <strong>ich prawowitym w\u0142a\u015bcicielom, czyli obywatelom Polski<\/strong>.<\/p>\n<p style=\"text-align: justify;\"><span style=\"text-decoration: underline;\">Proponuje on podj\u0119cie nast\u0119puj\u0105cych dzia\u0142a\u0144:<\/span><\/p>\n<p style=\"text-align: justify;\"><em>1. Wys\u0142anie do wszystkich pos\u0142\u00f3w i pos\u0142anek do <span style=\"color: #ff0000;\">Sejmu<strong> RP<\/strong><\/span> e-mail-i z informacj\u0105, \u017ce nie wyra\u017caj\u0105 Pa\u0144stwo zgody na kradzie\u017c (nacjonalizacj\u0119) pieni\u0119dzy obywateli zgromadzonych w <strong>OFE<\/strong> przez rz\u0105d polski. Jednocze\u015bnie w mail-u powinno by\u0107 \u017c\u0105danie zwrotu (ustawowego) tych pieni\u0119dzy w\u0142a\u015bcicielom, tzn. obywatelom, kt\u00f3rzy wp\u0142acili pod przymusem pieni\u0105dze do <strong>OFE<\/strong>, za po\u015brednictwem <span style=\"color: #ff0000;\"><strong>ZUS<\/strong><\/span> <\/em>(w ko\u0144cu przecie\u017c tak by\u0142o &#8211; przyp. m\u00f3j)<em>.\u00a0<\/em><\/p>\n<p style=\"text-align: justify;\"><em>2. Zademonstrowanie pod biurami poselskimi na terenie ca\u0142ej Polski braku zgody na rz\u0105dow\u0105 kradzie\u017c naszych pieni\u0119dzy w postaci pikiet lub demonstracji.<\/em><\/p>\n<p style=\"text-align: justify;\"><em>3. Demonstracj\u0119 pod Sejmem niezadowolenia z uchwalenia ustawy o kradzie\u017cy naszych pieni\u0119dzy przez panuj\u0105c\u0105 klas\u0119 polityczn\u0105, najlepiej pod has\u0142em:<span style=\"color: #0000ff;\"><strong> <em>\u201ePos\u0142anko i po\u015ble \u2013 nie kradnijcie naszych pieni\u0119dzy z OFE, oddajcie je prawowitym w\u0142a\u015bcicielom, czyli obywatelom\u201d<\/em><\/strong><\/span>.<\/em><\/p>\n<p style=\"text-align: justify;\"><a href=\"http:\/\/grzegorzjaszczura.pl\/http:\/\/grzegorzjaszczura.pl\/wp-content\/uploads\/2013\/08\/Sosnowiec-2013-05-14-59.jpg\"><img loading=\"lazy\" decoding=\"async\" class=\"alignleft size-thumbnail wp-image-24854\" title=\"Sosnowiec 2013-05-14 (59)\" src=\"http:\/\/grzegorzjaszczura.pl\/http:\/\/grzegorzjaszczura.pl\/wp-content\/uploads\/2013\/08\/Sosnowiec-2013-05-14-59-150x150.jpg\" alt=\"\" width=\"150\" height=\"150\" \/><\/a><em>Dla wszystkich ju\u017c chyba jest oczywiste, \u017ce obecna klasa polityczna nie jest reprezentantem interes\u00f3w <strong>Narodu Polskiego<\/strong>. Klasa polityczna dba tylko i wy\u0142\u0105cznie o swoje partykularne interesy, zachowanie w\u0142adzy, przywileje, o swoj\u0105 wysok\u0105 stop\u0119 \u017cyciow\u0105, zreszt\u0105 kosztem reszty spo\u0142ecze\u0144stwa. Czy my jako obywatele mo\u017cemy si\u0119 dalej godzi\u0107 na to \u2013 uwa\u017cam, \u017ce nie mo\u017cemy! <\/em>&#8211; argumentuje <strong>G. Sowa<\/strong>.<\/p>\n<p style=\"text-align: justify;\"><em>Rz\u0105d w osobach Pana premiera <strong>Donalda Tuska<\/strong> i Pana wicepremiera <strong>Jacka Rostowskiego<\/strong>, \u017ceby ukry\u0107 swoj\u0105 nieudolno\u015b\u0107 czy wr\u0119cz nier\u00f3bstwo, prowadz\u0105ce do bankructwa pa\u0144stwa, postanowi\u0142 okra\u015b\u0107 nas obywateli z naszych pieni\u0119dzy, nadaj\u0105c temu pozory prawa. <strong>Chc\u0105 oni zabra\u0107 pieni\u0105dze Polak\u00f3w<\/strong> zgromadzone w <strong>OFE<\/strong> i <strong>z got\u00f3wki zrobi\u0107 bezwarto\u015bciowy zapis ksi\u0119gowy<\/strong>. Uwa\u017cam, \u017ce tylko obywatele , kt\u00f3rzy wp\u0142acali pieni\u0105dze do <strong>OFE<\/strong>, za po\u015brednictwem <span style=\"color: #ff0000;\">ZUS<\/span>, zreszt\u0105 przymusowo, maj\u0105 prawo zdecydowa\u0107 co z t\u0105 got\u00f3wka zrobi\u0107. Uwa\u017cam, \u017ce ludzie powinni mie\u0107 mo\u017cliwo\u015b\u0107 odebra\u0107 swoje pieni\u0105dze z <strong>OFE<\/strong> i przeznaczy\u0107 na dowolny cel. Takie uchwalanie prawa by\u0142oby dowodem na reprezentatywno\u015b\u0107 elit politycznych wobec narodu. Czy obecna klasa polityczna b\u0119dzie uchwala\u0142a w taki spos\u00f3b prawo? Przyk\u0142ad sposobu w jaki podniesiono wiek emerytalny oraz zlikwidowano pierwszy pr\u00f3g ostro\u017cno\u015bciowy dowodzi , \u017ce nie.<\/em><\/p>\n<p style=\"text-align: justify;\"><em>Musimy podj\u0105\u0107 dzia\u0142ania zmierzaj\u0105ce do udowodnienia \u201eelitom w\u0142adzy\u201d, \u017ce to my spo\u0142ecze\u0144stwo jeste\u015bmy decydentem w naszym kraju, a wybrani reprezentanci narodu maj\u0105 by\u0107 naszymi s\u0142u\u017c\u0105cymi, a nie panami jak jest obecne.<\/em><\/p>\n<p style=\"text-align: justify;\"><em>Powy\u017cej opisane dzia\u0142ania b\u0119dzie pierwszym krokiem na drodze do odzyskania kontroli nad naszym krajem przez nas obywateli.<\/em><\/p>\n<p style=\"text-align: justify;\"><em><strong>Grzegorz Sowa<\/strong>, e-mail : <a href=\"mailto:normalnykraj@op.pl\">normalnykraj@op.pl<\/a>, tel. 603 78 32 45,<\/em><\/p>\n<p style=\"text-align: justify;\"><em>Piotrk\u00f3w Trybunalski, dnia\u00a0 31 lipca 2013.<\/em><\/p>\n<p style=\"text-align: justify;\"><span style=\"color: #0000ff;\"><strong>\u015awi\u0119te s\u0142owa! Alternatywy s\u0105 dwie: albo interes finansjery unioeuropejskiej i \u015bwiatowej, albo interes Narodu Polskiego, czyli Polak\u00f3w! <\/strong><\/span><\/p>\n<p style=\"text-align: justify;\"><span style=\"color: #0000ff;\"><strong>POLACY WYBIERAJCIE!<br \/>\n<\/strong><\/span><\/p>\n<p style=\"text-align: justify;\"><a href=\"http:\/\/grzegorzjaszczura.pl\/http:\/\/grzegorzjaszczura.pl\/wp-content\/uploads\/2013\/08\/SKMBT_C20312021611250.jpg\"><img loading=\"lazy\" decoding=\"async\" class=\"alignleft size-thumbnail wp-image-24855\" title=\"SKMBT_C20312021611250\" src=\"http:\/\/grzegorzjaszczura.pl\/http:\/\/grzegorzjaszczura.pl\/wp-content\/uploads\/2013\/08\/SKMBT_C20312021611250-150x150.jpg\" alt=\"\" width=\"150\" height=\"150\" \/><\/a><a href=\"http:\/\/grzegorzjaszczura.pl\/http:\/\/grzegorzjaszczura.pl\/wp-content\/uploads\/2013\/08\/SKMBT_C20312021611251.jpg\"><img loading=\"lazy\" decoding=\"async\" class=\"alignleft size-thumbnail wp-image-24856\" title=\"SKMBT_C20312021611251\" src=\"http:\/\/grzegorzjaszczura.pl\/http:\/\/grzegorzjaszczura.pl\/wp-content\/uploads\/2013\/08\/SKMBT_C20312021611251-150x150.jpg\" alt=\"\" width=\"150\" height=\"150\" \/><\/a><\/p>\n","protected":false},"excerpt":{"rendered":"<p>Otrzyma\u0142em, mo\u017cna nawet napisa\u0107, \u017ce dramatyczny apel, jednego z mieszka\u0144c\u00f3w Pa\u0144stwa Polskiego o przeciwstawienie si\u0119 kradzie\u017cy pieni\u0119dzy Polak\u00f3w, zgromadzonych przez obywateli w OFE, przez tzw. rz\u0105d polski. Tak si\u0119 sk\u0142ada, \u017ce autorem apelu jest cz\u0142onek Kongresu Nowej Prawicy, p. Grzegorz Sowa, mieszkaniec Piotrkowa Trybunalskiego, kt\u00f3ry jaki\u015b czas temu odm\u00f3wi\u0142 ju\u017c p\u0142acenia &#8222;podatku&#8221;,<\/p>\n","protected":false},"author":2,"featured_media":0,"comment_status":"open","ping_status":"open","sticky":false,"template":"","format":"standard","meta":{"_monsterinsights_skip_tracking":false,"_monsterinsights_sitenote_active":false,"_monsterinsights_sitenote_note":"","_monsterinsights_sitenote_category":0,"footnotes":""},"categories":[3],"tags":[],"class_list":["post-24838","post","type-post","status-publish","format-standard","hentry","category-polityczne"],"_links":{"self":[{"href":"https:\/\/grzegorzjaszczura.pl\/index.php?rest_route=\/wp\/v2\/posts\/24838","targetHints":{"allow":["GET"]}}],"collection":[{"href":"https:\/\/grzegorzjaszczura.pl\/index.php?rest_route=\/wp\/v2\/posts"}],"about":[{"href":"https:\/\/grzegorzjaszczura.pl\/index.php?rest_route=\/wp\/v2\/types\/post"}],"author":[{"embeddable":true,"href":"https:\/\/grzegorzjaszczura.pl\/index.php?rest_route=\/wp\/v2\/users\/2"}],"replies":[{"embeddable":true,"href":"https:\/\/grzegorzjaszczura.pl\/index.php?rest_route=%2Fwp%2Fv2%2Fcomments&post=24838"}],"version-history":[{"count":30,"href":"https:\/\/grzegorzjaszczura.pl\/index.php?rest_route=\/wp\/v2\/posts\/24838\/revisions"}],"predecessor-version":[{"id":24948,"href":"https:\/\/grzegorzjaszczura.pl\/index.php?rest_route=\/wp\/v2\/posts\/24838\/revisions\/24948"}],"wp:attachment":[{"href":"https:\/\/grzegorzjaszczura.pl\/index.php?rest_route=%2Fwp%2Fv2%2Fmedia&parent=24838"}],"wp:term":[{"taxonomy":"category","embeddable":true,"href":"https:\/\/grzegorzjaszczura.pl\/index.php?rest_route=%2Fwp%2Fv2%2Fcategories&post=24838"},{"taxonomy":"post_tag","embeddable":true,"href":"https:\/\/grzegorzjaszczura.pl\/index.php?rest_route=%2Fwp%2Fv2%2Ftags&post=24838"}],"curies":[{"name":"wp","href":"https:\/\/api.w.org\/{rel}","templated":true}]}}