{"id":24979,"date":"2013-09-03T13:49:01","date_gmt":"2013-09-03T06:49:01","guid":{"rendered":"http:\/\/grzegorzjaszczura.pl\/?p=24979"},"modified":"2025-06-24T11:40:52","modified_gmt":"2025-06-24T09:40:52","slug":"komuna-smieciowa","status":"publish","type":"post","link":"https:\/\/grzegorzjaszczura.pl\/?p=24979","title":{"rendered":"Komuna \u015bmieciowa"},"content":{"rendered":"<p style=\"text-align: justify;\"><a href=\"http:\/\/grzegorzjaszczura.pl\/http:\/\/grzegorzjaszczura.pl\/wp-content\/uploads\/2013\/08\/201308112382.jpg\"><img loading=\"lazy\" decoding=\"async\" class=\"alignleft size-thumbnail wp-image-24982\" title=\"201308112382\" src=\"http:\/\/grzegorzjaszczura.pl\/http:\/\/grzegorzjaszczura.pl\/wp-content\/uploads\/2013\/08\/201308112382-150x150.jpg\" alt=\"\" width=\"150\" height=\"150\" \/><\/a>Jako\u015b znowu media polskoj\u0119zyczne, nie by\u0142y \u0142askawe zauwa\u017cy\u0107, \u017ce w kolejnej dziedzinie, socjalistom z rz\u0105du <span style=\"color: #ff0000;\">PO-PSL<\/span>, uda\u0142o si\u0119 wprowadzi\u0107 daleko posuni\u0119t\u0105 komun\u0119. Bo nowa ustawa, tzw. \u015bmieciowa, kt\u00f3ra obowi\u0105zuje od 1 lipca tr. doprowadzi\u0142a do ca\u0142kowitej likwidacji konkurencji w gminach w dziedzinie usuwania \u015bmieci wytwarzanych przez mieszka\u0144c\u00f3w. Jak to z &#8222;osi\u0105gni\u0119ciami&#8221; komunist\u00f3w bywa,<!--more--> jest wiele ubocznych negatywnych konsekwencji, kt\u00f3re najbardziej odczuwaj\u0105 zwykli obywatele.<\/p>\n<p style=\"text-align: justify;\">Co do D\u0105browy G\u00f3rniczej, to bardzo wg mnie popieraj\u0105cy komunizm Prezydent <strong>Z. Podraza<\/strong> (<span style=\"color: #ff0000;\">PZPR<\/span>, <span style=\"color: #ff0000;\">SdRP<\/span>, <span style=\"color: #ff0000;\">SLD<\/span>), od kilku ju\u017c lat przygotowywa\u0142 grunt, aby tylko jedna s\u0142uszna firma, najlepiej z kapita\u0142em niemieckim z <a href=\"http:\/\/www.alba.com.pl\/main\/index.html\">Alba Group<\/a>: <strong>Alba MPGK<\/strong>, mia\u0142a profity z gospodarki \u015bmieciowej w mie\u015bcie. \u017be przypomn\u0119, \u017ce nawet <a href=\"http:\/\/grzegorzjaszczura.pl\/?p=388#more-388\">nie potrafi\u0142 uniewa\u017cni\u0107 <\/a>swego czasu przetargu podwa\u017conego jednoznacznie przez eksperta (p. R. Skupi\u0144sk\u0105) i Komisj\u0119 Rewizyjn\u0105 Rady Miasta, przeprowadzonego niezgodnie z obowi\u0105zuj\u0105cym prawem. Ale przecie\u017c interes <strong>Alby<\/strong>, w kt\u00f3rej zarz\u0105dzie w D\u0105browie G\u00f3rniczej znajduje si\u0119 z ramienia Gminy, m.in. by\u0142y lewicowy prezydent <strong>M. Lipczyk<\/strong> (<span style=\"color: #ff0000;\">PZPR<\/span>, <span style=\"color: #ff0000;\">&#8230;<\/span>, <span style=\"color: #ff0000;\">SLD<\/span>), by\u0142 wa\u017cniejszy. <strong>Alba<\/strong> i tak nie\u017ale si\u0119 zamota\u0142a, bo \u015bmiesznym by\u0142o sprzedanie wi\u0119kszo\u015bciowej cz\u0119\u015bci terenu (<em>nota bene<\/em> aportu Gminy do <strong>Alby <\/strong>jeszcze z 1996 r.), przy ul. Starocmentarnej, prawdopodobnie sp\u00f3\u0142ce powi\u0105zanej z &#8222;Silesia Expo&#8221;, a nast\u0119pnie poddzier\u017cawienie innego terenu pod baz\u0119 sprz\u0119tow\u0105 od prywaciarza w Go\u0142onogu. Przypomn\u0119, \u017ce we wspominanym powy\u017cej przetargu <strong>&#8222;Bracia Strach&#8221;<\/strong> nie mogli wystartowa\u0107, bo mieli tak\u0105\u017c baz\u0119 sprz\u0119tow\u0105 w odleg\u0142o\u015bci wi\u0119kszej ni\u017c 25 kilometr\u00f3w od Pl. Wolno\u015bci 1 w D\u0105browie G. (konkretnie posiadali takow\u0105 w Olkuszu). Takie by\u0142y wymogi <strong>SIWZ-u<\/strong>\u00a0 Prezydenta <strong>Z. Podrazy<\/strong>! Czy\u017c nie preferuj\u0105ce komunistyczny monopolizm?<\/p>\n<p style=\"text-align: justify;\">W wyniku takich jak wy\u017cej i podobnych dzia\u0142a\u0144 Z. Podrazy, <strong>Alba MPGK<\/strong> jest decydentem co do ceny za \u015bmieci w mie\u015bcie, a nie radni, jak by\u0107 mo\u017ce si\u0119 im wydaje.<\/p>\n<p style=\"text-align: justify;\"><a href=\"http:\/\/grzegorzjaszczura.pl\/http:\/\/grzegorzjaszczura.pl\/wp-content\/uploads\/2013\/08\/nr-1214-1215-1.jpg\"><img loading=\"lazy\" decoding=\"async\" class=\"alignleft size-thumbnail wp-image-24993\" title=\"nr-1214-1215 (1)\" src=\"http:\/\/grzegorzjaszczura.pl\/http:\/\/grzegorzjaszczura.pl\/wp-content\/uploads\/2013\/08\/nr-1214-1215-1-150x150.jpg\" alt=\"\" width=\"150\" height=\"150\" \/><\/a>Negatywne konsekwencje tzw. ustawy \u015bmieciowej, bardzo wnikliwie &#8211; jak zawsze, opisa\u0142 red. <strong>Tomasz Cukiernik<\/strong> w <strong>&#8222;Najwy\u017cszym Czasie&#8221;<\/strong> nr 1214-1215, w artykule <em><strong>&#8222;\u015amieciowy komunizm&#8221;<\/strong><\/em>.<\/p>\n<p style=\"text-align: justify;\"><span style=\"text-decoration: underline;\"><strong>T. Cukiernik<\/strong> zwr\u00f3ci\u0142 uwag\u0119 na wiele negatywnych aspekt\u00f3w tej komunistycznej ustawy:<\/span><\/p>\n<p style=\"text-align: justify;\">&#8211; na wej\u015bciu, delikatnie pisz\u0105c, nieporz\u0105dek przy zbieraniu \u015bmieci w wielu gminach,<\/p>\n<p style=\"text-align: justify;\">&#8211; dodatkowe koszty, kt\u00f3re ponosz\u0105 obywatele, np. konieczno\u015b\u0107 zakupu pojemnik\u00f3w czy work\u00f3w, akurat tej firmy, kt\u00f3ra zbiera odpady; koszty dzier\u017cawy, remontu, naprawy pojemnik\u00f3w na odpady, itp., kt\u00f3re nie s\u0105 obecnie w cenie us\u0142ugi,<\/p>\n<p style=\"text-align: justify;\">&#8211; w zwi\u0105zku z rzadszym odbiorem \u015bmieci plaga szczur\u00f3w &#8211; to ma i b\u0119dzie mia\u0142o tendencj\u0119 oczywi\u015bcie wzrostow\u0105,<\/p>\n<p style=\"text-align: justify;\">&#8211; znaczny wzrost ceny wywozu \u015bmieci, szczeg\u00f3lnie odczuwalny dla rodzin wielodzietnych i wielopokoleniowych,<\/p>\n<p style=\"text-align: justify;\">&#8211; astronomiczny rozrost biurokracji, w postaci nowych biurw, druk\u00f3w, ulotek. Co do tych papierowych wydawnictw, to zadziwiaj\u0105ce, \u017ce cicho siedz\u0105 lewicowi zieloni, bo powinni si\u0119 przykuwa\u0107 do pojemnik\u00f3w na \u015bmieci w obronie drzewostanu ci\u0119tego na ww. makulatur\u0119. Chyba s\u0105 inteligentni inaczej. Absurdem przy segregacji wydaje si\u0119 konieczno\u015b\u0107 odmaczania etykiety z butelki, co powoduje zu\u017cycie kilku litr\u00f3w wody, czyli koszt w stosunku do zysku znacz\u0105cy, na dodatek zap\u0142acony w wypadku D\u0105browy G\u00f3rniczej innemu niemieckiemu udzia\u0142owcowi w <strong>PWiK sp. z o.o.<\/strong>, tj. <strong>Aqua GmBH<\/strong> z Essen.<\/p>\n<p style=\"text-align: justify;\">&#8211; wzrost ilo\u015bci etat\u00f3w biurw, kt\u00f3re to biurwy b\u0119d\u0105 zarabia\u0107 po kilka tysi\u0119cy z\u0142otych z naszych podatk\u00f3w, nale\u017ca\u0142oby przeciwstawi\u0107 bankructwu tych przedsi\u0119biorstw, kt\u00f3re zosta\u0142y &#8222;kiwni\u0119te&#8221; w przetargach, przedsi\u0119biorstw z regu\u0142y mniejszych i z kapita\u0142em polskim(!), co warto czujnie podkre\u015bli\u0107. Powsta\u0142y nowe stanowiska, a z czasem pewnie i powstanie <strong>Stra\u017c \u015amieciowa<\/strong> (w skr\u00f3cie <strong>S\u015a<\/strong>, nie myli\u0107 z socjalistami niemieckimi z <span style=\"color: #ff0000;\"><strong>SS<\/strong><\/span>, acz te\u017c faszystami).<\/p>\n<p style=\"text-align: justify;\">Sama kontrola ilo\u015bci zamieszka\u0142ych (w danej posesji) mieszka\u0144c\u00f3w b\u0119dzie niew\u0105tpliwie \u0142ama\u0107 Konstytucj\u0119 RP i prawa cz\u0142owieka, ale jak w przypadku totalitaryzmu komunistycznego dla neokomunist\u00f3w nie b\u0119dzie to przecie\u017c problemem. Zobacz inne <a href=\"http:\/\/grzegorzjaszczura.pl\/?p=23942#more-23942\"><strong>\u0142amanie Konstytucji RP<\/strong><\/a> w D\u0105browie G\u00f3rniczej.<\/p>\n<p style=\"text-align: justify;\">&#8211; koszty segregacji \u015bmieci przewy\u017cszaj\u0105 korzy\u015bci. Ale to i tak drobiazg z tym, \u017ce np. segregacja szk\u0142a bez rozsegregowania na bia\u0142e, br\u0105zowe i zielone z punktu widzenia wykorzystania w hucie jest bezsensowna i bezcelowa. Akurat szk\u0142o si\u0119 potrzaska i jego rozdzielenie to olbrzymie logistyczne przedsi\u0119wzi\u0119cie.<\/p>\n<p style=\"text-align: justify;\"><span style=\"color: #0000ff;\"><strong>Chcia\u0142bym zauwa\u017cy\u0107, \u017ce k&#8217;woli uczciwo\u015bci transakcji, to przecie\u017c miasto powinno dop\u0142aca\u0107 obywatelowi za przeprowadzenie segregacji \u015bmieci! Aczkolwiek w komunach bywa inaczej :).<br \/>\n<\/strong><\/span><\/p>\n<p style=\"text-align: justify;\">Warto te\u017c wiedzie\u0107, \u017ce w Stanach Zjednoczonych segregacj\u0119 przeprowadza si\u0119 bezpo\u015brednio w sortowniach ze wzgl\u0119du na mniejsze koszty. Ale socjalistyczna <span style=\"color: #ff0000;\">Unia Europejska<\/span> dochodz\u0105c do neokomunizmu pope\u0142ni jeszcze wiele wypacze\u0144 i b\u0142\u0119d\u00f3w. Szkoda, \u017ce odb\u0119dzie si\u0119 to kosztem tak\u017ce tych obywateli, kt\u00f3rzy w te lewicowe, utopijne, totalitarne systemy nie wierz\u0105, jak np. ja. Osobi\u015bcie nie mam nic przeciwko temu, \u017ceby <span style=\"color: #ff0000;\">komuni\u015bci<\/span> budowali swoj\u0105 utopi\u0119, np. w <span style=\"color: #ff0000;\">kibucach<\/span>.<\/p>\n<p style=\"text-align: justify;\"><a href=\"http:\/\/grzegorzjaszczura.pl\/http:\/\/grzegorzjaszczura.pl\/wp-content\/uploads\/2013\/09\/3.jpg\"><img loading=\"lazy\" decoding=\"async\" class=\"alignnone size-thumbnail wp-image-67255\" src=\"http:\/\/grzegorzjaszczura.pl\/http:\/\/grzegorzjaszczura.pl\/wp-content\/uploads\/2013\/09\/3-150x150.jpg\" alt=\"\" width=\"150\" height=\"150\" \/><\/a><span style=\"color: #0000ff;\"><strong>Ps<\/strong><\/span> Na zdj\u0119ciach, m.in. zalegaj\u0105ce \u015bmieci w D\u0105browie G\u00f3rniczej.<\/p>\n","protected":false},"excerpt":{"rendered":"<p>Jako\u015b znowu media polskoj\u0119zyczne, nie by\u0142y \u0142askawe zauwa\u017cy\u0107, \u017ce w kolejnej dziedzinie, socjalistom z rz\u0105du PO-PSL, uda\u0142o si\u0119 wprowadzi\u0107 daleko posuni\u0119t\u0105 komun\u0119. Bo nowa ustawa, tzw. \u015bmieciowa, kt\u00f3ra obowi\u0105zuje od 1 lipca tr. doprowadzi\u0142a do ca\u0142kowitej likwidacji konkurencji w gminach w dziedzinie usuwania \u015bmieci wytwarzanych przez mieszka\u0144c\u00f3w. Jak to z &#8222;osi\u0105gni\u0119ciami&#8221; komunist\u00f3w bywa,<\/p>\n","protected":false},"author":2,"featured_media":0,"comment_status":"open","ping_status":"open","sticky":false,"template":"","format":"standard","meta":{"_monsterinsights_skip_tracking":false,"_monsterinsights_sitenote_active":false,"_monsterinsights_sitenote_note":"","_monsterinsights_sitenote_category":0,"footnotes":""},"categories":[3],"tags":[],"class_list":["post-24979","post","type-post","status-publish","format-standard","hentry","category-polityczne"],"_links":{"self":[{"href":"https:\/\/grzegorzjaszczura.pl\/index.php?rest_route=\/wp\/v2\/posts\/24979","targetHints":{"allow":["GET"]}}],"collection":[{"href":"https:\/\/grzegorzjaszczura.pl\/index.php?rest_route=\/wp\/v2\/posts"}],"about":[{"href":"https:\/\/grzegorzjaszczura.pl\/index.php?rest_route=\/wp\/v2\/types\/post"}],"author":[{"embeddable":true,"href":"https:\/\/grzegorzjaszczura.pl\/index.php?rest_route=\/wp\/v2\/users\/2"}],"replies":[{"embeddable":true,"href":"https:\/\/grzegorzjaszczura.pl\/index.php?rest_route=%2Fwp%2Fv2%2Fcomments&post=24979"}],"version-history":[{"count":30,"href":"https:\/\/grzegorzjaszczura.pl\/index.php?rest_route=\/wp\/v2\/posts\/24979\/revisions"}],"predecessor-version":[{"id":71082,"href":"https:\/\/grzegorzjaszczura.pl\/index.php?rest_route=\/wp\/v2\/posts\/24979\/revisions\/71082"}],"wp:attachment":[{"href":"https:\/\/grzegorzjaszczura.pl\/index.php?rest_route=%2Fwp%2Fv2%2Fmedia&parent=24979"}],"wp:term":[{"taxonomy":"category","embeddable":true,"href":"https:\/\/grzegorzjaszczura.pl\/index.php?rest_route=%2Fwp%2Fv2%2Fcategories&post=24979"},{"taxonomy":"post_tag","embeddable":true,"href":"https:\/\/grzegorzjaszczura.pl\/index.php?rest_route=%2Fwp%2Fv2%2Ftags&post=24979"}],"curies":[{"name":"wp","href":"https:\/\/api.w.org\/{rel}","templated":true}]}}