{"id":25167,"date":"2013-09-22T17:48:17","date_gmt":"2013-09-22T10:48:17","guid":{"rendered":"http:\/\/grzegorzjaszczura.pl\/?p=25167"},"modified":"2024-04-23T13:29:52","modified_gmt":"2024-04-23T11:29:52","slug":"nowa-prawica-walne-zebranie-oddzialu-2","status":"publish","type":"post","link":"https:\/\/grzegorzjaszczura.pl\/?p=25167","title":{"rendered":"Nowa Prawica &#8211; Walne zebranie oddzia\u0142u"},"content":{"rendered":"<p style=\"text-align: justify;\"><a href=\"http:\/\/grzegorzjaszczura.pl\/http:\/\/grzegorzjaszczura.pl\/wp-content\/uploads\/2012\/09\/KNP-Zaglebie-Dabrowskie.jpg\"><img loading=\"lazy\" decoding=\"async\" class=\"alignnone size-thumbnail wp-image-67130\" src=\"http:\/\/grzegorzjaszczura.pl\/http:\/\/grzegorzjaszczura.pl\/wp-content\/uploads\/2012\/09\/KNP-Zaglebie-Dabrowskie-150x150.jpg\" alt=\"\" width=\"150\" height=\"150\" \/><\/a>Tak\u017ce w rocznic\u0119 napa\u015bci <span style=\"color: #ff0000;\">sowieckiej<\/span> na Polsk\u0119, czyli <strong>17 wrze\u015bnia<\/strong> odby\u0142o si\u0119 w D\u0105browie G\u00f3rniczej Walne zebranie <strong style=\"text-align: justify;\">Oddzia\u0142u D\u0105browskiego<\/strong> <strong>Regionu \u015al\u0105sko-<span style=\"color: #008000;\">D\u0105browskiego<\/span><\/strong> partii <strong>Kongres <span style=\"color: #ff0000;\">Nowej<\/span> <span style=\"color: #0000ff;\">Prawicy<\/span><\/strong>. <strong>Oddzia\u0142 d\u0105browski K<span style=\"color: #ff0000;\">N<\/span><span style=\"color: #0000ff;\">P<\/span><\/strong> powsta\u0142 <strong>14.06.2011 r<\/strong>. Obejmuje obecnie okr\u0119g wyborczy nr 32 (OKW Sosnowiec) do Sejmu <strong>RP<\/strong>. Jest to obszar <span style=\"color: #008000;\">Zag\u0142\u0119bia<\/span> <span style=\"color: #ff0000;\">D\u0105browskiego<\/span>:<!--more--> D\u0105browa G\u00f3rnicza, Jaworzno, Sosnowiec (miasta na prawach powiatu) oraz powiaty: b\u0119dzi\u0144ski\u00a0 i zawiercia\u0144ski.<\/p>\n<p style=\"text-align: justify;\">Jak zawsze w tego typu formalnych zebraniach g\u0142\u00f3wnym celem by\u0142o podsumowanie dzia\u0142alno\u015bci oddzia\u0142u, a tak\u017ce g\u0142osowanie nad absolutorium dla Prezesa i Zarz\u0105du Oddzia\u0142u.<\/p>\n<p style=\"text-align: justify;\"><a href=\"http:\/\/grzegorzjaszczura.pl\/http:\/\/grzegorzjaszczura.pl\/wp-content\/uploads\/2013\/09\/201309172643.jpg\"><img loading=\"lazy\" decoding=\"async\" class=\"alignleft size-thumbnail wp-image-25191\" title=\"201309172643\" src=\"http:\/\/grzegorzjaszczura.pl\/http:\/\/grzegorzjaszczura.pl\/wp-content\/uploads\/2013\/09\/201309172643-150x150.jpg\" alt=\"\" width=\"150\" height=\"150\" \/><\/a>Przedstawi\u0142em, jako ust\u0119puj\u0105cy prezes, sprawozdanie z dzia\u0142alno\u015bci oddzia\u0142u w ostatnim roku. Jak zawsze tre\u015b\u0107 pozostawmy do wiadomo\u015bci cz\u0142onk\u00f3w. Zar\u00f3wno Zarz\u0105d, jak i Prezes otrzymali absolutorium. Zosta\u0142em tak\u017ce wybrany na<strong> Prezesa oddzia\u0142u<\/strong> na nast\u0119pn\u0105 kadencj\u0119.<\/p>\n<p style=\"text-align: justify;\">Powo\u0142a\u0142em nowy <strong>Zarz\u0105d<\/strong>, kt\u00f3rego sk\u0142ad przedstawia si\u0119 nast\u0119puj\u0105co:<\/p>\n<p style=\"text-align: justify;\"><strong>Tomasz Sk\u00f3ra<\/strong> \u2013 wiceprezes zarz\u0105du (jednocze\u015bnie Prezes S\u0105du Naczelnego <strong>K<span style=\"color: #ff0000;\">N<\/span><span style=\"color: #0000ff;\">P<\/span><\/strong>, dla przypomnienia cz\u0142onek sygnatariusz <strong>K<span style=\"color: #ff0000;\">N<\/span><span style=\"color: #0000ff;\">P<\/span><\/strong>)<\/p>\n<p style=\"text-align: justify;\"><strong>Tomasz Forto\u0144ski<\/strong> \u2013 sekretarz zarz\u0105du<\/p>\n<p style=\"text-align: justify;\"><strong>Pawe\u0142 Kruk<\/strong> \u2013 skarbnik oddzia\u0142u (jednocze\u015bnie cz\u0142onek Centralnej Komisji Rewizyjnej <strong>K<span style=\"color: #ff0000;\">N<\/span><span style=\"color: #0000ff;\">P<\/span><\/strong>)<\/p>\n<p style=\"text-align: justify;\"><strong>Tomasz Bartosik<\/strong> \u2013 cz\u0142onek zarz\u0105du (jednocze\u015bnie cz\u0142onek Rady G\u0142\u00f3wnej <strong>K<span style=\"color: #ff0000;\">N<\/span><span style=\"color: #0000ff;\">P<\/span><\/strong>).<\/p>\n<p style=\"text-align: justify;\"><a href=\"http:\/\/grzegorzjaszczura.pl\/http:\/\/grzegorzjaszczura.pl\/wp-content\/uploads\/2013\/09\/201309172645.jpg\"><img loading=\"lazy\" decoding=\"async\" class=\"alignleft size-thumbnail wp-image-25194\" title=\"201309172645\" src=\"http:\/\/grzegorzjaszczura.pl\/http:\/\/grzegorzjaszczura.pl\/wp-content\/uploads\/2013\/09\/201309172645-150x150.jpg\" alt=\"\" width=\"150\" height=\"150\" \/><\/a>Om\u00f3wili\u015bmy tak\u017ce zakres dzia\u0142ania oddzia\u0142u i tworzenie nowych struktur w najbli\u017cszym czasie. Oddzia\u0142 dzia\u0142a m.in. poprzez:<\/p>\n<p style=\"text-align: justify;\">&#8211; udzia\u0142 cz\u0142onk\u00f3w\u00a0 w dzia\u0142aniach na szczeblu lokalnym i regionalnym (referenda, akcje protestacyjne, pikiety),<\/p>\n<p style=\"text-align: justify;\">&#8211; dzia\u0142alno\u015b\u0107 cz\u0142onk\u00f3w\u00a0 na forach internetowych, przyk\u0142adowo strona <a href=\"https:\/\/www.facebook.com\/KNP.ZaglebieDabrowskie\"><em>Kongres Nowej Prawicy Zag\u0142\u0119bie D\u0105browskie<\/em><\/a> na FB,<\/p>\n<p style=\"text-align: justify;\">&#8211; akcje propagandowe w formie plakat\u00f3w,<\/p>\n<p style=\"text-align: justify;\">&#8211; zamieszczanie informacji o zebraniach oddzia\u0142u na stronie g\u0142\u00f3wnej <strong>K<span style=\"color: #ff0000;\">N<\/span><span style=\"color: #0000ff;\">P<\/span><\/strong>, spacyfikowane ostatnio przez usuni\u0119cie oddzia\u0142u d\u0105browskiego (z danymi kontaktowymi) ze struktur partyjnych na tej stronie z niewiadomych dla zarz\u0105du oddzia\u0142u powod\u00f3w (czy\u017cby s\u0142u\u017cby w akcji?),<\/p>\n<p style=\"text-align: justify;\">&#8211; promocj\u0119<strong> K<span style=\"color: #ff0000;\">N<\/span><span style=\"color: #0000ff;\">P<\/span><\/strong> w\u015br\u00f3d znajomych,<\/p>\n<p style=\"text-align: justify;\">&#8211; dzia\u0142alno\u015b\u0107 sekcji m\u0142odzie\u017cowej (kol. <strong>T. Forto\u0144ski<\/strong>), np. uczestnictwo w programie <strong>&#8222;M\u0142odzie\u017c kontra&#8221;<\/strong>,<\/p>\n<p style=\"text-align: justify;\">&#8211; organizacj\u0119 klubu\u00a0 czytelnik\u00f3w <strong>\u201eNajwy\u017cszego Czasu\u201d<\/strong>, w fazie organizacyjnej,<\/p>\n<p style=\"text-align: justify;\">&#8211; edukacj\u0119 prasow\u0105\u00a0 dla cz\u0142onk\u00f3w i sympatyk\u00f3w <strong>K<span style=\"color: #ff0000;\">N<\/span><span style=\"color: #0000ff;\">P<\/span><\/strong> poprzez czytanie i propagowanie <strong>Najwy\u017cszego Czasu<\/strong>, <strong>Opcji na prawo<\/strong> i innych wydawnictw prawicowych,<\/p>\n<p style=\"text-align: justify;\">&#8211; promocj\u0119 <strong>K<span style=\"color: #ff0000;\">N<\/span><span style=\"color: #0000ff;\">P<\/span><\/strong> poprzez ulotki, znaczki, flagi, szaliki (z logo <strong>K<span style=\"color: #ff0000;\">N<\/span><span style=\"color: #0000ff;\">P<\/span><\/strong><span style=\"color: #000000;\">),<\/span><\/p>\n<p style=\"text-align: justify;\">&#8211; inicjatyw\u0119 wydawania lokalnego periodyku z innymi d\u0105browskimi \u015brodowiskami prawicowymi,<\/p>\n<p style=\"text-align: justify;\">&#8211; wspieranie zorganizowania referend\u00f3w w D\u0105browie G\u00f3rniczej za odwo\u0142aniem Rady Miasta, prezydenta i Stra\u017cy Miejskiej.<\/p>\n<p style=\"text-align: justify;\">Informuj\u0119 przy okazji, \u017ce zbli\u017ca si\u0119<strong> Konwent Zwyczajny<\/strong> <strong>K<span style=\"color: #ff0000;\">N<\/span><span style=\"color: #0000ff;\">P<\/span><\/strong> w Warszawie. Konkretnie konwent odb\u0119dzie si\u0119 <strong>26 pa\u017adziernika tr.<\/strong> Dla zainteresowanych podaj\u0119 link do strony g\u0142\u00f3wnej <strong>K<span style=\"color: #ff0000;\">N<\/span><span style=\"color: #0000ff;\">P<\/span><\/strong>: <strong><a href=\"http:\/\/www.nowaprawica.org.pl\/\">http:\/\/www.nowaprawica.org.pl\/<\/a><\/strong>.<\/p>\n<p style=\"text-align: justify;\"><span style=\"color: #0000ff;\"><strong>Ps<\/strong><\/span> Ze spraw lokalnych informuj\u0119 wst\u0119pnie o planowanych spotkaniach, organizowanych wsp\u00f3lnie z Klubem <strong>&#8222;Gazety Polskiej&#8221;<\/strong>.<\/p>\n<p style=\"text-align: justify;\">Mianowicie w dniu <strong>9 pa\u017adziernika<\/strong> (\u015broda), o godz. 17.30 spotkanie, kt\u00f3re odb\u0119dzie si\u0119 w sali konferencyjnej przy Bazylice Matki Boskiej Anielskiej w D\u0105browie G\u00f3rniczej \u2013 ul. Kr\u00f3lowej Jadwigi 17 z dr.<strong> Zbigniewem Matuszczykiem<\/strong>, historykiem wojskowo\u015bci, muzealnikiem, badaczem dziej\u00f3w <span style=\"color: #008000;\">Zag\u0142\u0119bia<\/span> <span style=\"color: #ff0000;\">D\u0105browskiego<\/span>, autorem <a href=\"http:\/\/www.symbolezaglebia.pl\/\">symboli <span style=\"color: #008000;\">Zag\u0142\u0119bia<\/span> <span style=\"color: #ff0000;\">D\u0105browskiego<\/span><\/a>.<\/p>\n<p style=\"text-align: justify;\">W dniu <strong>18 pa\u017adziernika (<\/strong>pi\u0105tek), o godz. 17.30 spotkanie, kt\u00f3re odb\u0119dzie si\u0119 w Klubie Villa Moda w D\u0105browie G\u00f3rniczej, ul. Ko\u015bciuszki 4 B (niedaleko dworca kolejowego D\u0105browa G\u00f3rnicza Centrum), ze <a href=\"http:\/\/grzegorzjaszczura.pl\/?p=13790#more-13790\"><strong>Stanis\u0142awem Michalkiewiczem<\/strong><\/a>, prawnikiem, publicyst\u0105, s\u0119dzi\u0105 Trybuna\u0142u Stanu, antykomunist\u0105<strong>.<\/strong><\/p>\n","protected":false},"excerpt":{"rendered":"<p>Tak\u017ce w rocznic\u0119 napa\u015bci sowieckiej na Polsk\u0119, czyli 17 wrze\u015bnia odby\u0142o si\u0119 w D\u0105browie G\u00f3rniczej Walne zebranie Oddzia\u0142u D\u0105browskiego Regionu \u015al\u0105sko-D\u0105browskiego partii Kongres Nowej Prawicy. Oddzia\u0142 d\u0105browski KNP powsta\u0142 14.06.2011 r. Obejmuje obecnie okr\u0119g wyborczy nr 32 (OKW Sosnowiec) do Sejmu RP. Jest to obszar Zag\u0142\u0119bia D\u0105browskiego:<\/p>\n","protected":false},"author":2,"featured_media":0,"comment_status":"open","ping_status":"open","sticky":false,"template":"","format":"standard","meta":{"_monsterinsights_skip_tracking":false,"_monsterinsights_sitenote_active":false,"_monsterinsights_sitenote_note":"","_monsterinsights_sitenote_category":0,"footnotes":""},"categories":[3],"tags":[],"class_list":["post-25167","post","type-post","status-publish","format-standard","hentry","category-polityczne"],"_links":{"self":[{"href":"https:\/\/grzegorzjaszczura.pl\/index.php?rest_route=\/wp\/v2\/posts\/25167","targetHints":{"allow":["GET"]}}],"collection":[{"href":"https:\/\/grzegorzjaszczura.pl\/index.php?rest_route=\/wp\/v2\/posts"}],"about":[{"href":"https:\/\/grzegorzjaszczura.pl\/index.php?rest_route=\/wp\/v2\/types\/post"}],"author":[{"embeddable":true,"href":"https:\/\/grzegorzjaszczura.pl\/index.php?rest_route=\/wp\/v2\/users\/2"}],"replies":[{"embeddable":true,"href":"https:\/\/grzegorzjaszczura.pl\/index.php?rest_route=%2Fwp%2Fv2%2Fcomments&post=25167"}],"version-history":[{"count":61,"href":"https:\/\/grzegorzjaszczura.pl\/index.php?rest_route=\/wp\/v2\/posts\/25167\/revisions"}],"predecessor-version":[{"id":67144,"href":"https:\/\/grzegorzjaszczura.pl\/index.php?rest_route=\/wp\/v2\/posts\/25167\/revisions\/67144"}],"wp:attachment":[{"href":"https:\/\/grzegorzjaszczura.pl\/index.php?rest_route=%2Fwp%2Fv2%2Fmedia&parent=25167"}],"wp:term":[{"taxonomy":"category","embeddable":true,"href":"https:\/\/grzegorzjaszczura.pl\/index.php?rest_route=%2Fwp%2Fv2%2Fcategories&post=25167"},{"taxonomy":"post_tag","embeddable":true,"href":"https:\/\/grzegorzjaszczura.pl\/index.php?rest_route=%2Fwp%2Fv2%2Ftags&post=25167"}],"curies":[{"name":"wp","href":"https:\/\/api.w.org\/{rel}","templated":true}]}}