{"id":25371,"date":"2013-11-03T16:30:51","date_gmt":"2013-11-03T09:30:51","guid":{"rendered":"http:\/\/grzegorzjaszczura.pl\/?p=25371"},"modified":"2013-11-03T21:05:57","modified_gmt":"2013-11-03T14:05:57","slug":"judasze-narodu-polskiego-cz-3","status":"publish","type":"post","link":"https:\/\/grzegorzjaszczura.pl\/?p=25371","title":{"rendered":"Judasze Narodu Polskiego, cz. 3"},"content":{"rendered":"<p style=\"text-align: justify;\">Na pro\u015bby, tak\u017ce Czytaczy bloga, jeszcze raz zajm\u0119 si\u0119 dzisiaj ksi\u0105\u017ck\u0105 <strong>Mariana Handzlika<\/strong> <span style=\"color: #0000ff;\"><strong>&#8222;Judasze Narodu Polskiego&#8221;<\/strong><\/span>. Uwa\u017cam, \u017ce warto. Dzisiaj trafi\u0142 si\u0119 zreszt\u0105 bardzo odpowiedni moment, bowiem <span style=\"color: #0000ff;\"><strong>ja nie p\u0142acz\u0119 po panu<\/strong><\/span> <strong>T. Mazowieckim<\/strong>. Mam du\u017ce zastrze\u017cenia do czczenia osoby, kt\u00f3ra przyczyni\u0142a si\u0119 do nie rozliczenia komunist\u00f3w z <span style=\"color: #ff0000;\">PZPR-u<\/span> po 1989 roku. Stwierdzenie, \u017ce jest to pierwszy niekomunistyczny premier po sterowanym tzw. przekszta\u0142ceniu ustroju jest wg mnie obra\u017aliwe dla ludzi inteligentnych normalnie. Pseudowybory<!--more--> (demokratyczne na 35%), kt\u00f3re doprowadzi\u0142y do tego, \u017ce prezydentem tzw. wolnej Polski, zosta\u0142 aparatczyk komunistyczny tow. <strong>W. Jaruzelski<\/strong>, uwa\u017ca\u0107 za demokratyczne! To te\u017c jaki\u015b absurd. Wersja mo\u017cliwa jedynie w zak\u0142amanych lewicowych mainstreamowych mediach. \u017beby si\u0119 nie denerwowa\u0107 przejd\u017amy do tego co pisze (oczywi\u015bcie m.in.) pan <strong>M. Handzlik<\/strong>.<\/p>\n<p style=\"text-align: justify;\"><em>&#8222;<span style=\"color: #0000ff;\"><strong>Komunistyczni aparatczycy byli nadzorcami ogromnego maj\u0105tku pa\u0144stwowego<\/strong>, kt\u00f3rym zarz\u0105dzali w imieniu ludu pracuj\u0105cego miast i wsi [&#8230;]. Byli prawie jego w\u0142a\u015bcicielami. Ale &#8222;prawie&#8221; robi r\u00f3\u017cnic\u0119. [&#8230;]<\/span><\/em><\/p>\n<p style=\"text-align: justify;\"><span style=\"color: #0000ff;\"><em>Nawet je\u015bli niekt\u00f3rym uda\u0142o si\u0119 prze\u017cy\u0107 ca\u0142e \u017cycie przy korycie, to w obliczu \u015bmierci zdawali sobie spraw\u0119, \u017ce nie mog\u0105 przekaza\u0107 swoim dzieciom tego ca\u0142ego maj\u0105tku, kt\u00f3ry prawie nale\u017ca\u0142 do nich. <strong>G\u0142\u00f3wn\u0105 si\u0142\u0105, kt\u00f3ra stworzy\u0142a komunizm, by\u0142a ludzka chciwo\u015b\u0107,<\/strong> pragnienie zabrania maj\u0105tku bogatym. <strong>Ten sam grzech g\u0142\u00f3wny obali\u0142 komunizm<\/strong> (przynajmniej w bloku sowieckim). Nadzorcy, faktycznie posiadacze &#8222;narodowego maj\u0105tku&#8221;, zapragn\u0119li sta\u0107 sie jego w\u0142a\u015bcicielami, cho\u0107 by\u0142o to totalnie sprzeczne z g\u0142oszon\u0105 przez nich ideologi\u0105, w imieniu kt\u00f3rej wymordowali miliony ludzi. [&#8230;]<\/em><\/span><\/p>\n<p style=\"text-align: justify;\"><span style=\"color: #0000ff;\"><em>Ale i im nie obca by\u0142a chciwo\u015b\u0107. Poza tym przez lata widzieli niewydolno\u015b\u0107 tego systemu. <strong>Jak d\u0142ugo mo\u017cna sobie wmawia\u0107, \u017ce chora idea jest s\u0142uszna?<\/strong> [&#8230;] Zbrojne reakcyjne podziemie uda\u0142o si\u0119 wyt\u0119pi\u0107&#8230; ale kiedy im si\u0119 to uda\u0142o, zacz\u0119\u0142a wyst\u0119powa\u0107 przeciwko nim ich &#8222;ukochana&#8221; klasa robotnicza. To w\u0142a\u015bnie ona zada\u0142a im najstraszliwsze ciosy. [&#8230;]<\/em><\/span><\/p>\n<p style=\"text-align: justify;\"><span style=\"color: #0000ff;\"><em>Kiedy politycy &#8222;komuny&#8221; i &#8222;opozycji&#8221; przygotowywali si\u0119 do rozm\u00f3w w Magdalence i przy Okr\u0105g\u0142ym Stole, komunistyczna nomenklatura, czyli dzia\u0142acze i bezpieczniacy zajmuj\u0105cy si\u0119 gospodark\u0105, przygotowywali si\u0119 do Wielkiego Skoku na Kas\u0119. [&#8230;] Postkomunistyczna oligarchia nie tylko przej\u0119\u0142a pa\u0144stwowy maj\u0105tek, ale w\u0142a\u015bnie dzi\u0119ki temu znacznie si\u0119 umocni\u0142a i utrwali\u0142a swoj\u0105 w\u0142adz\u0119 polityczn\u0105. Solidarno\u015bciowcy dostali za to polityczne &#8222;zabawki&#8221; i r\u00f3\u017cne takie okruchy z pa\u0144skiego sto\u0142u. [&#8230;]<\/em><\/span><\/p>\n<p style=\"text-align: justify;\"><span style=\"color: #0000ff;\"><em><strong>Z\u0142odziejska forma prywatyzacji przedsi\u0119biorstw pa\u0144stwowych nie by\u0142a jedyn\u0105 form\u0105 grabie\u017cy. <\/strong>[&#8230;] Nale\u017cy te\u017c wspomnie\u0107 o grabie\u017cy grunt\u00f3w, wykupywanych za bezcen, na podstawie r\u00f3\u017cnych spec-ustaw, z kt\u00f3rych korzysta\u0107 mog\u0142a tylko rodz\u0105ca sie oligarchia.<\/em><\/span><\/p>\n<p style=\"text-align: justify;\"><span style=\"color: #0000ff;\"><em>Gdy postkomunistyczna oligarchia ros\u0142a w si\u0142\u0119 a jej klienteli politycznej \u017cy\u0142o si\u0119 dostatniej, <strong>r\u00f3wnocze\u015bnie gnojone by\u0142 wszelkie zal\u0105\u017cki klasy \u015bredniej.<\/strong> [&#8230;] Ma\u0142ym firmom na pocz\u0105tku pozwolono si\u0119 troch\u0119 rozwin\u0105\u0107, ale wkr\u00f3tce dokopano im nieludzkimi podatkami. [&#8230;]<\/em><\/span><\/p>\n<p style=\"text-align: justify;\"><span style=\"color: #0000ff;\"><em><strong>Pono\u0107 nic nie \u0142\u0105czy ludzi tak mocno jak wsp\u00f3lnie pope\u0142niona zbrodnia&#8230;<\/strong> Ci\u0119\u017cko jest odkry\u0107 jaki by\u0142 &#8222;klucz&#8221; do uw\u0142aszczenia nomenklatury &#8211; kto zosta\u0142 wyznaczony do przej\u0119cia w\u0142asno\u015bci po Okr\u0105g\u0142ym Stole i co komu przypad\u0142o w udziale. [&#8230;] Ale i tak ka\u017cdy z postkomunistycznych oligarch\u00f3w zgromadzi\u0142 olbrzymi maj\u0105tek, wi\u0119c wielkiej zazdro\u015bci miedzy nimi nie by\u0142o. [&#8230;] Mo\u017ce jest kilka wyj\u0105tk\u00f3w, kt\u00f3re potwierdzaj\u0105 regu\u0142\u0119.<\/em><\/span><\/p>\n<p style=\"text-align: justify;\"><span style=\"color: #0000ff;\"><em>Zwyk\u0142y z\u0142odziej czy gangster oligarch\u0105 zosta\u0107 nie m\u00f3g\u0142. Ciekawe jest, \u017ce nie ma \u017cadnego oligarchy, wywodz\u0105cego si\u0119 z &#8222;Solidarno\u015bci&#8221;. [&#8230;] <strong>Dzisiejsza OLIGARCHIA TO PO PROSTU POSTKOMUNA.<\/strong> Oczywi\u015bcie nie ka\u017cdy by\u0142y dzia\u0142acz komunistyczny zosta\u0142 oligarch\u0105. <strong>My\u015bl\u0119, \u017ce Polsk\u0119 przej\u0119\u0142a grupa licz\u0105ca kilkaset, mo\u017ce kilka tysi\u0119cy os\u00f3b. <\/strong>[&#8230;]<\/em><\/span><\/p>\n<p style=\"text-align: justify;\"><span style=\"color: #0000ff;\"><em>Wsp\u00f3\u0142czesnych polskich oligarch\u00f3w mo\u017cna podzieli\u0107 na &#8222;panuj\u0105cych&#8221; i &#8222;steruj\u0105cych&#8221;. [&#8230;] Nowocze\u015bni oligarchowie pilnuj\u0105 swojego kraju dyskretnie, jakby z tylnego siedzenia.<\/em><\/span><\/p>\n<p style=\"text-align: justify;\"><span style=\"color: #0000ff;\"><em>Przyk\u0142adem takiego oligarchy panuj\u0105cego jest <strong>Micha\u0142 So\u0142owow<\/strong>, wielki przedsi\u0119biorca ze szczytu listy najbogatszych ludzi w Polsce i z pozycji 407 na li\u015bcie najbogatszych ludzi \u015bwiata. [&#8230;] Pomagali mu tak\u017ce przyjaciele z <span style=\"color: #ff0000;\"><strong>SLD<\/strong><\/span>, mi\u0119dzy innymi <strong>Marek Ungier<\/strong>, ale p\u00f3\u017aniej nawi\u0105zywa\u0142 dobre znajomo\u015bci z politykami r\u00f3\u017cnych opcji. [&#8230;]<\/em><\/span><\/p>\n<p style=\"text-align: justify;\"><span style=\"color: #0000ff;\"><em>Nie zgadzam si\u0119 jednak z popularnym twierdzeniem, \u017ce &#8222;w Polsce rz\u0105dz\u0105 s\u0142u\u017cby&#8221; <\/em><span style=\"color: #000000;\">(zwolennikiem tej teorii, kt\u00f3r\u0105 r\u00f3wnie\u017c potrafi\u0119 uzasadni\u0107, jestem osobi\u015bcie &#8211; przyp. m\u00f3j)<span style=\"color: #0000ff;\"><em>. S\u0142u\u017cby specjalne odgrywaj\u0105 du\u017c\u0105 rol\u0119 w oligarchicznym systemie w\u0142adzy, ale nie rz\u0105dz\u0105. To by\u0142y zawsze &#8222;psy&#8221; szkolone do s\u0142u\u017cenia obcym. Nie s\u0105 zdolne do samodzielnego rz\u0105dzenia. Nawet tego nie pragn\u0105. Polsk\u0105 rz\u0105dzi oligarchia.<\/em><\/span><\/span><\/span><\/p>\n<p style=\"text-align: justify;\"><span style=\"color: #0000ff;\"><em>Typowym oligarch\u0105 steruj\u0105cym jest <strong>Ryszard Krauze<\/strong> [&#8230;] Krauze jest Gdynianinem i pewnie nie jest przypadkiem, \u017ce z Tr\u00f3jmiasta pochodzi najwi\u0119cej prezydent\u00f3w, premier\u00f3w, ministr\u00f3w itd. [&#8230;]<\/em><\/span><\/p>\n<p style=\"text-align: justify;\"><span style=\"color: #0000ff;\"><em><strong>Jedyn\u0105 alternatyw\u0105 wydaje si\u0119 zamkni\u0119cie wszystkich w kryminale i konfiskata ich maj\u0105tk\u00f3w. To<\/strong> <strong>oczy\u015bci\u0142oby nasz kraj,<\/strong> ale by\u0142oby trudne do zrealizowania i spowodowa\u0142oby pewne problemy. [&#8230;]<\/em><\/span><\/p>\n<p style=\"text-align: justify;\"><span style=\"color: #0000ff;\"><em>Kiedy\u015b mia\u0142em nadziej\u0119, \u017ce oligarch\u00f3w zniszczy lub co najmniej os\u0142abi ich pozycj\u0119, wchodz\u0105cy do Polski kapita\u0142 zagraniczny. [&#8230;] Nic z tych rzeczy! Kapita\u0142 zagraniczny zajmuje pokornie takie miejsce jakie oligarchia im wyznaczy. Oligarchia nie boi si\u0119 zachodniego kapita\u0142u, wr\u0119cz zach\u0119ca go do inwestowania. Odda\u0142a mu wiele prywatyzowanych przedsi\u0119biorstw, cz\u0119sto prawie za darmo. Oligarchom zale\u017cy na tym, aby mie\u0107 dobre stosunki z kapita\u0142em zachodnim, aby wej\u015b\u0107 na europejskie salony. W\u0142a\u015bnie po to wyrwali si\u0119 z komunistycznego getta. <strong>Zgodnie wci\u0105gn\u0119li Polsk\u0119 do <span style=\"color: #ff0000;\">Unii Europejskiej<\/span>. <\/strong>Maj\u0105 z jej strony rodzaj &#8222;kryszy&#8221;, chroni\u0105cej zagrabion\u0105 w\u0142asno\u015b\u0107 <\/em><span style=\"color: #000000;\">(prosz\u0119 por\u00f3wna\u0107 sobie lokaln\u0105 prywatyzacj\u0119 d\u0105browskich wodoci\u0105g\u00f3w, czyli sprzeda\u017c udzia\u0142\u00f3w kapita\u0142owi niemieckiemu &#8211; przyp. m\u00f3j)<span style=\"color: #0000ff;\"><em>. Gdyby <span style=\"color: #ff0000;\"><strong>UE<\/strong><\/span> zgodzi\u0142a si\u0119 na lustracj\u0119 maj\u0105tkow\u0105 w Polsce, dotkn\u0119\u0142oby to tak\u017ce firmy zachodnie. Na to na pewno <span style=\"color: #ff0000;\">Unia<\/span> si\u0119 nie zgodzi.<\/em><\/span><\/span><\/span><\/p>\n<p style=\"text-align: justify;\"><span style=\"color: #0000ff;\"><em>Kiedy m\u00f3wimy o <span style=\"color: #ff0000;\">Unii Europejskiej<\/span>, ewoluuj\u0105cej w kierunku megapa\u0144stwa, nale\u017cy poruszy\u0107 problem suwerenno\u015bci. Przej\u015bciowa suwerenno\u015b\u0107 by\u0142a potrzebna lokalnym oligarchom, aby w swoich krajach mogli dzieli\u0107 \u0142upy. [&#8230;]<\/em><\/span><\/p>\n<p style=\"text-align: justify;\"><span style=\"color: #0000ff;\"><em><strong>Kiedy ju\u017c nakradli, znowu potrzebna by\u0142a &#8211; &#8222;krysza&#8221; jaka\u015b wi\u0119ksza struktura, kt\u00f3ra chroni\u0142aby zagrabione dobra.<\/strong>\u00a0 Wyj\u0105tkiem by\u0142a Czeczenia, [&#8230;] <strong>Wszyscy inni zacz\u0119li z suwerenno\u015bci rezygnowa\u0107. Ale nie wszystkie kraje rozpocz\u0119\u0142y powr\u00f3t do Rosji. Niekt\u00f3re na nowego patrona wybra\u0142y <span style=\"color: #ff0000;\">Uni\u0119 Europejsk\u0105<\/span>.<\/strong>&#8222;<\/em><\/span><\/p>\n<p style=\"text-align: justify;\">I tak to jest, zwolennicy lewackiej <span style=\"color: #ff0000;\">Unii Europejskiej<\/span>, zostali\u015bcie kiwni\u0119ci i im szybciej przyjmiecie to do wiadomo\u015bci tym lepiej! W przeciwnym wypadku umrzecie jak ci liczni komuni\u015bci z<span style=\"color: #ff0000;\"> PZPR-u<\/span>, kt\u00f3rzy umieraj\u0105 w prze\u015bwiadczeniu wielko\u015bci realnego socjalizmu, czyli prekomunizmu. Umieraj\u0105 w biedzie i nied\u0142ugo ju\u017c by\u0107 mo\u017ce bez emerytury z <span style=\"color: #ff0000;\">ZUS-u<\/span>, kt\u00f3r\u0105 przejedli w Moskwie ich towarzysze; konkretnie ci co nie za\u0142apali si\u0119 na oligarch\u00f3w (czyli jakie\u015b 99%)!<\/p>\n<p style=\"text-align: justify;\"><span style=\"color: #0000ff;\"><strong>Ps<\/strong><\/span> Zobacz poprzednie odcinki:<\/p>\n<p style=\"text-align: justify;\"><a href=\"http:\/\/grzegorzjaszczura.pl\/?p=25097#more-25097\">http:\/\/grzegorzjaszczura.pl\/?p=25097#more-25097<\/a> &#8211; cz. 1,<\/p>\n<p style=\"text-align: justify;\"><a href=\"http:\/\/grzegorzjaszczura.pl\/?p=25123#more-25123\">http:\/\/grzegorzjaszczura.pl\/?p=25123#more-25123<\/a> &#8211; cz. 2.<\/p>\n","protected":false},"excerpt":{"rendered":"<p>Na pro\u015bby, tak\u017ce Czytaczy bloga, jeszcze raz zajm\u0119 si\u0119 dzisiaj ksi\u0105\u017ck\u0105 Mariana Handzlika &#8222;Judasze Narodu Polskiego&#8221;. Uwa\u017cam, \u017ce warto. Dzisiaj trafi\u0142 si\u0119 zreszt\u0105 bardzo odpowiedni moment, bowiem ja nie p\u0142acz\u0119 po panu T. Mazowieckim. Mam du\u017ce zastrze\u017cenia do czczenia osoby, kt\u00f3ra przyczyni\u0142a si\u0119 do nie rozliczenia komunist\u00f3w z PZPR-u po 1989 roku. Stwierdzenie, \u017ce jest [&hellip;]<\/p>\n","protected":false},"author":2,"featured_media":0,"comment_status":"open","ping_status":"open","sticky":false,"template":"","format":"standard","meta":{"_monsterinsights_skip_tracking":false,"_monsterinsights_sitenote_active":false,"_monsterinsights_sitenote_note":"","_monsterinsights_sitenote_category":0,"footnotes":""},"categories":[8],"tags":[],"class_list":["post-25371","post","type-post","status-publish","format-standard","hentry","category-recenzje"],"_links":{"self":[{"href":"https:\/\/grzegorzjaszczura.pl\/index.php?rest_route=\/wp\/v2\/posts\/25371","targetHints":{"allow":["GET"]}}],"collection":[{"href":"https:\/\/grzegorzjaszczura.pl\/index.php?rest_route=\/wp\/v2\/posts"}],"about":[{"href":"https:\/\/grzegorzjaszczura.pl\/index.php?rest_route=\/wp\/v2\/types\/post"}],"author":[{"embeddable":true,"href":"https:\/\/grzegorzjaszczura.pl\/index.php?rest_route=\/wp\/v2\/users\/2"}],"replies":[{"embeddable":true,"href":"https:\/\/grzegorzjaszczura.pl\/index.php?rest_route=%2Fwp%2Fv2%2Fcomments&post=25371"}],"version-history":[{"count":38,"href":"https:\/\/grzegorzjaszczura.pl\/index.php?rest_route=\/wp\/v2\/posts\/25371\/revisions"}],"predecessor-version":[{"id":25681,"href":"https:\/\/grzegorzjaszczura.pl\/index.php?rest_route=\/wp\/v2\/posts\/25371\/revisions\/25681"}],"wp:attachment":[{"href":"https:\/\/grzegorzjaszczura.pl\/index.php?rest_route=%2Fwp%2Fv2%2Fmedia&parent=25371"}],"wp:term":[{"taxonomy":"category","embeddable":true,"href":"https:\/\/grzegorzjaszczura.pl\/index.php?rest_route=%2Fwp%2Fv2%2Fcategories&post=25371"},{"taxonomy":"post_tag","embeddable":true,"href":"https:\/\/grzegorzjaszczura.pl\/index.php?rest_route=%2Fwp%2Fv2%2Ftags&post=25371"}],"curies":[{"name":"wp","href":"https:\/\/api.w.org\/{rel}","templated":true}]}}