{"id":25392,"date":"2013-10-20T15:08:29","date_gmt":"2013-10-20T08:08:29","guid":{"rendered":"http:\/\/grzegorzjaszczura.pl\/?p=25392"},"modified":"2015-02-23T20:56:40","modified_gmt":"2015-02-23T19:56:40","slug":"stanislaw-michalkiewicz-teoria-spiskowa","status":"publish","type":"post","link":"https:\/\/grzegorzjaszczura.pl\/?p=25392","title":{"rendered":"Stanis\u0142aw Michalkiewicz &#8211; Teoria spiskowa"},"content":{"rendered":"<p style=\"text-align: justify;\"><a href=\"http:\/\/grzegorzjaszczura.pl\/http:\/\/grzegorzjaszczura.pl\/wp-content\/uploads\/2013\/10\/DSCN8747.jpg\"><img loading=\"lazy\" decoding=\"async\" class=\"alignleft size-thumbnail wp-image-25479\" title=\"DSCN8747\" alt=\"\" src=\"http:\/\/grzegorzjaszczura.pl\/http:\/\/grzegorzjaszczura.pl\/wp-content\/uploads\/2013\/10\/DSCN8747-150x150.jpg\" width=\"150\" height=\"150\" \/><\/a>Kolejne ju\u017c spotkanie ze <strong>Stanis\u0142awem Michalkiewiczem<\/strong> w D\u0105browie G\u00f3rniczej odby\u0142o si\u0119 tym razem w klubie <em><strong>Villa Moda<\/strong><\/em>, przy ul. Ko\u015bciuszki 4 B (niedaleko resztek dworca kolejowego D\u0105browa G\u00f3rnicza Centrum). Organizatorami by\u0142 oddzia\u0142 d\u0105browski <strong><span style=\"color: #0000ff;\">Nowej<\/span> <span style=\"color: #ff0000;\">Prawicy<\/span> Janusza Korwin-Mikke<\/strong> i klub <strong>Gazety Polskiej<\/strong> w D\u0105browie G\u00f3rniczej. Spotkanie by\u0142o bezpo\u015brednio transmitowane przez <a href=\"http:\/\/niepoprawneradio.pl\/\"><strong><em><span style=\"color: #0000ff;\">Niepoprawne radio PL <\/span><\/em><\/strong><\/a>z Warszawy<!--more--> na ca\u0142\u0105 Polsk\u0119.<\/p>\n<p style=\"text-align: justify;\"><em><strong>Stanis\u0142aw Michalkiewicz<\/strong> to polski prawnik, nauczyciel akademicki, s\u0119dzia Trybuna\u0142u Stanu, eseista, publicysta i autor ksi\u0105\u017cek o tematyce spo\u0142eczno-politycznej. Dzia\u0142acz opozycji w pararepublice sowieckiej <span style=\"color: #ff0000;\">PRL<\/span>. Obecnie publikuje na \u0142amach &#8222;Najwy\u017cszego Czasu&#8221;, \u201eOpcji na prawo\u201d, \u201eNaszej Polski\u201d, \u201eNaszego Dziennika\u201d, \u201eGazety Polskiej\u201d, \u201eDziennika Polskiego\u201d, \u201eNiezale\u017cnej Gazety Polskiej\u201d i innych pism. Jego felietony emituj\u0105: Radio Maryja i Telewizja Trwam. Artyku\u0142y Stanis\u0142awa Michalkiewicza znale\u017a\u0107 mo\u017cna r\u00f3wnie\u017c na jego stronie autorskiej <a href=\"http:\/\/www.michalkiewicz.pl\/\">http:\/\/www.michalkiewicz.pl\/<\/a><\/em><\/p>\n<p style=\"text-align: justify;\">Od ostatniego pobytu <strong>St. Michalkiewicza<\/strong> w D\u0105browie G\u00f3rniczej min\u0119\u0142y dwa lata. Zobacz:<a href=\"http:\/\/grzegorzjaszczura.pl\/?p=13790#more-13790\"> http:\/\/grzegorzjaszczura.pl\/?p=13790#more-13790<\/a>. Jak wszyscy ju\u017c wiemy (nawet media polskoj\u0119zyczne), w mi\u0119dzyczasie sytuacja tylko si\u0119 pogorszy\u0142a, cho\u0107by w wyniku kryzysu, kt\u00f3ry by\u0142. Czy kryzys jeszcze jest czy go nie ma, to ju\u017c nie jest takie pewne, bo id\u0105 wybory do socjalistycznej <span style=\"color: #ff0000;\">UE<\/span> (i nie tylko). Przewodnim tematem wyk\u0142adu pana <strong>St. Michalkiewicza<\/strong> by\u0142a geneza tej sytuacji polityczno-gospodarczej w kt\u00f3rej \u017cyjemy. Do tego nawi\u0105zywa\u0142 bowiem g\u0142\u00f3wny temat wyk\u0142adu, czyli <span style=\"color: #0000ff;\"><em><strong>&#8222;Teoria spiskowa&#8221;<\/strong><\/em><\/span>.<\/p>\n<p style=\"text-align: justify;\">Jak s\u0142usznie zauwa\u017cy\u0142 pan <strong>St. Michalkiewicz<\/strong>, gdy przyzna\u0142em si\u0119, \u017ce <strong>jestem zwolennikiem tej\u017ce teorii<\/strong>, wielu jest jej cichymi wyznawcami, ale niewielu si\u0119 do tego przyznaje. Ilo\u015b\u0107 widz\u00f3w na sali potwierdza t\u0105 tez\u0119. By\u0142o oko\u0142o 250 os\u00f3b.<\/p>\n<p style=\"text-align: justify;\">Trudno jest dor\u00f3wna\u0107 panu Stanis\u0142awowi, dlatego zamieszcz\u0119 tylko kilka uwag, kt\u00f3re zosta\u0142y wnikliwie om\u00f3wione w d\u0142ugiej prelekcji <strong>mistrza s\u0142owa<\/strong>, jakim niew\u0105tpliwie jest pan<strong> St. Michalkiewicz<\/strong>. Ca\u0142o\u015b\u0107 znajdzie si\u0119 na<strong> You Tube<\/strong> oraz b\u0119dzie rozprowadzana na p\u0142ytach DVD. Zaznaczam, \u017ce spotkanie trwa\u0142o przesz\u0142o 3 godziny przy pe\u0142nej sali.<\/p>\n<p style=\"text-align: justify;\"><a href=\"http:\/\/grzegorzjaszczura.pl\/http:\/\/grzegorzjaszczura.pl\/wp-content\/uploads\/2013\/10\/201310182744.jpg\"><img loading=\"lazy\" decoding=\"async\" class=\"alignleft size-thumbnail wp-image-25447\" title=\"201310182744\" alt=\"\" src=\"http:\/\/grzegorzjaszczura.pl\/http:\/\/grzegorzjaszczura.pl\/wp-content\/uploads\/2013\/10\/201310182744-150x150.jpg\" width=\"150\" height=\"150\" \/><\/a>Historia \u015bwiata, jak rzek\u0142 pan<strong> St. Michalkiewicz<\/strong>, to historia spisk\u00f3w. Je\u017celi chodzi o spisek omawiany na wyk\u0142adzie, to pra\u017ar\u00f3d\u0142em jego powstania by\u0142 bunt przeciwko komunistycznej <span style=\"color: #ff0000;\"><strong>PZPR<\/strong><\/span> w sierpniu 1980 roku. To w\u0142a\u015bnie powsta\u0142\u0105 luk\u0119 w spo\u0142ecze\u0144stwie, postanowi\u0142y wype\u0142ni\u0107 tajne s\u0142u\u017cby, cho\u0107by ze wzgl\u0119du na swoje interesy. Dosz\u0142o do &#8222;walki buldog\u00f3w pod dywanem&#8221;, a zwyci\u0119sko z niej wysz\u0142a nazwana przez m\u00f3wc\u0119 tzw. <em>rozwiedka (razwiedka)<\/em>. Walka ta toczy\u0142a si\u0119 przez lata osiemdziesi\u0105te, a\u017c do okr\u0105g\u0142ego sto\u0142u, tak chwalonego obecnie przez wszystkich lewak\u00f3w, kt\u00f3rzy z tego skorzystali, z niejakim elektrykiem <strong>L. Wa\u0142\u0119s\u0105<\/strong> na czele. Podstaw\u0105 tej u\u0142omnej dla spo\u0142ecze\u0144stwa umowy, czyli umowy okr\u0105g\u0142ego sto\u0142u, by\u0142a oferta z 86. roku zaproponowana przez znanego <span style=\"color: #ff0000;\">PRL<\/span>-wskiego opozycjonist\u0119 &#8211; trockist\u0119 <strong>J. Kuronia<\/strong>, z\u0142o\u017cona p\u0142k. <strong>Lesiakowi<\/strong>.\u00a0 Wynikiem jej realizacji, by\u0142a umowa mi\u0119dzy komunistami z <span style=\"color: #ff0000;\">PZPR<\/span> a lewic\u0105 laick\u0105. Pomini\u0119to w niej, zgodnie z nazewnictwem innego &#8222;antykomunisty&#8221;, pochodzenia \u017cydowskiego, <strong>A. Michnika<\/strong>, tzw. ekstrem\u0119. Niestety obecna sytuacja jest pochodn\u0105 tego uk\u0142adu, kt\u00f3ry w 1990 r. storpedowa\u0142 ujawnienie agentury. Agentura liczy\u0142a wtedy oko\u0142o 2500 sztuk &#8222;trz\u00f3dki&#8221;, obecnie, poniewa\u017c ca\u0142y czas nast\u0119puje werbunek, mo\u017cna jej ilo\u015b\u0107 okre\u015bli\u0107 na liczb\u0119 dziesi\u0119ciokrotnie wi\u0119ksz\u0105! Wymie\u0144my te s\u0142u\u017cby, kt\u00f3re tak\u017ce moim zdaniem, nie zajmuj\u0105 si\u0119 dobrem podatnik\u00f3w, p\u0142ac\u0105cych na ich olbrzymie ga\u017ce, a zbieraniem hak\u00f3w, kt\u00f3re to haki jedynie s\u0105 argumentem do ustalania kto rz\u0105dzi i w jakim zakresie: <strong>CB\u015a<\/strong>, <strong>CBA<\/strong>, <strong>ABW<\/strong>, <strong>AW<\/strong>, <strong>SWW<\/strong>, <strong>SKW<\/strong> i <strong>PF<\/strong>. Bo dlaczego ich tyle dzia\u0142a, a efekty na zewn\u0105trz s\u0105 prawie zerowe? Ka\u017cda z nich ci\u0105gle werbuje agentur\u0119, nie ma bowiem innej mo\u017cliwo\u015bci.<\/p>\n<p style=\"text-align: justify;\">Wracaj\u0105c do uk\u0142adu (spisku) to obie strony okr\u0105g\u0142ego sto\u0142u zacz\u0119\u0142a obowi\u0105zywa\u0107 zasada: <em><span style=\"color: #ff0000;\"><strong>&#8222;My nie ruszamy Waszych, Wy nie ruszacie Naszych&#8221;<\/strong><\/span><\/em>. Bardzo dobrymi na to dowodami s\u0105 przypadki <strong>J. Oleksego<\/strong> czy <strong>B. Blidy<\/strong>.<\/p>\n<p style=\"text-align: justify;\"><strong><a href=\"http:\/\/grzegorzjaszczura.pl\/http:\/\/grzegorzjaszczura.pl\/wp-content\/uploads\/2013\/10\/201310182758.jpg\"><img loading=\"lazy\" decoding=\"async\" class=\"alignleft size-thumbnail wp-image-25448\" title=\"201310182758\" alt=\"\" src=\"http:\/\/grzegorzjaszczura.pl\/http:\/\/grzegorzjaszczura.pl\/wp-content\/uploads\/2013\/10\/201310182758-150x150.jpg\" width=\"150\" height=\"150\" \/><\/a>St. Michalkiewicz<\/strong> nazywa sytuacj\u0119 gospodarcz\u0105, kt\u00f3ra si\u0119 potem wytworzy\u0142a <a href=\"http:\/\/www.youtube.com\/watch?v=xvRwD61hqiQ\"><strong>kapitalizmem kompradorskim<\/strong><\/a>. Temu s\u0142u\u017cy\u0142y sp\u00f3\u0142ki nomenklaturowe, maj\u0105ce na celu monopolizowanie zaopatrzenia i monopolizowanie sprzeda\u017cy wyrob\u00f3w przedsi\u0119biorstw, a w konsekwencji nast\u0105pi\u0142o uw\u0142aszczenie komunist\u00f3w. W ko\u0144cu maj\u0105tek podobno wszystkich Polak\u00f3w trzeba by\u0142o przetransferowa\u0107 w r\u0119ce (kieszenie) jedynie s\u0142uszne. Osobi\u015bcie zgadzam si\u0119 z tym i odczuwam to, jako drobny przedsi\u0119biorca na ka\u017cdym kroku. Zreszt\u0105 <strong>D\u0105browa G\u00f3rnicza<\/strong> jest takim wzorcem z <strong>Sevres<\/strong> w zmianach po 1989 roku. Zach\u0119cam zreszt\u0105 przy okazji wszystkich do obejrzenia filmu <span style=\"color: #0000ff;\"><strong>&#8222;Uk\u0142ad zamkni\u0119ty&#8221;<\/strong><\/span>. To taka dygresja, ale dobrze wspieraj\u0105ca tez\u0119 wyk\u0142adu.<\/p>\n<p style=\"text-align: justify;\">Pan <strong>St. Michalkiewicz<\/strong> wspomnia\u0142 o realizacji projektu <em><strong>Mitteleuropa<\/strong><\/em>, projektu jeszcze z 1915 roku, kt\u00f3ry przewidywa\u0142 po ostatecznym zwyci\u0119stwie Niemiec utworzenie w\u0142a\u015bnie takich protektorat\u00f3w o niekonkurencyjnych gospodarkach. Co\u015b takiego, do czego szybkimi krokami, zmierza jak si\u0119 wydaje socjalistyczna, lewacka i niemiecka <span style=\"color: #ff0000;\"><strong>Unia Europejska<\/strong><\/span>! Jest oczywistym, \u017ce tak w\u0142a\u015bnie jest. Wg niekt\u00f3rych szacunk\u00f3w d\u0142ug publiczny wynosi 200% PKB, czyli dobre 3 biliony z\u0142otych. Kreatywna polityka p. <strong>V. Rostowskiego<\/strong> (dwojga obywatelstw) niestety przedstawia to inaczej.<\/p>\n<p style=\"text-align: justify;\">Ko\u0144cz\u0105c, pan <strong>St. Michalkiewicz<\/strong> postawi\u0142 tez\u0119, \u017ce o\u015brodki w\u0142adzy s\u0105 w s\u0142u\u017cbach, czyli kr\u00f3tko pisz\u0105c poza w\u0142adzami konstytucyjnymi.<\/p>\n<p style=\"text-align: justify;\"><a href=\"http:\/\/grzegorzjaszczura.pl\/http:\/\/grzegorzjaszczura.pl\/wp-content\/uploads\/2013\/10\/201310182759.jpg\"><img loading=\"lazy\" decoding=\"async\" class=\"alignleft size-thumbnail wp-image-25449\" title=\"201310182759\" alt=\"\" src=\"http:\/\/grzegorzjaszczura.pl\/http:\/\/grzegorzjaszczura.pl\/wp-content\/uploads\/2013\/10\/201310182759-150x150.jpg\" width=\"150\" height=\"150\" \/><\/a>Wiele ciekawych w\u0105tk\u00f3w zosta\u0142o poruszonych tak\u017ce w pytaniach, zadawanych zar\u00f3wno z sali, jak i przez s\u0142uchaczy radia <em>Niepoprawne radio PL<\/em> w drugiej cz\u0119\u015bci spotkania. <strong>St. Michalkiewicz<\/strong> przeprowadzi\u0142 krytyk\u0119 zbyt wysokich podatk\u00f3w, faszyzacji jak\u0105 wida\u0107 w <span style=\"color: #ff0000;\">Unii Europejskiej<\/span> i samej <span style=\"color: #ff0000;\">UE<\/span>, co akurat wielokrotnie podnosi\u0142em na blogu. Wszystkie odpowiedzi naszego mentora by\u0142y bardzo wyczerpuj\u0105ce, celne, wnikliwe i poparte przyk\u0142adami.<\/p>\n","protected":false},"excerpt":{"rendered":"<p>Kolejne ju\u017c spotkanie ze Stanis\u0142awem Michalkiewiczem w D\u0105browie G\u00f3rniczej odby\u0142o si\u0119 tym razem w klubie Villa Moda, przy ul. Ko\u015bciuszki 4 B (niedaleko resztek dworca kolejowego D\u0105browa G\u00f3rnicza Centrum). Organizatorami by\u0142 oddzia\u0142 d\u0105browski Nowej Prawicy Janusza Korwin-Mikke i klub Gazety Polskiej w D\u0105browie G\u00f3rniczej. Spotkanie by\u0142o bezpo\u015brednio transmitowane przez Niepoprawne radio PL z Warszawy<\/p>\n","protected":false},"author":2,"featured_media":0,"comment_status":"open","ping_status":"open","sticky":false,"template":"","format":"standard","meta":{"_monsterinsights_skip_tracking":false,"_monsterinsights_sitenote_active":false,"_monsterinsights_sitenote_note":"","_monsterinsights_sitenote_category":0,"footnotes":""},"categories":[3],"tags":[],"class_list":["post-25392","post","type-post","status-publish","format-standard","hentry","category-polityczne"],"_links":{"self":[{"href":"https:\/\/grzegorzjaszczura.pl\/index.php?rest_route=\/wp\/v2\/posts\/25392","targetHints":{"allow":["GET"]}}],"collection":[{"href":"https:\/\/grzegorzjaszczura.pl\/index.php?rest_route=\/wp\/v2\/posts"}],"about":[{"href":"https:\/\/grzegorzjaszczura.pl\/index.php?rest_route=\/wp\/v2\/types\/post"}],"author":[{"embeddable":true,"href":"https:\/\/grzegorzjaszczura.pl\/index.php?rest_route=\/wp\/v2\/users\/2"}],"replies":[{"embeddable":true,"href":"https:\/\/grzegorzjaszczura.pl\/index.php?rest_route=%2Fwp%2Fv2%2Fcomments&post=25392"}],"version-history":[{"count":69,"href":"https:\/\/grzegorzjaszczura.pl\/index.php?rest_route=\/wp\/v2\/posts\/25392\/revisions"}],"predecessor-version":[{"id":31392,"href":"https:\/\/grzegorzjaszczura.pl\/index.php?rest_route=\/wp\/v2\/posts\/25392\/revisions\/31392"}],"wp:attachment":[{"href":"https:\/\/grzegorzjaszczura.pl\/index.php?rest_route=%2Fwp%2Fv2%2Fmedia&parent=25392"}],"wp:term":[{"taxonomy":"category","embeddable":true,"href":"https:\/\/grzegorzjaszczura.pl\/index.php?rest_route=%2Fwp%2Fv2%2Fcategories&post=25392"},{"taxonomy":"post_tag","embeddable":true,"href":"https:\/\/grzegorzjaszczura.pl\/index.php?rest_route=%2Fwp%2Fv2%2Ftags&post=25392"}],"curies":[{"name":"wp","href":"https:\/\/api.w.org\/{rel}","templated":true}]}}