{"id":25398,"date":"2013-10-24T12:51:49","date_gmt":"2013-10-24T05:51:49","guid":{"rendered":"http:\/\/grzegorzjaszczura.pl\/?p=25398"},"modified":"2013-10-24T12:51:49","modified_gmt":"2013-10-24T05:51:49","slug":"strzemieszyce-powstancie-z-kolan-cz-1","status":"publish","type":"post","link":"https:\/\/grzegorzjaszczura.pl\/?p=25398","title":{"rendered":"Strzemieszyce powsta\u0144cie z kolan! cz.1"},"content":{"rendered":"<p style=\"text-align: justify;\"><a href=\"http:\/\/grzegorzjaszczura.pl\/http:\/\/grzegorzjaszczura.pl\/wp-content\/uploads\/2013\/10\/wjazd-2.jpg\"><img loading=\"lazy\" decoding=\"async\" class=\"alignleft size-thumbnail wp-image-25522\" title=\"wjazd-2\" src=\"http:\/\/grzegorzjaszczura.pl\/http:\/\/grzegorzjaszczura.pl\/wp-content\/uploads\/2013\/10\/wjazd-2-150x150.jpg\" alt=\"\" width=\"150\" height=\"150\" \/><\/a>Jako urodzony w <strong>Ma\u0142ych Strzemieszycach<\/strong> (ul. Kazd\u0119bie 9), przy\u0142\u0105czonych w 1973 roku do <strong>Strzemieszyc Wielkich<\/strong>, a w 1975 w ca\u0142o\u015bci zaanektowanych przez <strong>D\u0105brow\u0119 G\u00f3rnicz\u0105 <\/strong>zdecydowanie apeluj\u0119 i wzywam <span style=\"color: #0000ff;\"><strong>Strzemieszyczan<\/strong><\/span> do powstania z kolan i przeciwstawienia si\u0119 komunistycznej w\u0142adzy, kt\u00f3ra w\u0142a\u015bnie od lat siedemdziesi\u0105tych ubieg\u0142ego wieku niszczy lokalne \u015brodowisko (dawniej zielone i czyste)<!--more--> i &#8222;morduje&#8221; spo\u0142eczno\u015b\u0107 tej sporej miejscowo\u015bci. Degradacj\u0119 t\u0105 kontynuuje obecnie i to z bardzo pozytywnym efektem (w znaczeniu negatywnym oczywi\u015bcie) lewicowy prezydent miasta <strong>Zb. Podraza<\/strong> (<span style=\"color: #ff0000;\">PZPR<\/span>, <span style=\"color: #ff0000;\">SdRP<\/span>, <span style=\"color: #ff0000;\">LiD<\/span>, <span style=\"color: #ff0000;\">SLD<\/span>). W tym wypadku zdecydowanie mo\u017cna stwierdzi\u0107, \u017ce brak dzia\u0142a\u0144, czasami te\u017c jest dzia\u0142aniem (na szkod\u0119)!<\/p>\n<p style=\"text-align: justify;\">Wspomn\u0119, \u017ce pierwsze wzmianki o <strong>Strzemieszycach Ma\u0142ych<\/strong> si\u0119gaj\u0105 XIV wieku. O historii tych miejscowo\u015bci (Strzemieszyc Ma\u0142ych i Wielkich) szerzej przy okazji.<\/p>\n<p style=\"text-align: justify;\">Na blogu porusza\u0142em ju\u017c spraw\u0119 <a href=\"http:\/\/grzegorzjaszczura.pl\/?p=24325#more-24325\"><strong>katastrofalnej sytuacji<\/strong><\/a> wynik\u0142ej z u\u0142omnego przeprowadzania przez lewicowe w\u0142adze miasta uporz\u0105dkowania gospodarki wodno-\u015bciekowej czy sprawy zwi\u0105zane z bezpiecze\u0144stwem (albo<strong><a href=\"http:\/\/grzegorzjaszczura.pl\/?p=21629#more-21629\"> raczej jego brakiem<\/a><\/strong>!), a tak\u017ce mog\u0105 <strong>Drodzy Czytelnicy<\/strong> zapozna\u0107 si\u0119 z moim B-klasowym klubem pi\u0142karskim, tj. <strong><a href=\"http:\/\/grzegorzjaszczura.pl\/?p=4345#more-4345\">LZS Promieniem<\/a><\/strong> Strzemieszyce Ma\u0142e.<\/p>\n<p style=\"text-align: justify;\">Teraz o spotkaniu p. prezydenta <strong>Zb. Podrazy<\/strong> z mieszka\u0144cami Strzemieszyc, kt\u00f3re odby\u0142o si\u0119 21.10.2013 r. w Szkole Podstawowej przy ul. Ofiar Katynia.<\/p>\n<p style=\"text-align: justify;\"><strong><a href=\"http:\/\/grzegorzjaszczura.pl\/http:\/\/grzegorzjaszczura.pl\/wp-content\/uploads\/2013\/10\/201310212776.jpg\"><img loading=\"lazy\" decoding=\"async\" class=\"alignleft size-thumbnail wp-image-25498\" title=\"201310212776\" src=\"http:\/\/grzegorzjaszczura.pl\/http:\/\/grzegorzjaszczura.pl\/wp-content\/uploads\/2013\/10\/201310212776-150x150.jpg\" alt=\"\" width=\"150\" height=\"150\" \/><\/a>Tematami spotkania wg ulotki mieszka\u0144c\u00f3w mia\u0142y by\u0107 nast\u0119puj\u0105ce zagadnienia:<\/strong><\/p>\n<p style=\"text-align: justify;\">&#8211; prace wodno-kanalizacyjne<\/p>\n<p style=\"text-align: justify;\">&#8211; budowa kompostowni <strong>Remondis<\/strong>, w tym\u00a0 uchwa\u0142a intencyjna R.M.<\/p>\n<p style=\"text-align: justify;\">&#8211; zak\u0142ad zanieczyszczaj\u0105cy powietrze py\u0142em szklanym i kawa\u0142kami szk\u0142a <strong>DSS Recykling<\/strong>, w tym o otwartej rozprawie administracyjnej w zwi\u0105zku z post\u0119powaniem o wydanie decyzji o \u015brodowiskowych uwarunkowaniach i przegl\u0105dem ekologicznym<\/p>\n<p style=\"text-align: justify;\">&#8211; ruch tranzytowy ulicami Strzemieszyc, w tym zw\u0142aszcza TIR-\u00f3w<\/p>\n<p style=\"text-align: justify;\">&#8211; posterunek Policji<\/p>\n<p style=\"text-align: justify;\">&#8211; inwestycje \u015bmieciowe<\/p>\n<p style=\"text-align: justify;\">&#8211; inne problemy mieszka\u0144c\u00f3w Strzemieszyc.<\/p>\n<p style=\"text-align: justify;\"><em><a href=\"http:\/\/grzegorzjaszczura.pl\/http:\/\/grzegorzjaszczura.pl\/wp-content\/uploads\/2013\/10\/201310212785.jpg\"><img loading=\"lazy\" decoding=\"async\" class=\"alignleft size-thumbnail wp-image-25495\" title=\"201310212785\" src=\"http:\/\/grzegorzjaszczura.pl\/http:\/\/grzegorzjaszczura.pl\/wp-content\/uploads\/2013\/10\/201310212785-150x150.jpg\" alt=\"\" width=\"150\" height=\"150\" \/><\/a>Nota bene<\/em> przygotowani do spotkania urz\u0119dnicy byli pozytywnie nastawieni do w.w. temat\u00f3w i problem\u00f3w, i nawet wy\u015bwietlili harmonogram spotkania na tablicy. A nawet \u0142askawie zgodzili si\u0119 z sugesti\u0105 przedstawiciela mieszka\u0144c\u00f3w kol. <strong>K. Markowskiego<\/strong> na om\u00f3wienie najpierw sprawy <strong>Remondisu<\/strong> i <strong>DSS Recykling<\/strong>.<\/p>\n<p style=\"text-align: justify;\">Jeszcze apel<strong> Zgromadzenia Obywatelskiego Mieszka\u0144c\u00f3w Strzemieszyc<\/strong>, kt\u00f3ry strasznie mi si\u0119 podoba:<\/p>\n<p style=\"text-align: justify;\"><span style=\"color: #0000ff;\"><strong>&#8222;B\u0105d\u017amy czynnymi uczestnikami! Nie oklaskujmy Prezydenta, Radnych, \u017cadnych urz\u0119dnik\u00f3w! To dzi\u0119ki nim w Strzemieszycach jest tak \u017ale!&#8221;<\/strong><\/span><\/p>\n<p style=\"text-align: justify;\"><strong>BRAWO!<\/strong>, <strong>BRAWO!<\/strong>, <strong>BRAWO!<\/strong> &#8211;\u00a0 za te has\u0142a!<\/p>\n<p style=\"text-align: justify;\"><a href=\"http:\/\/grzegorzjaszczura.pl\/http:\/\/grzegorzjaszczura.pl\/wp-content\/uploads\/2013\/10\/201310212798.jpg\"><img loading=\"lazy\" decoding=\"async\" class=\"alignleft size-thumbnail wp-image-25557\" title=\"201310212798\" src=\"http:\/\/grzegorzjaszczura.pl\/http:\/\/grzegorzjaszczura.pl\/wp-content\/uploads\/2013\/10\/201310212798-150x150.jpg\" alt=\"\" width=\"150\" height=\"150\" \/><\/a><strong>Potraktuj\u0119 ten wpis jako wprowadzaj\u0105cy do tematu Strzemieszyc. O samym spotkaniu jutro w oddzielnym wpisie. Jak s\u0142usznie zauwa\u017ca\u0142 w odpowiedziach na zarzuty mieszka\u0144c\u00f3w p. prezydent Zb. Podraza, proces wyja\u015bniania nabrzmia\u0142ych problem\u00f3w potrwa d\u0142ugo, a mo\u017ce i d\u0142u\u017cej. Zgadzaj\u0105c si\u0119 z nim, mam nadziej\u0119, \u017ce jego wspomniane wy\u017cej dzia\u0142ania, mog\u0105 zosta\u0107 podsumowane w nast\u0119pnych wyborach samorz\u0105dowych poprzez skasowanie pana prezydenta i radnej z tego terenu p. H. Szaniawskiej z pe\u0142nionych funkcji. <span style=\"color: #0000ff;\">Oby tak si\u0119 sta\u0142o, dla dobra nie tylko Strzemieszyc!<\/span><\/strong><\/p>\n<p style=\"text-align: justify;\"><span style=\"color: #0000ff;\"><strong>Ps<\/strong><\/span> <strong>Wydaje si\u0119, \u017ce procedur\u0119 od\u0142\u0105czania Strzemieszyc od nieudolnie i niegospodarnie zarz\u0105dzanej D\u0105browy G\u00f3rniczej czas zacz\u0105\u0107!<\/strong><\/p>\n<p style=\"text-align: justify;\">\n","protected":false},"excerpt":{"rendered":"<p>Jako urodzony w Ma\u0142ych Strzemieszycach (ul. Kazd\u0119bie 9), przy\u0142\u0105czonych w 1973 roku do Strzemieszyc Wielkich, a w 1975 w ca\u0142o\u015bci zaanektowanych przez D\u0105brow\u0119 G\u00f3rnicz\u0105 zdecydowanie apeluj\u0119 i wzywam Strzemieszyczan do powstania z kolan i przeciwstawienia si\u0119 komunistycznej w\u0142adzy, kt\u00f3ra w\u0142a\u015bnie od lat siedemdziesi\u0105tych ubieg\u0142ego wieku niszczy lokalne \u015brodowisko (dawniej zielone i czyste)<\/p>\n","protected":false},"author":2,"featured_media":0,"comment_status":"open","ping_status":"open","sticky":false,"template":"","format":"standard","meta":{"_monsterinsights_skip_tracking":false,"_monsterinsights_sitenote_active":false,"_monsterinsights_sitenote_note":"","_monsterinsights_sitenote_category":0,"footnotes":""},"categories":[3],"tags":[],"class_list":["post-25398","post","type-post","status-publish","format-standard","hentry","category-polityczne"],"_links":{"self":[{"href":"https:\/\/grzegorzjaszczura.pl\/index.php?rest_route=\/wp\/v2\/posts\/25398","targetHints":{"allow":["GET"]}}],"collection":[{"href":"https:\/\/grzegorzjaszczura.pl\/index.php?rest_route=\/wp\/v2\/posts"}],"about":[{"href":"https:\/\/grzegorzjaszczura.pl\/index.php?rest_route=\/wp\/v2\/types\/post"}],"author":[{"embeddable":true,"href":"https:\/\/grzegorzjaszczura.pl\/index.php?rest_route=\/wp\/v2\/users\/2"}],"replies":[{"embeddable":true,"href":"https:\/\/grzegorzjaszczura.pl\/index.php?rest_route=%2Fwp%2Fv2%2Fcomments&post=25398"}],"version-history":[{"count":60,"href":"https:\/\/grzegorzjaszczura.pl\/index.php?rest_route=\/wp\/v2\/posts\/25398\/revisions"}],"predecessor-version":[{"id":25580,"href":"https:\/\/grzegorzjaszczura.pl\/index.php?rest_route=\/wp\/v2\/posts\/25398\/revisions\/25580"}],"wp:attachment":[{"href":"https:\/\/grzegorzjaszczura.pl\/index.php?rest_route=%2Fwp%2Fv2%2Fmedia&parent=25398"}],"wp:term":[{"taxonomy":"category","embeddable":true,"href":"https:\/\/grzegorzjaszczura.pl\/index.php?rest_route=%2Fwp%2Fv2%2Fcategories&post=25398"},{"taxonomy":"post_tag","embeddable":true,"href":"https:\/\/grzegorzjaszczura.pl\/index.php?rest_route=%2Fwp%2Fv2%2Ftags&post=25398"}],"curies":[{"name":"wp","href":"https:\/\/api.w.org\/{rel}","templated":true}]}}